{"id":10993,"date":"2022-11-09T16:38:35","date_gmt":"2022-11-09T15:38:35","guid":{"rendered":"http:\/\/minhdu.gov.cm\/?p=10993"},"modified":"2022-11-09T16:38:42","modified_gmt":"2022-11-09T15:38:42","slug":"cooperation-minhdu-onu-habitat-et-le-feicom-posent-les-bases-de-la-gestion-du-foncier-dans-les-operations-de-restructuration-des-quartiers-precaires-pour-la-finalisation-de-la-strategie-nation","status":"publish","type":"post","link":"https:\/\/www.minhdu.gov.cm\/cooperation-minhdu-onu-habitat-et-le-feicom-posent-les-bases-de-la-gestion-du-foncier-dans-les-operations-de-restructuration-des-quartiers-precaires-pour-la-finalisation-de-la-strategie-nation\/","title":{"rendered":"<em><strong>Coop\u00e9ration\u00a0: MINHDU, ONU-Habitat et le FEICOM posent les bases de la gestion du foncier dans les op\u00e9rations de restructuration des quartiers pr\u00e9caires pour la finalisation de la strat\u00e9gie nationale d\u2019am\u00e9lioration des bidonvilles au Cameroun<\/strong><\/em>"},"content":{"rendered":"\n<p><em>\u00ab\u00a0Je vous invite donc, au cours de vos \u00e9changes et r\u00e9flexions, \u00e0 rechercher et proposer des pistes de solutions pour mettre en place des m\u00e9canismes et des outils robustes d\u2019am\u00e9nagement foncier concert\u00e9, de copropri\u00e9t\u00e9, de r\u00e9installation des m\u00e9nages soumis au d\u00e9placement forc\u00e9, pour faciliter et favoriser l\u2019am\u00e9lioration et la pr\u00e9vention des bidonvilles, les autres am\u00e9nagements urbains y compris les conflits fonciers en milieu urbain\u00a0\u00bb.<\/em> Ainsi s\u2019exprimait le Secr\u00e9taire G\u00e9n\u00e9ral du Minist\u00e8re de l\u2019Habitat et du D\u00e9veloppement Urbain, repr\u00e9sentant Madame le Ministre, le 27 octobre 2022, lors de la c\u00e9r\u00e9monie de l\u2019ouverture de <strong>l\u2019atelier national sur la gestion du foncier dans les op\u00e9rations de restructuration des quartiers pr\u00e9caires.<\/strong><\/p>\n\n\n\n<p>Co-organis\u00e9s par le MINHDU, ONU-Habitat et le FEICOM, l\u2019atelier avait pour objectif de d\u00e9gager des perspectives de r\u00e9formes fonci\u00e8res permettant une gestion efficace des op\u00e9rations de restructuration urbaine et d\u2019am\u00e9nagement concert\u00e9 au Cameroun.<\/p>\n\n\n\n<p>A cet effet, il faut rappeler que le Cameroun collabore avec le Syst\u00e8me des Nations Unies depuis 2004 \u00e0 sortir les quartiers pr\u00e9caires de l\u2019extr\u00eame pauvret\u00e9 \u00e0 travers le Programme Participatif d\u2019Am\u00e9lioration des Bidonvilles (PPAB), une initiative du Secr\u00e9tariat des Pays ACP, financ\u00e9 par la Commission de l\u2019Union Europ\u00e9enne et mise en \u0153uvre par ONU-Habitat dans une quarantaine de pays. L\u2019objectif poursuivi par le PPAB est d\u2019amener les Etats \u00e0 \u00e9laborer des politiques de pr\u00e9vention de l\u2019apparition des quartiers \u00e0 habitat spontan\u00e9 par l\u2019implication des populations et des institutions publiques et priv\u00e9s nationales dans la planification urbaine.<\/p>\n\n\n\n<p>Apr\u00e8s plusieurs ann\u00e9es de mise en \u0153uvre reconnue comme exemplaire en Afrique, le Cameroun s\u2019est appropri\u00e9 les outils et les m\u00e9thodes promus au niveau international afin de doter ses capitales r\u00e9gionales de strat\u00e9gies d\u2019am\u00e9lioration de certains quartiers pr\u00e9caires en 2019. Plus encore, le Gouvernement a formul\u00e9 en 2019 une <em>Strat\u00e9gie Nationale d\u2019am\u00e9lioration des bidonvilles<\/em> afin d\u2019\u00e9tendre cette initiative sur l\u2019ensemble du territoire. Toutefois, l\u2019un des d\u00e9fis que doit encore relever cette strat\u00e9gie pour une mise en \u0153uvre effective est celui d\u2019une gestion concert\u00e9e du foncier. Elle est en effet une source importante de conflits entre les diff\u00e9rents intervenants de l\u2019am\u00e9nagement concert\u00e9 (collectivit\u00e9s locales, autorit\u00e9s administratives et traditionnelles, populations, investisseurs etc.).<\/p>\n\n\n\n<p>Aussi, la rencontre du 27 octobre 2022 \u00e0 Yaound\u00e9 a-t-elle rassembl\u00e9 une cinquantaine de participants repr\u00e9sentant les services centraux et les services d\u00e9concentr\u00e9s des d\u00e9partements en charge de l\u2019Habitat, du foncier, de la d\u00e9centralisation, de l\u2019am\u00e9nagement du territoire, du d\u00e9veloppement rural, de l\u2019eau et de l\u2019\u00e9nergie, de la recherche scientifique (MINDCAF, MINDDVEL, MINEPAT, MINHDU, MINADER, MINEE, MINRESI), des entreprises et \u00e9tablissements publics (MAETUR, FEICOM, SIC, MAGZI, INC, MIPROMALO), des Collectivit\u00e9s Territoriales et leurs associations (CVUC, Communaut\u00e9s urbaines de Bamenda, Douala et Bafoussam, Conseil R\u00e9gional du Centre, Communes d\u2019Arrondissement de Yaound\u00e9 6, Kribi 2, Bamenda 3), des Ordres professionnels nationaux ou organisations (OBEC, ONUC, ONIGC, notaire), des universitaires (Universit\u00e9 de Yaound\u00e9 1 ), du Secteur priv\u00e9 ( La R\u00e9gionale Banque, Afriland First Bank).<\/p>\n\n\n\n<p>Au cours des travaux, il s\u2019est agi de pr\u00e9senter les exp\u00e9riences de gestion et r\u00e9gularisation fonci\u00e8re dans les op\u00e9rations de restructuration et d\u2019am\u00e9nagements concert\u00e9s au Cameroun et d\u2019ailleurs. De m\u00eame, il a d\u00e9battu des approches de gestion et d\u2019administration fonci\u00e8re susceptibles de prendre en compte tous les modes de production, d\u2019\u00e9changes, de reconnaissance de \u00ab\u00a0titres\u00a0\u00bb de propri\u00e9t\u00e9, en vue d\u2019une meilleure s\u00e9curisation fonci\u00e8re, notamment les conditions de mise en place du Registre Foncier Urbain (RFU) au Cameroun.<\/p>\n\n\n\n<p>Au terme des \u00e9changes, pr\u00e8s d\u2019une quarantaine de recommandations ont \u00e9t\u00e9 formul\u00e9es \u00e0 l\u2019endroit de l\u2019Etat, des collectivit\u00e9s territoriales et du secteur priv\u00e9 notamment\u00a0:<\/p>\n\n\n\n<ul class=\"wp-block-list\">\n<li>R\u00e9viser les textes sur l\u2019expropriation pour cause de l\u2019utilit\u00e9 publique en prenant en compte la valeur \u00e9conomique des biens et les normes internationales sur la protection des droits \u00e9conomiques et sociaux&nbsp;;<\/li>\n\n\n\n<li>D\u00e9velopper la fiscalit\u00e9 fonci\u00e8re afin d\u2019en faire le principal outil de financement de l\u2019am\u00e9nagement urbain&nbsp;;<\/li>\n<\/ul>\n\n\n\n<ul class=\"wp-block-list\">\n<li>Encourager l\u2019utilisation d\u2019outils fonciers et de solutions d\u2019administration des terres adapt\u00e9s aux objectifs et permettre l\u2019am\u00e9lioration progressive de la s\u00e9curit\u00e9 des r\u00e9gimes fonciers pour les citadins pauvres&nbsp;;<\/li>\n\n\n\n<li>Renforcer les capacit\u00e9s op\u00e9rationnelles des collectivit\u00e9s territoriales d\u00e9centralis\u00e9es \u00e0 l\u2019identification et la conduite des op\u00e9rations d\u2019am\u00e9nagement concert\u00e9 qui devront d\u00e9sormais \u00eatre adopt\u00e9es comme principal outil de gestion des extensions urbaines&nbsp;;<\/li>\n\n\n\n<li>R\u00e9viser la loi sur les d\u00e9clarations d\u2019utilit\u00e9 publique en incluant des dispositions particuli\u00e8res favorables aux op\u00e9rations d\u2019am\u00e9nagement concert\u00e9&nbsp;;<\/li>\n\n\n\n<li>Etc.<\/li>\n<\/ul>\n<span class=\"et_bloom_bottom_trigger\"><\/span>","protected":false},"excerpt":{"rendered":"<p>\u00ab\u00a0Je vous invite donc, au cours de vos \u00e9changes et r\u00e9flexions, \u00e0 rechercher et proposer des pistes de solutions pour mettre en place des m\u00e9canismes et des outils robustes d\u2019am\u00e9nagement [&hellip;]<\/p>\n","protected":false},"author":2,"featured_media":10994,"comment_status":"open","ping_status":"open","sticky":false,"template":"","format":"standard","meta":{"_et_pb_use_builder":"off","_et_pb_old_content":"","_et_gb_content_width":"","_EventAllDay":false,"_EventTimezone":"","_EventStartDate":"","_EventEndDate":"","_EventStartDateUTC":"","_EventEndDateUTC":"","_EventShowMap":false,"_EventShowMapLink":false,"_EventURL":"","_EventCost":"","_EventCostDescription":"","_EventCurrencySymbol":"","_EventCurrencyCode":"","_EventCurrencyPosition":"","_EventDateTimeSeparator":"","_EventTimeRangeSeparator":"","_EventOrganizerID":[],"_EventVenueID":0,"_OrganizerEmail":"","_OrganizerPhone":"","_OrganizerWebsite":"","_VenueAddress":"","_VenueCity":"","_VenueCountry":"","_VenueProvince":"","_VenueZip":"","_VenuePhone":"","_VenueURL":"","_VenueStateProvince":"","_VenueLat":"","_VenueLng":"","footnotes":""},"categories":[42],"tags":[],"post_folder":[],"class_list":["post-10993","post","type-post","status-publish","format-standard","has-post-thumbnail","hentry","category-recent-news"],"yoast_head":"<!-- This site is optimized with the Yoast SEO plugin v19.13 - https:\/\/yoast.com\/wordpress\/plugins\/seo\/ -->\n<title>Coop\u00e9ration\u00a0: MINHDU, ONU-Habitat et le FEICOM posent les bases de la gestion du foncier dans les op\u00e9rations de restructuration des quartiers pr\u00e9caires pour la finalisation de la strat\u00e9gie nationale d\u2019am\u00e9lioration des bidonvilles au Cameroun<\/title>\n<meta name=\"description\" content=\"\u00ab\u00a0Je vous invite donc, au cours de vos \u00e9changes et r\u00e9flexions, \u00e0 rechercher et proposer des pistes de solutions pour mettre en place des m\u00e9canismes et des outils robustes d\u2019am\u00e9nagement foncier concert\u00e9, de copropri\u00e9t\u00e9, de r\u00e9installation des m\u00e9nages soumis au d\u00e9placement forc\u00e9, pour faciliter et favoriser l\u2019am\u00e9lioration et la pr\u00e9vention des bidonvilles, les autres am\u00e9nagements&hellip;\" \/>\n<meta name=\"robots\" content=\"index, follow, max-snippet:-1, max-image-preview:large, max-video-preview:-1\" \/>\n<link rel=\"canonical\" href=\"https:\/\/www.minhdu.gov.cm\/cooperation-minhdu-onu-habitat-et-le-feicom-posent-les-bases-de-la-gestion-du-foncier-dans-les-operations-de-restructuration-des-quartiers-precaires-pour-la-finalisation-de-la-strategie-nation\/\" \/>\n<meta property=\"og:locale\" content=\"en_US\" \/>\n<meta property=\"og:type\" content=\"article\" \/>\n<meta property=\"og:title\" content=\"Coop\u00e9ration\u00a0: MINHDU, ONU-Habitat et le FEICOM posent les bases de la gestion du foncier dans les op\u00e9rations de restructuration des quartiers pr\u00e9caires pour la finalisation de la strat\u00e9gie nationale d\u2019am\u00e9lioration des bidonvilles au Cameroun\" \/>\n<meta property=\"og:description\" content=\"\u00ab\u00a0Je vous invite donc, au cours de vos \u00e9changes et r\u00e9flexions, \u00e0 rechercher et proposer des pistes de solutions pour mettre en place des m\u00e9canismes et des outils robustes d\u2019am\u00e9nagement foncier concert\u00e9, de copropri\u00e9t\u00e9, de r\u00e9installation des m\u00e9nages soumis au d\u00e9placement forc\u00e9, pour faciliter et favoriser l\u2019am\u00e9lioration et la pr\u00e9vention des bidonvilles, les autres am\u00e9nagements&hellip;\" \/>\n<meta property=\"og:url\" content=\"https:\/\/www.minhdu.gov.cm\/cooperation-minhdu-onu-habitat-et-le-feicom-posent-les-bases-de-la-gestion-du-foncier-dans-les-operations-de-restructuration-des-quartiers-precaires-pour-la-finalisation-de-la-strategie-nation\/\" \/>\n<meta property=\"og:site_name\" content=\"MINHDU\" \/>\n<meta property=\"article:publisher\" content=\"https:\/\/www.facebook.com\/cameroun.minhdu\/\" \/>\n<meta property=\"article:published_time\" content=\"2022-11-09T15:38:35+00:00\" \/>\n<meta property=\"article:modified_time\" content=\"2022-11-09T15:38:42+00:00\" \/>\n<meta property=\"og:image\" content=\"https:\/\/www.minhdu.gov.cm\/wp-content\/uploads\/2022\/11\/Image091122.jpeg\" \/>\n\t<meta property=\"og:image:width\" content=\"1080\" \/>\n\t<meta property=\"og:image:height\" content=\"518\" \/>\n\t<meta property=\"og:image:type\" content=\"image\/jpeg\" \/>\n<meta name=\"author\" content=\"Emmanuel OMBANG ENDONG\" \/>\n<meta name=\"twitter:card\" content=\"summary_large_image\" \/>\n<meta name=\"twitter:creator\" content=\"@cameroun_minhdu\" \/>\n<meta name=\"twitter:site\" content=\"@cameroun_minhdu\" \/>\n<meta name=\"twitter:label1\" content=\"Written by\" \/>\n\t<meta name=\"twitter:data1\" content=\"Emmanuel OMBANG ENDONG\" \/>\n\t<meta name=\"twitter:label2\" content=\"Est. reading time\" \/>\n\t<meta name=\"twitter:data2\" content=\"4 minutes\" \/>\n<script type=\"application\/ld+json\" class=\"yoast-schema-graph\">{\"@context\":\"https:\/\/schema.org\",\"@graph\":[{\"@type\":\"Article\",\"@id\":\"https:\/\/www.minhdu.gov.cm\/cooperation-minhdu-onu-habitat-et-le-feicom-posent-les-bases-de-la-gestion-du-foncier-dans-les-operations-de-restructuration-des-quartiers-precaires-pour-la-finalisation-de-la-strategie-nation\/#article\",\"isPartOf\":{\"@id\":\"https:\/\/www.minhdu.gov.cm\/cooperation-minhdu-onu-habitat-et-le-feicom-posent-les-bases-de-la-gestion-du-foncier-dans-les-operations-de-restructuration-des-quartiers-precaires-pour-la-finalisation-de-la-strategie-nation\/\"},\"author\":{\"name\":\"Emmanuel OMBANG ENDONG\",\"@id\":\"https:\/\/www.minhdu.gov.cm\/#\/schema\/person\/cf95f7bdff2edf1cc967c620f5ef8d3c\"},\"headline\":\"Coop\u00e9ration\u00a0: MINHDU, ONU-Habitat et le FEICOM posent les bases de la gestion du foncier dans les op\u00e9rations de restructuration des quartiers pr\u00e9caires pour la finalisation de la strat\u00e9gie nationale d\u2019am\u00e9lioration des bidonvilles au Cameroun\",\"datePublished\":\"2022-11-09T15:38:35+00:00\",\"dateModified\":\"2022-11-09T15:38:42+00:00\",\"mainEntityOfPage\":{\"@id\":\"https:\/\/www.minhdu.gov.cm\/cooperation-minhdu-onu-habitat-et-le-feicom-posent-les-bases-de-la-gestion-du-foncier-dans-les-operations-de-restructuration-des-quartiers-precaires-pour-la-finalisation-de-la-strategie-nation\/\"},\"wordCount\":864,\"commentCount\":0,\"publisher\":{\"@id\":\"https:\/\/www.minhdu.gov.cm\/#organization\"},\"articleSection\":[\"Recent News\"],\"inLanguage\":\"en-US\",\"potentialAction\":[{\"@type\":\"CommentAction\",\"name\":\"Comment\",\"target\":[\"https:\/\/www.minhdu.gov.cm\/cooperation-minhdu-onu-habitat-et-le-feicom-posent-les-bases-de-la-gestion-du-foncier-dans-les-operations-de-restructuration-des-quartiers-precaires-pour-la-finalisation-de-la-strategie-nation\/#respond\"]}]},{\"@type\":\"WebPage\",\"@id\":\"https:\/\/www.minhdu.gov.cm\/cooperation-minhdu-onu-habitat-et-le-feicom-posent-les-bases-de-la-gestion-du-foncier-dans-les-operations-de-restructuration-des-quartiers-precaires-pour-la-finalisation-de-la-strategie-nation\/\",\"url\":\"https:\/\/www.minhdu.gov.cm\/cooperation-minhdu-onu-habitat-et-le-feicom-posent-les-bases-de-la-gestion-du-foncier-dans-les-operations-de-restructuration-des-quartiers-precaires-pour-la-finalisation-de-la-strategie-nation\/\",\"name\":\"Coop\u00e9ration\u00a0: MINHDU, ONU-Habitat et le FEICOM posent les bases de la gestion du foncier dans les op\u00e9rations de restructuration des quartiers pr\u00e9caires pour la finalisation de la strat\u00e9gie nationale d\u2019am\u00e9lioration des bidonvilles au Cameroun - MINHDU\",\"isPartOf\":{\"@id\":\"https:\/\/www.minhdu.gov.cm\/#website\"},\"datePublished\":\"2022-11-09T15:38:35+00:00\",\"dateModified\":\"2022-11-09T15:38:42+00:00\",\"breadcrumb\":{\"@id\":\"https:\/\/www.minhdu.gov.cm\/cooperation-minhdu-onu-habitat-et-le-feicom-posent-les-bases-de-la-gestion-du-foncier-dans-les-operations-de-restructuration-des-quartiers-precaires-pour-la-finalisation-de-la-strategie-nation\/#breadcrumb\"},\"inLanguage\":\"en-US\",\"potentialAction\":[{\"@type\":\"ReadAction\",\"target\":[\"https:\/\/www.minhdu.gov.cm\/cooperation-minhdu-onu-habitat-et-le-feicom-posent-les-bases-de-la-gestion-du-foncier-dans-les-operations-de-restructuration-des-quartiers-precaires-pour-la-finalisation-de-la-strategie-nation\/\"]}]},{\"@type\":\"BreadcrumbList\",\"@id\":\"https:\/\/www.minhdu.gov.cm\/cooperation-minhdu-onu-habitat-et-le-feicom-posent-les-bases-de-la-gestion-du-foncier-dans-les-operations-de-restructuration-des-quartiers-precaires-pour-la-finalisation-de-la-strategie-nation\/#breadcrumb\",\"itemListElement\":[{\"@type\":\"ListItem\",\"position\":1,\"name\":\"Home\",\"item\":\"https:\/\/www.minhdu.gov.cm\/\"},{\"@type\":\"ListItem\",\"position\":2,\"name\":\"Coop\u00e9ration\u00a0: MINHDU, ONU-Habitat et le FEICOM posent les bases de la gestion du foncier dans les op\u00e9rations de restructuration des quartiers pr\u00e9caires pour la finalisation de la strat\u00e9gie nationale d\u2019am\u00e9lioration des bidonvilles au Cameroun\"}]},{\"@type\":\"WebSite\",\"@id\":\"https:\/\/www.minhdu.gov.cm\/#website\",\"url\":\"https:\/\/www.minhdu.gov.cm\/\",\"name\":\"MINHDU\",\"description\":\"\",\"publisher\":{\"@id\":\"https:\/\/www.minhdu.gov.cm\/#organization\"},\"potentialAction\":[{\"@type\":\"SearchAction\",\"target\":{\"@type\":\"EntryPoint\",\"urlTemplate\":\"https:\/\/www.minhdu.gov.cm\/?s={search_term_string}\"},\"query-input\":\"required name=search_term_string\"}],\"inLanguage\":\"en-US\"},{\"@type\":\"Organization\",\"@id\":\"https:\/\/www.minhdu.gov.cm\/#organization\",\"name\":\"MINHDU\",\"url\":\"https:\/\/www.minhdu.gov.cm\/\",\"logo\":{\"@type\":\"ImageObject\",\"inLanguage\":\"en-US\",\"@id\":\"https:\/\/www.minhdu.gov.cm\/#\/schema\/logo\/image\/\",\"url\":\"https:\/\/www.minhdu.gov.cm\/wp-content\/uploads\/2022\/06\/minhdu2.png\",\"contentUrl\":\"https:\/\/www.minhdu.gov.cm\/wp-content\/uploads\/2022\/06\/minhdu2.png\",\"width\":250,\"height\":250,\"caption\":\"MINHDU\"},\"image\":{\"@id\":\"https:\/\/www.minhdu.gov.cm\/#\/schema\/logo\/image\/\"},\"sameAs\":[\"https:\/\/www.facebook.com\/cameroun.minhdu\/\",\"https:\/\/twitter.com\/cameroun_minhdu\"]},{\"@type\":\"Person\",\"@id\":\"https:\/\/www.minhdu.gov.cm\/#\/schema\/person\/cf95f7bdff2edf1cc967c620f5ef8d3c\",\"name\":\"Emmanuel OMBANG ENDONG\",\"image\":{\"@type\":\"ImageObject\",\"inLanguage\":\"en-US\",\"@id\":\"https:\/\/www.minhdu.gov.cm\/#\/schema\/person\/image\/\",\"url\":\"https:\/\/secure.gravatar.com\/avatar\/fa068d5c960df4bc0a9f57ab6fba80f76b485bf8ee16609f1a2c512155386489?s=96&d=mm&r=g\",\"contentUrl\":\"https:\/\/secure.gravatar.com\/avatar\/fa068d5c960df4bc0a9f57ab6fba80f76b485bf8ee16609f1a2c512155386489?s=96&d=mm&r=g\",\"caption\":\"Emmanuel OMBANG ENDONG\"},\"url\":\"https:\/\/www.minhdu.gov.cm\/author\/emmanuel\/\"}]}<\/script>\n<!-- \/ Yoast SEO plugin. -->","yoast_head_json":{"title":"Coop\u00e9ration\u00a0: MINHDU, ONU-Habitat et le FEICOM posent les bases de la gestion du foncier dans les op\u00e9rations de restructuration des quartiers pr\u00e9caires pour la finalisation de la strat\u00e9gie nationale d\u2019am\u00e9lioration des bidonvilles au Cameroun","description":"\u00ab\u00a0Je vous invite donc, au cours de vos \u00e9changes et r\u00e9flexions, \u00e0 rechercher et proposer des pistes de solutions pour mettre en place des m\u00e9canismes et des outils robustes d\u2019am\u00e9nagement foncier concert\u00e9, de copropri\u00e9t\u00e9, de r\u00e9installation des m\u00e9nages soumis au d\u00e9placement forc\u00e9, pour faciliter et favoriser l\u2019am\u00e9lioration et la pr\u00e9vention des bidonvilles, les autres am\u00e9nagements&hellip;","robots":{"index":"index","follow":"follow","max-snippet":"max-snippet:-1","max-image-preview":"max-image-preview:large","max-video-preview":"max-video-preview:-1"},"canonical":"https:\/\/www.minhdu.gov.cm\/cooperation-minhdu-onu-habitat-et-le-feicom-posent-les-bases-de-la-gestion-du-foncier-dans-les-operations-de-restructuration-des-quartiers-precaires-pour-la-finalisation-de-la-strategie-nation\/","og_locale":"en_US","og_type":"article","og_title":"Coop\u00e9ration\u00a0: MINHDU, ONU-Habitat et le FEICOM posent les bases de la gestion du foncier dans les op\u00e9rations de restructuration des quartiers pr\u00e9caires pour la finalisation de la strat\u00e9gie nationale d\u2019am\u00e9lioration des bidonvilles au Cameroun","og_description":"\u00ab\u00a0Je vous invite donc, au cours de vos \u00e9changes et r\u00e9flexions, \u00e0 rechercher et proposer des pistes de solutions pour mettre en place des m\u00e9canismes et des outils robustes d\u2019am\u00e9nagement foncier concert\u00e9, de copropri\u00e9t\u00e9, de r\u00e9installation des m\u00e9nages soumis au d\u00e9placement forc\u00e9, pour faciliter et favoriser l\u2019am\u00e9lioration et la pr\u00e9vention des bidonvilles, les autres am\u00e9nagements&hellip;","og_url":"https:\/\/www.minhdu.gov.cm\/cooperation-minhdu-onu-habitat-et-le-feicom-posent-les-bases-de-la-gestion-du-foncier-dans-les-operations-de-restructuration-des-quartiers-precaires-pour-la-finalisation-de-la-strategie-nation\/","og_site_name":"MINHDU","article_publisher":"https:\/\/www.facebook.com\/cameroun.minhdu\/","article_published_time":"2022-11-09T15:38:35+00:00","article_modified_time":"2022-11-09T15:38:42+00:00","og_image":[{"width":1080,"height":518,"url":"https:\/\/www.minhdu.gov.cm\/wp-content\/uploads\/2022\/11\/Image091122.jpeg","type":"image\/jpeg"}],"author":"Emmanuel OMBANG ENDONG","twitter_card":"summary_large_image","twitter_creator":"@cameroun_minhdu","twitter_site":"@cameroun_minhdu","twitter_misc":{"Written by":"Emmanuel OMBANG ENDONG","Est. reading time":"4 minutes"},"schema":{"@context":"https:\/\/schema.org","@graph":[{"@type":"Article","@id":"https:\/\/www.minhdu.gov.cm\/cooperation-minhdu-onu-habitat-et-le-feicom-posent-les-bases-de-la-gestion-du-foncier-dans-les-operations-de-restructuration-des-quartiers-precaires-pour-la-finalisation-de-la-strategie-nation\/#article","isPartOf":{"@id":"https:\/\/www.minhdu.gov.cm\/cooperation-minhdu-onu-habitat-et-le-feicom-posent-les-bases-de-la-gestion-du-foncier-dans-les-operations-de-restructuration-des-quartiers-precaires-pour-la-finalisation-de-la-strategie-nation\/"},"author":{"name":"Emmanuel OMBANG ENDONG","@id":"https:\/\/www.minhdu.gov.cm\/#\/schema\/person\/cf95f7bdff2edf1cc967c620f5ef8d3c"},"headline":"Coop\u00e9ration\u00a0: MINHDU, ONU-Habitat et le FEICOM posent les bases de la gestion du foncier dans les op\u00e9rations de restructuration des quartiers pr\u00e9caires pour la finalisation de la strat\u00e9gie nationale d\u2019am\u00e9lioration des bidonvilles au Cameroun","datePublished":"2022-11-09T15:38:35+00:00","dateModified":"2022-11-09T15:38:42+00:00","mainEntityOfPage":{"@id":"https:\/\/www.minhdu.gov.cm\/cooperation-minhdu-onu-habitat-et-le-feicom-posent-les-bases-de-la-gestion-du-foncier-dans-les-operations-de-restructuration-des-quartiers-precaires-pour-la-finalisation-de-la-strategie-nation\/"},"wordCount":864,"commentCount":0,"publisher":{"@id":"https:\/\/www.minhdu.gov.cm\/#organization"},"articleSection":["Recent News"],"inLanguage":"en-US","potentialAction":[{"@type":"CommentAction","name":"Comment","target":["https:\/\/www.minhdu.gov.cm\/cooperation-minhdu-onu-habitat-et-le-feicom-posent-les-bases-de-la-gestion-du-foncier-dans-les-operations-de-restructuration-des-quartiers-precaires-pour-la-finalisation-de-la-strategie-nation\/#respond"]}]},{"@type":"WebPage","@id":"https:\/\/www.minhdu.gov.cm\/cooperation-minhdu-onu-habitat-et-le-feicom-posent-les-bases-de-la-gestion-du-foncier-dans-les-operations-de-restructuration-des-quartiers-precaires-pour-la-finalisation-de-la-strategie-nation\/","url":"https:\/\/www.minhdu.gov.cm\/cooperation-minhdu-onu-habitat-et-le-feicom-posent-les-bases-de-la-gestion-du-foncier-dans-les-operations-de-restructuration-des-quartiers-precaires-pour-la-finalisation-de-la-strategie-nation\/","name":"Coop\u00e9ration\u00a0: MINHDU, ONU-Habitat et le FEICOM posent les bases de la gestion du foncier dans les op\u00e9rations de restructuration des quartiers pr\u00e9caires pour la finalisation de la strat\u00e9gie nationale d\u2019am\u00e9lioration des bidonvilles au Cameroun - MINHDU","isPartOf":{"@id":"https:\/\/www.minhdu.gov.cm\/#website"},"datePublished":"2022-11-09T15:38:35+00:00","dateModified":"2022-11-09T15:38:42+00:00","breadcrumb":{"@id":"https:\/\/www.minhdu.gov.cm\/cooperation-minhdu-onu-habitat-et-le-feicom-posent-les-bases-de-la-gestion-du-foncier-dans-les-operations-de-restructuration-des-quartiers-precaires-pour-la-finalisation-de-la-strategie-nation\/#breadcrumb"},"inLanguage":"en-US","potentialAction":[{"@type":"ReadAction","target":["https:\/\/www.minhdu.gov.cm\/cooperation-minhdu-onu-habitat-et-le-feicom-posent-les-bases-de-la-gestion-du-foncier-dans-les-operations-de-restructuration-des-quartiers-precaires-pour-la-finalisation-de-la-strategie-nation\/"]}]},{"@type":"BreadcrumbList","@id":"https:\/\/www.minhdu.gov.cm\/cooperation-minhdu-onu-habitat-et-le-feicom-posent-les-bases-de-la-gestion-du-foncier-dans-les-operations-de-restructuration-des-quartiers-precaires-pour-la-finalisation-de-la-strategie-nation\/#breadcrumb","itemListElement":[{"@type":"ListItem","position":1,"name":"Home","item":"https:\/\/www.minhdu.gov.cm\/"},{"@type":"ListItem","position":2,"name":"Coop\u00e9ration\u00a0: MINHDU, ONU-Habitat et le FEICOM posent les bases de la gestion du foncier dans les op\u00e9rations de restructuration des quartiers pr\u00e9caires pour la finalisation de la strat\u00e9gie nationale d\u2019am\u00e9lioration des bidonvilles au Cameroun"}]},{"@type":"WebSite","@id":"https:\/\/www.minhdu.gov.cm\/#website","url":"https:\/\/www.minhdu.gov.cm\/","name":"MINHDU","description":"","publisher":{"@id":"https:\/\/www.minhdu.gov.cm\/#organization"},"potentialAction":[{"@type":"SearchAction","target":{"@type":"EntryPoint","urlTemplate":"https:\/\/www.minhdu.gov.cm\/?s={search_term_string}"},"query-input":"required name=search_term_string"}],"inLanguage":"en-US"},{"@type":"Organization","@id":"https:\/\/www.minhdu.gov.cm\/#organization","name":"MINHDU","url":"https:\/\/www.minhdu.gov.cm\/","logo":{"@type":"ImageObject","inLanguage":"en-US","@id":"https:\/\/www.minhdu.gov.cm\/#\/schema\/logo\/image\/","url":"https:\/\/www.minhdu.gov.cm\/wp-content\/uploads\/2022\/06\/minhdu2.png","contentUrl":"https:\/\/www.minhdu.gov.cm\/wp-content\/uploads\/2022\/06\/minhdu2.png","width":250,"height":250,"caption":"MINHDU"},"image":{"@id":"https:\/\/www.minhdu.gov.cm\/#\/schema\/logo\/image\/"},"sameAs":["https:\/\/www.facebook.com\/cameroun.minhdu\/","https:\/\/twitter.com\/cameroun_minhdu"]},{"@type":"Person","@id":"https:\/\/www.minhdu.gov.cm\/#\/schema\/person\/cf95f7bdff2edf1cc967c620f5ef8d3c","name":"Emmanuel OMBANG ENDONG","image":{"@type":"ImageObject","inLanguage":"en-US","@id":"https:\/\/www.minhdu.gov.cm\/#\/schema\/person\/image\/","url":"https:\/\/secure.gravatar.com\/avatar\/fa068d5c960df4bc0a9f57ab6fba80f76b485bf8ee16609f1a2c512155386489?s=96&d=mm&r=g","contentUrl":"https:\/\/secure.gravatar.com\/avatar\/fa068d5c960df4bc0a9f57ab6fba80f76b485bf8ee16609f1a2c512155386489?s=96&d=mm&r=g","caption":"Emmanuel OMBANG ENDONG"},"url":"https:\/\/www.minhdu.gov.cm\/author\/emmanuel\/"}]}},"_links":{"self":[{"href":"https:\/\/www.minhdu.gov.cm\/wp-json\/wp\/v2\/posts\/10993","targetHints":{"allow":["GET"]}}],"collection":[{"href":"https:\/\/www.minhdu.gov.cm\/wp-json\/wp\/v2\/posts"}],"about":[{"href":"https:\/\/www.minhdu.gov.cm\/wp-json\/wp\/v2\/types\/post"}],"author":[{"embeddable":true,"href":"https:\/\/www.minhdu.gov.cm\/wp-json\/wp\/v2\/users\/2"}],"replies":[{"embeddable":true,"href":"https:\/\/www.minhdu.gov.cm\/wp-json\/wp\/v2\/comments?post=10993"}],"version-history":[{"count":2,"href":"https:\/\/www.minhdu.gov.cm\/wp-json\/wp\/v2\/posts\/10993\/revisions"}],"predecessor-version":[{"id":11066,"href":"https:\/\/www.minhdu.gov.cm\/wp-json\/wp\/v2\/posts\/10993\/revisions\/11066"}],"wp:featuredmedia":[{"embeddable":true,"href":"https:\/\/www.minhdu.gov.cm\/wp-json\/wp\/v2\/media\/10994"}],"wp:attachment":[{"href":"https:\/\/www.minhdu.gov.cm\/wp-json\/wp\/v2\/media?parent=10993"}],"wp:term":[{"taxonomy":"category","embeddable":true,"href":"https:\/\/www.minhdu.gov.cm\/wp-json\/wp\/v2\/categories?post=10993"},{"taxonomy":"post_tag","embeddable":true,"href":"https:\/\/www.minhdu.gov.cm\/wp-json\/wp\/v2\/tags?post=10993"},{"taxonomy":"post_folder","embeddable":true,"href":"https:\/\/www.minhdu.gov.cm\/wp-json\/wp\/v2\/post_folder?post=10993"}],"curies":[{"name":"wp","href":"https:\/\/api.w.org\/{rel}","templated":true}]}}