{"id":12367,"date":"2023-03-30T16:45:39","date_gmt":"2023-03-30T14:45:39","guid":{"rendered":"http:\/\/www.minhdu.gov.cm\/?p=12367"},"modified":"2023-04-17T14:06:55","modified_gmt":"2023-04-17T12:06:55","slug":"le-pdvir-recrute-13-postes-de-stagiaires-professionnels-a-pourvoir","status":"publish","type":"post","link":"https:\/\/www.minhdu.gov.cm\/le-pdvir-recrute-13-postes-de-stagiaires-professionnels-a-pourvoir\/","title":{"rendered":"LE PDVIR RECRUTE : 13 POSTES DE STAGIAIRES PROFESSIONNELS \u00c0 POURVOIR"},"content":{"rendered":"\n<p><br>APPEL A CANDIDATURE N\u00b0 00043\/AC\/MINHDU\/PDVIR\/CCP\/RGS\/ARGES\/03-2023 DU 16 MARS 2023<br>RELATIF \u00c0 LA S\u00c9LECTION DE JEUNES DIPLOM\u00c9S POUR STAGE PROFESSIONNEL AU SEIN DU PROJET DE D\u00c9VELOPPEMENT DES VILLES INCLUSIVES ET R\u00c9SILIENTES (PDVIR) ET DES UNIT\u00c9S TECHNIQUES DE LIAISON DE DOUALA ET YAOUND\u00c9<br><br>1. La R\u00e9publique du Cameroun a obtenu de l\u2019Association Internationale de D\u00e9veloppement (IDA) un cr\u00e9dit pour le financement du Projet de D\u00e9veloppement des Villes Inclusives et R\u00e9silients (PDVIR). La cellule de coordination du projet de concert avec l\u2019\u00e9quipe de la Banque mondiale a adopt\u00e9 de mettre en place, une initiative de renforcement des capacit\u00e9s pour accroitre le nombre d\u2019experts techniques sur le march\u00e9 de l\u2019emploi au Cameroun. Cette initiative qui se d\u00e9cline en effet en \u00ab un programme de stage professionnel en faveur des jeunes dipl\u00f4m\u00e9s camerounais \u00bb. Ce programme a pour objectif de fournir une premi\u00e8re exp\u00e9rience professionnelle aux jeunes dipl\u00f4m\u00e9s de l\u2019Enseignement Sup\u00e9rieur tout en les rendant utiles dans l\u2019ex\u00e9cution des activit\u00e9s des projets et favoriser par cons\u00e9quent l\u2019insertion de ces jeunes dans le milieu professionnel.<br><br>2. L\u2019objet du pr\u00e9sent appel \u00e0 Manifestation d\u2019int\u00e9r\u00eat est de s\u00e9lectionner 13 stagiaires professionnels qui devront effectuer leur stage pendant une p\u00e9riode de six (06) mois \u00e9ventuellement renouvelable une fois au sein de la Cellule de Coordination du PDVIR et des Unit\u00e9s techniques de liaison de Douala et Yaound\u00e9.<br><br>3. La participation au pr\u00e9sent appel \u00e0 candidature est ouverte aux jeunes dipl\u00f4m\u00e9s de l\u2019Enseignement Sup\u00e9rieur de nationalit\u00e9 Camerounaise, dont l\u2019\u00e2ge est compris entre 23 et 30 ans au plus tard le 1er Janvier 2023. Chaque candidat int\u00e9ress\u00e9 devra avoir un dipl\u00f4me ayant une anciennet\u00e9 d\u2019au plus 2 ans avant l\u2019ann\u00e9e de lancement de cet appel \u00e0 candidature.<br>Les candidats doivent avoir une bonne connaissance de l\u2019outil informatique, et ma\u00eetriser le fran\u00e7ais et l\u2019anglais. Les candidatures f\u00e9minines sont particuli\u00e8rement encourag\u00e9es. Ce programme de stage concerne les domaines suivants : Comptabilit\u00e9, Communication, G\u00e9nie Civil, G\u00e9nie Urbain, Passation des March\u00e9s, Sauvegarde environnementale, Sauvegarde sociale, et Gestion administrative et Financi\u00e8re.<br><br>ii) Cellule de Coordination<br>\u2022 Comptabilit\u00e9 (01)<br>\u2022 Communication (01)<br>\u2022 Sauvegarde environnementale (01)<br>\u2022 Sauvegarde sociale (01)<br>\u2022 Ing\u00e9nierie (G\u00e9nie Civil\/ G\u00e9nie Urbain) (02)<br>\u2022 Passation des march\u00e9s (02)<br>\u2022 Service Administratif et Financier (01)<br><br>ii) Unit\u00e9 Technique de Liaison de Douala<br>\u2022 Sauvegarde environnementale (01)<br>\u2022 Sauvegarde sociale (01)<br><br>ii) Unit\u00e9 Technique de Liaison de Yaound\u00e9<br>\u2022 Sauvegarde environnementale (01)<br>\u2022 Sauvegarde sociale (01)<br><br>4. Les qualifications et aptitudes requises pour chaque candidat sont les suivantes :<br>\u2022 Pour le poste de stagiaire en sauvegarde sociale, avoir un dipl\u00f4me de niveau BAC + 5 au moins en sciences sociales (sociologie, anthropologie, psychologie) ;<br>\u2022 Pour le poste de stagiaire en sauvegarde environnementale, avoir un dipl\u00f4me de niveau BAC + 5 au moins en sciences de l\u2019environnement, Management HSE ;<br>\u2022 Pour le poste de stagiaire en comptabilit\u00e9, gestion administrative et financi\u00e8re, avoir un dipl\u00f4me de niveau BAC + 2 au moins en comptabilit\u00e9, finance, \u00e9conomie, gestion ou fiscalit\u00e9 ;<br>\u2022 Pour le poste de stagiaire en passation de march\u00e9s, avoir un dipl\u00f4me de niveau BAC + 4 au moins en ing\u00e9nierie, gestion, finance, commerce ou domaine connexe ;<br>\u2022 Pour le poste de stagiaire en communication, avoir un dipl\u00f4me de niveau BAC + 3 au moins en Sciences et techniques de l\u2019information et de la communication ;<br>\u2022 Pour le poste de stagiaire en ing\u00e9nierie, avoir un dipl\u00f4me de niveau BAC + 5 au moins en G\u00e9nie Urbain ou G\u00e9nie Civil.<br><br>En plus du dipl\u00f4me sp\u00e9cifique requis suivant le domaine sollicit\u00e9, chaque candidat devra :<br>\u2022 Justifier les performances acad\u00e9miques par la production des relev\u00e9s de notes des deux (02) derni\u00e8res ann\u00e9es d\u2019obtention du dipl\u00f4me ;<br>\u2022 Attester de sa disponibilit\u00e9 \u00e0 temps plein ;<br>\u2022 Attester de son aptitude \u00e0 ex\u00e9cuter des instructions avec humilit\u00e9 dans l\u2019esprit d\u2019apprentissage et de d\u00e9veloppement professionnel ;<br>\u2022 Avoir une bonne capacit\u00e9 r\u00e9dactionnelle et d\u2019expression orale en fran\u00e7ais<br>\u2022 Avoir une bonne connaissance de Microsoft Word, Excel et power point ;<br>\u2022 \u00catre capable de travailler efficacement en \u00e9quipe et sous pression ;<br>\u2022 Avoir l\u2019esprit de confidentialit\u00e9 ;<br>\u2022 Pouvoir exprimer ses id\u00e9es en anglais serait un atout.<br><br>5. Au risque de voir son dossier rejet\u00e9, chaque candidat devra fournir un dossier comprenant :<br>\u2022 Une lettre de motivation adress\u00e9e au Ministre de l\u2019Habitat et du D\u00e9veloppement Urbain pr\u00e9cisant clairement le domaine et l\u2019institution dans laquelle il aimerait effectuer le stage ;<br>\u2022 Un Curriculum vitae de 3 pages maximum dat\u00e9 et sign\u00e9 ;<br>\u2022 Une photocopie de la carte nationale d\u2019identit\u00e9 ;<br>\u2022 Une copie l\u00e9galis\u00e9e du dipl\u00f4me requis ;<br>\u2022 Une photocopie l\u00e9galis\u00e9e des relev\u00e9s de notes.<br>Seuls les candidats remplissant les crit\u00e8res de qualifications seront convi\u00e9s au test de s\u00e9lection.<br>Le d\u00e9p\u00f4t des dossiers de candidature complets r\u00e9dig\u00e9s en fran\u00e7ais ou en anglais doivent \u00eatre transmis uniquement par voie \u00e9lectronique \u00e0 l\u2019adresse mail suivante : stage.profesionnel.pdvir@gmail.com; au plus tard le 07 avril 2023 \u00e0 18 heures du Cameroun et porter express\u00e9ment la mention suivante : \u00abAVIS D\u2019APPEL \u00c0 CANDIDATURE RELATIF \u00c0 LA S\u00c9LECTION DE JEUNES DIPLOM\u00c9S POUR STAGE PROFESSIONNEL AU SEIN DU PROJET DE D\u00c9VELOPPEMENT DES VILLES INCLUSIVES ET R\u00c9SILIENTES (PDVIR)\u00bb.<br><br>LE MINISTRE<br>COURTES n\u00e9e KETCHA C\u00e9lestine<\/p>\n<span class=\"et_bloom_bottom_trigger\"><\/span>","protected":false},"excerpt":{"rendered":"<p>APPEL A CANDIDATURE N\u00b0 00043\/AC\/MINHDU\/PDVIR\/CCP\/RGS\/ARGES\/03-2023 DU 16 MARS 2023RELATIF \u00c0 LA S\u00c9LECTION DE JEUNES DIPLOM\u00c9S POUR STAGE PROFESSIONNEL AU SEIN DU PROJET DE D\u00c9VELOPPEMENT DES VILLES INCLUSIVES ET R\u00c9SILIENTES (PDVIR) [&hellip;]<\/p>\n","protected":false},"author":15,"featured_media":12368,"comment_status":"open","ping_status":"open","sticky":false,"template":"","format":"standard","meta":{"_et_pb_use_builder":"off","_et_pb_old_content":"","_et_gb_content_width":"","_EventAllDay":false,"_EventTimezone":"","_EventStartDate":"","_EventEndDate":"","_EventStartDateUTC":"","_EventEndDateUTC":"","_EventShowMap":false,"_EventShowMapLink":false,"_EventURL":"","_EventCost":"","_EventCostDescription":"","_EventCurrencySymbol":"","_EventCurrencyCode":"","_EventCurrencyPosition":"","_EventDateTimeSeparator":"","_EventTimeRangeSeparator":"","_EventOrganizerID":[],"_EventVenueID":0,"_OrganizerEmail":"","_OrganizerPhone":"","_OrganizerWebsite":"","_VenueAddress":"","_VenueCity":"","_VenueCountry":"","_VenueProvince":"","_VenueZip":"","_VenuePhone":"","_VenueURL":"","_VenueStateProvince":"","_VenueLat":"","_VenueLng":"","footnotes":""},"categories":[77],"tags":[],"post_folder":[],"class_list":["post-12367","post","type-post","status-publish","format-standard","has-post-thumbnail","hentry","category-actualites-pdvir"],"yoast_head":"<!-- This site is optimized with the Yoast SEO plugin v19.13 - https:\/\/yoast.com\/wordpress\/plugins\/seo\/ -->\n<title>LE PDVIR RECRUTE : 13 POSTES DE STAGIAIRES PROFESSIONNELS \u00c0 POURVOIR<\/title>\n<meta name=\"description\" content=\"APPEL A CANDIDATURE N\u00b0 00043\/AC\/MINHDU\/PDVIR\/CCP\/RGS\/ARGES\/03-2023 DU 16 MARS 2023RELATIF \u00c0 LA S\u00c9LECTION DE JEUNES DIPLOM\u00c9S POUR STAGE PROFESSIONNEL AU SEIN DU PROJET DE D\u00c9VELOPPEMENT DES VILLES INCLUSIVES ET R\u00c9SILIENTES (PDVIR) ET DES UNIT\u00c9S TECHNIQUES DE LIAISON DE DOUALA ET YAOUND\u00c91. La R\u00e9publique du Cameroun a obtenu de l\u2019Association Internationale de D\u00e9veloppement (IDA) un cr\u00e9dit pour&hellip;\" \/>\n<meta name=\"robots\" content=\"index, follow, max-snippet:-1, max-image-preview:large, max-video-preview:-1\" \/>\n<link rel=\"canonical\" href=\"https:\/\/www.minhdu.gov.cm\/le-pdvir-recrute-13-postes-de-stagiaires-professionnels-a-pourvoir\/\" \/>\n<meta property=\"og:locale\" content=\"en_US\" \/>\n<meta property=\"og:type\" content=\"article\" \/>\n<meta property=\"og:title\" content=\"LE PDVIR RECRUTE : 13 POSTES DE STAGIAIRES PROFESSIONNELS \u00c0 POURVOIR\" \/>\n<meta property=\"og:description\" content=\"APPEL A CANDIDATURE N\u00b0 00043\/AC\/MINHDU\/PDVIR\/CCP\/RGS\/ARGES\/03-2023 DU 16 MARS 2023RELATIF \u00c0 LA S\u00c9LECTION DE JEUNES DIPLOM\u00c9S POUR STAGE PROFESSIONNEL AU SEIN DU PROJET DE D\u00c9VELOPPEMENT DES VILLES INCLUSIVES ET R\u00c9SILIENTES (PDVIR) ET DES UNIT\u00c9S TECHNIQUES DE LIAISON DE DOUALA ET YAOUND\u00c91. La R\u00e9publique du Cameroun a obtenu de l\u2019Association Internationale de D\u00e9veloppement (IDA) un cr\u00e9dit pour&hellip;\" \/>\n<meta property=\"og:url\" content=\"https:\/\/www.minhdu.gov.cm\/le-pdvir-recrute-13-postes-de-stagiaires-professionnels-a-pourvoir\/\" \/>\n<meta property=\"og:site_name\" content=\"MINHDU\" \/>\n<meta property=\"article:publisher\" content=\"https:\/\/www.facebook.com\/cameroun.minhdu\/\" \/>\n<meta property=\"article:published_time\" content=\"2023-03-30T14:45:39+00:00\" \/>\n<meta property=\"article:modified_time\" content=\"2023-04-17T12:06:55+00:00\" \/>\n<meta property=\"og:image\" content=\"https:\/\/www.minhdu.gov.cm\/wp-content\/uploads\/2023\/03\/336902868_1362271104549782_4478751125522402698_n.jpg\" \/>\n\t<meta property=\"og:image:width\" content=\"714\" \/>\n\t<meta property=\"og:image:height\" content=\"454\" \/>\n\t<meta property=\"og:image:type\" content=\"image\/jpeg\" \/>\n<meta name=\"author\" content=\"Mathieu ELANGA\" \/>\n<meta name=\"twitter:card\" content=\"summary_large_image\" \/>\n<meta name=\"twitter:creator\" content=\"@cameroun_minhdu\" \/>\n<meta name=\"twitter:site\" content=\"@cameroun_minhdu\" \/>\n<meta name=\"twitter:label1\" content=\"Written by\" \/>\n\t<meta name=\"twitter:data1\" content=\"Mathieu ELANGA\" \/>\n\t<meta name=\"twitter:label2\" content=\"Est. reading time\" \/>\n\t<meta name=\"twitter:data2\" content=\"4 minutes\" \/>\n<script type=\"application\/ld+json\" class=\"yoast-schema-graph\">{\"@context\":\"https:\/\/schema.org\",\"@graph\":[{\"@type\":\"Article\",\"@id\":\"https:\/\/www.minhdu.gov.cm\/le-pdvir-recrute-13-postes-de-stagiaires-professionnels-a-pourvoir\/#article\",\"isPartOf\":{\"@id\":\"https:\/\/www.minhdu.gov.cm\/le-pdvir-recrute-13-postes-de-stagiaires-professionnels-a-pourvoir\/\"},\"author\":{\"name\":\"Mathieu ELANGA\",\"@id\":\"https:\/\/www.minhdu.gov.cm\/#\/schema\/person\/3e663f81d04b7814eecdff49cdff418b\"},\"headline\":\"LE PDVIR RECRUTE : 13 POSTES DE STAGIAIRES PROFESSIONNELS \u00c0 POURVOIR\",\"datePublished\":\"2023-03-30T14:45:39+00:00\",\"dateModified\":\"2023-04-17T12:06:55+00:00\",\"mainEntityOfPage\":{\"@id\":\"https:\/\/www.minhdu.gov.cm\/le-pdvir-recrute-13-postes-de-stagiaires-professionnels-a-pourvoir\/\"},\"wordCount\":891,\"commentCount\":0,\"publisher\":{\"@id\":\"https:\/\/www.minhdu.gov.cm\/#organization\"},\"articleSection\":[\"Actualit\u00e9s-PDVIR\"],\"inLanguage\":\"en-US\",\"potentialAction\":[{\"@type\":\"CommentAction\",\"name\":\"Comment\",\"target\":[\"https:\/\/www.minhdu.gov.cm\/le-pdvir-recrute-13-postes-de-stagiaires-professionnels-a-pourvoir\/#respond\"]}]},{\"@type\":\"WebPage\",\"@id\":\"https:\/\/www.minhdu.gov.cm\/le-pdvir-recrute-13-postes-de-stagiaires-professionnels-a-pourvoir\/\",\"url\":\"https:\/\/www.minhdu.gov.cm\/le-pdvir-recrute-13-postes-de-stagiaires-professionnels-a-pourvoir\/\",\"name\":\"LE PDVIR RECRUTE : 13 POSTES DE STAGIAIRES PROFESSIONNELS \u00c0 POURVOIR - MINHDU\",\"isPartOf\":{\"@id\":\"https:\/\/www.minhdu.gov.cm\/#website\"},\"datePublished\":\"2023-03-30T14:45:39+00:00\",\"dateModified\":\"2023-04-17T12:06:55+00:00\",\"breadcrumb\":{\"@id\":\"https:\/\/www.minhdu.gov.cm\/le-pdvir-recrute-13-postes-de-stagiaires-professionnels-a-pourvoir\/#breadcrumb\"},\"inLanguage\":\"en-US\",\"potentialAction\":[{\"@type\":\"ReadAction\",\"target\":[\"https:\/\/www.minhdu.gov.cm\/le-pdvir-recrute-13-postes-de-stagiaires-professionnels-a-pourvoir\/\"]}]},{\"@type\":\"BreadcrumbList\",\"@id\":\"https:\/\/www.minhdu.gov.cm\/le-pdvir-recrute-13-postes-de-stagiaires-professionnels-a-pourvoir\/#breadcrumb\",\"itemListElement\":[{\"@type\":\"ListItem\",\"position\":1,\"name\":\"Home\",\"item\":\"https:\/\/www.minhdu.gov.cm\/\"},{\"@type\":\"ListItem\",\"position\":2,\"name\":\"LE PDVIR RECRUTE : 13 POSTES DE STAGIAIRES PROFESSIONNELS \u00c0 POURVOIR\"}]},{\"@type\":\"WebSite\",\"@id\":\"https:\/\/www.minhdu.gov.cm\/#website\",\"url\":\"https:\/\/www.minhdu.gov.cm\/\",\"name\":\"MINHDU\",\"description\":\"\",\"publisher\":{\"@id\":\"https:\/\/www.minhdu.gov.cm\/#organization\"},\"potentialAction\":[{\"@type\":\"SearchAction\",\"target\":{\"@type\":\"EntryPoint\",\"urlTemplate\":\"https:\/\/www.minhdu.gov.cm\/?s={search_term_string}\"},\"query-input\":\"required name=search_term_string\"}],\"inLanguage\":\"en-US\"},{\"@type\":\"Organization\",\"@id\":\"https:\/\/www.minhdu.gov.cm\/#organization\",\"name\":\"MINHDU\",\"url\":\"https:\/\/www.minhdu.gov.cm\/\",\"logo\":{\"@type\":\"ImageObject\",\"inLanguage\":\"en-US\",\"@id\":\"https:\/\/www.minhdu.gov.cm\/#\/schema\/logo\/image\/\",\"url\":\"https:\/\/www.minhdu.gov.cm\/wp-content\/uploads\/2022\/06\/minhdu2.png\",\"contentUrl\":\"https:\/\/www.minhdu.gov.cm\/wp-content\/uploads\/2022\/06\/minhdu2.png\",\"width\":250,\"height\":250,\"caption\":\"MINHDU\"},\"image\":{\"@id\":\"https:\/\/www.minhdu.gov.cm\/#\/schema\/logo\/image\/\"},\"sameAs\":[\"https:\/\/www.facebook.com\/cameroun.minhdu\/\",\"https:\/\/twitter.com\/cameroun_minhdu\"]},{\"@type\":\"Person\",\"@id\":\"https:\/\/www.minhdu.gov.cm\/#\/schema\/person\/3e663f81d04b7814eecdff49cdff418b\",\"name\":\"Mathieu ELANGA\",\"image\":{\"@type\":\"ImageObject\",\"inLanguage\":\"en-US\",\"@id\":\"https:\/\/www.minhdu.gov.cm\/#\/schema\/person\/image\/\",\"url\":\"https:\/\/secure.gravatar.com\/avatar\/99c0875cb37e422574aa406662b32492a08b3bddb57adcf1e504d635e39d2da3?s=96&d=mm&r=g\",\"contentUrl\":\"https:\/\/secure.gravatar.com\/avatar\/99c0875cb37e422574aa406662b32492a08b3bddb57adcf1e504d635e39d2da3?s=96&d=mm&r=g\",\"caption\":\"Mathieu ELANGA\"},\"url\":\"https:\/\/www.minhdu.gov.cm\/author\/urbain\/\"}]}<\/script>\n<!-- \/ Yoast SEO plugin. -->","yoast_head_json":{"title":"LE PDVIR RECRUTE : 13 POSTES DE STAGIAIRES PROFESSIONNELS \u00c0 POURVOIR","description":"APPEL A CANDIDATURE N\u00b0 00043\/AC\/MINHDU\/PDVIR\/CCP\/RGS\/ARGES\/03-2023 DU 16 MARS 2023RELATIF \u00c0 LA S\u00c9LECTION DE JEUNES DIPLOM\u00c9S POUR STAGE PROFESSIONNEL AU SEIN DU PROJET DE D\u00c9VELOPPEMENT DES VILLES INCLUSIVES ET R\u00c9SILIENTES (PDVIR) ET DES UNIT\u00c9S TECHNIQUES DE LIAISON DE DOUALA ET YAOUND\u00c91. La R\u00e9publique du Cameroun a obtenu de l\u2019Association Internationale de D\u00e9veloppement (IDA) un cr\u00e9dit pour&hellip;","robots":{"index":"index","follow":"follow","max-snippet":"max-snippet:-1","max-image-preview":"max-image-preview:large","max-video-preview":"max-video-preview:-1"},"canonical":"https:\/\/www.minhdu.gov.cm\/le-pdvir-recrute-13-postes-de-stagiaires-professionnels-a-pourvoir\/","og_locale":"en_US","og_type":"article","og_title":"LE PDVIR RECRUTE : 13 POSTES DE STAGIAIRES PROFESSIONNELS \u00c0 POURVOIR","og_description":"APPEL A CANDIDATURE N\u00b0 00043\/AC\/MINHDU\/PDVIR\/CCP\/RGS\/ARGES\/03-2023 DU 16 MARS 2023RELATIF \u00c0 LA S\u00c9LECTION DE JEUNES DIPLOM\u00c9S POUR STAGE PROFESSIONNEL AU SEIN DU PROJET DE D\u00c9VELOPPEMENT DES VILLES INCLUSIVES ET R\u00c9SILIENTES (PDVIR) ET DES UNIT\u00c9S TECHNIQUES DE LIAISON DE DOUALA ET YAOUND\u00c91. La R\u00e9publique du Cameroun a obtenu de l\u2019Association Internationale de D\u00e9veloppement (IDA) un cr\u00e9dit pour&hellip;","og_url":"https:\/\/www.minhdu.gov.cm\/le-pdvir-recrute-13-postes-de-stagiaires-professionnels-a-pourvoir\/","og_site_name":"MINHDU","article_publisher":"https:\/\/www.facebook.com\/cameroun.minhdu\/","article_published_time":"2023-03-30T14:45:39+00:00","article_modified_time":"2023-04-17T12:06:55+00:00","og_image":[{"width":714,"height":454,"url":"https:\/\/www.minhdu.gov.cm\/wp-content\/uploads\/2023\/03\/336902868_1362271104549782_4478751125522402698_n.jpg","type":"image\/jpeg"}],"author":"Mathieu ELANGA","twitter_card":"summary_large_image","twitter_creator":"@cameroun_minhdu","twitter_site":"@cameroun_minhdu","twitter_misc":{"Written by":"Mathieu ELANGA","Est. reading time":"4 minutes"},"schema":{"@context":"https:\/\/schema.org","@graph":[{"@type":"Article","@id":"https:\/\/www.minhdu.gov.cm\/le-pdvir-recrute-13-postes-de-stagiaires-professionnels-a-pourvoir\/#article","isPartOf":{"@id":"https:\/\/www.minhdu.gov.cm\/le-pdvir-recrute-13-postes-de-stagiaires-professionnels-a-pourvoir\/"},"author":{"name":"Mathieu ELANGA","@id":"https:\/\/www.minhdu.gov.cm\/#\/schema\/person\/3e663f81d04b7814eecdff49cdff418b"},"headline":"LE PDVIR RECRUTE : 13 POSTES DE STAGIAIRES PROFESSIONNELS \u00c0 POURVOIR","datePublished":"2023-03-30T14:45:39+00:00","dateModified":"2023-04-17T12:06:55+00:00","mainEntityOfPage":{"@id":"https:\/\/www.minhdu.gov.cm\/le-pdvir-recrute-13-postes-de-stagiaires-professionnels-a-pourvoir\/"},"wordCount":891,"commentCount":0,"publisher":{"@id":"https:\/\/www.minhdu.gov.cm\/#organization"},"articleSection":["Actualit\u00e9s-PDVIR"],"inLanguage":"en-US","potentialAction":[{"@type":"CommentAction","name":"Comment","target":["https:\/\/www.minhdu.gov.cm\/le-pdvir-recrute-13-postes-de-stagiaires-professionnels-a-pourvoir\/#respond"]}]},{"@type":"WebPage","@id":"https:\/\/www.minhdu.gov.cm\/le-pdvir-recrute-13-postes-de-stagiaires-professionnels-a-pourvoir\/","url":"https:\/\/www.minhdu.gov.cm\/le-pdvir-recrute-13-postes-de-stagiaires-professionnels-a-pourvoir\/","name":"LE PDVIR RECRUTE : 13 POSTES DE STAGIAIRES PROFESSIONNELS \u00c0 POURVOIR - MINHDU","isPartOf":{"@id":"https:\/\/www.minhdu.gov.cm\/#website"},"datePublished":"2023-03-30T14:45:39+00:00","dateModified":"2023-04-17T12:06:55+00:00","breadcrumb":{"@id":"https:\/\/www.minhdu.gov.cm\/le-pdvir-recrute-13-postes-de-stagiaires-professionnels-a-pourvoir\/#breadcrumb"},"inLanguage":"en-US","potentialAction":[{"@type":"ReadAction","target":["https:\/\/www.minhdu.gov.cm\/le-pdvir-recrute-13-postes-de-stagiaires-professionnels-a-pourvoir\/"]}]},{"@type":"BreadcrumbList","@id":"https:\/\/www.minhdu.gov.cm\/le-pdvir-recrute-13-postes-de-stagiaires-professionnels-a-pourvoir\/#breadcrumb","itemListElement":[{"@type":"ListItem","position":1,"name":"Home","item":"https:\/\/www.minhdu.gov.cm\/"},{"@type":"ListItem","position":2,"name":"LE PDVIR RECRUTE : 13 POSTES DE STAGIAIRES PROFESSIONNELS \u00c0 POURVOIR"}]},{"@type":"WebSite","@id":"https:\/\/www.minhdu.gov.cm\/#website","url":"https:\/\/www.minhdu.gov.cm\/","name":"MINHDU","description":"","publisher":{"@id":"https:\/\/www.minhdu.gov.cm\/#organization"},"potentialAction":[{"@type":"SearchAction","target":{"@type":"EntryPoint","urlTemplate":"https:\/\/www.minhdu.gov.cm\/?s={search_term_string}"},"query-input":"required name=search_term_string"}],"inLanguage":"en-US"},{"@type":"Organization","@id":"https:\/\/www.minhdu.gov.cm\/#organization","name":"MINHDU","url":"https:\/\/www.minhdu.gov.cm\/","logo":{"@type":"ImageObject","inLanguage":"en-US","@id":"https:\/\/www.minhdu.gov.cm\/#\/schema\/logo\/image\/","url":"https:\/\/www.minhdu.gov.cm\/wp-content\/uploads\/2022\/06\/minhdu2.png","contentUrl":"https:\/\/www.minhdu.gov.cm\/wp-content\/uploads\/2022\/06\/minhdu2.png","width":250,"height":250,"caption":"MINHDU"},"image":{"@id":"https:\/\/www.minhdu.gov.cm\/#\/schema\/logo\/image\/"},"sameAs":["https:\/\/www.facebook.com\/cameroun.minhdu\/","https:\/\/twitter.com\/cameroun_minhdu"]},{"@type":"Person","@id":"https:\/\/www.minhdu.gov.cm\/#\/schema\/person\/3e663f81d04b7814eecdff49cdff418b","name":"Mathieu ELANGA","image":{"@type":"ImageObject","inLanguage":"en-US","@id":"https:\/\/www.minhdu.gov.cm\/#\/schema\/person\/image\/","url":"https:\/\/secure.gravatar.com\/avatar\/99c0875cb37e422574aa406662b32492a08b3bddb57adcf1e504d635e39d2da3?s=96&d=mm&r=g","contentUrl":"https:\/\/secure.gravatar.com\/avatar\/99c0875cb37e422574aa406662b32492a08b3bddb57adcf1e504d635e39d2da3?s=96&d=mm&r=g","caption":"Mathieu ELANGA"},"url":"https:\/\/www.minhdu.gov.cm\/author\/urbain\/"}]}},"_links":{"self":[{"href":"https:\/\/www.minhdu.gov.cm\/wp-json\/wp\/v2\/posts\/12367","targetHints":{"allow":["GET"]}}],"collection":[{"href":"https:\/\/www.minhdu.gov.cm\/wp-json\/wp\/v2\/posts"}],"about":[{"href":"https:\/\/www.minhdu.gov.cm\/wp-json\/wp\/v2\/types\/post"}],"author":[{"embeddable":true,"href":"https:\/\/www.minhdu.gov.cm\/wp-json\/wp\/v2\/users\/15"}],"replies":[{"embeddable":true,"href":"https:\/\/www.minhdu.gov.cm\/wp-json\/wp\/v2\/comments?post=12367"}],"version-history":[{"count":1,"href":"https:\/\/www.minhdu.gov.cm\/wp-json\/wp\/v2\/posts\/12367\/revisions"}],"predecessor-version":[{"id":12369,"href":"https:\/\/www.minhdu.gov.cm\/wp-json\/wp\/v2\/posts\/12367\/revisions\/12369"}],"wp:featuredmedia":[{"embeddable":true,"href":"https:\/\/www.minhdu.gov.cm\/wp-json\/wp\/v2\/media\/12368"}],"wp:attachment":[{"href":"https:\/\/www.minhdu.gov.cm\/wp-json\/wp\/v2\/media?parent=12367"}],"wp:term":[{"taxonomy":"category","embeddable":true,"href":"https:\/\/www.minhdu.gov.cm\/wp-json\/wp\/v2\/categories?post=12367"},{"taxonomy":"post_tag","embeddable":true,"href":"https:\/\/www.minhdu.gov.cm\/wp-json\/wp\/v2\/tags?post=12367"},{"taxonomy":"post_folder","embeddable":true,"href":"https:\/\/www.minhdu.gov.cm\/wp-json\/wp\/v2\/post_folder?post=12367"}],"curies":[{"name":"wp","href":"https:\/\/api.w.org\/{rel}","templated":true}]}}