{"id":12659,"date":"2023-05-11T11:11:49","date_gmt":"2023-05-11T09:11:49","guid":{"rendered":"http:\/\/www.minhdu.gov.cm\/?p=12659"},"modified":"2023-05-11T11:17:28","modified_gmt":"2023-05-11T09:17:28","slug":"appui-a-la-planification-urbaine-dans-le-contexte-migratoire-upimc-un-programme-pour-encadrer-des-personnes-deplacees-internes","status":"publish","type":"post","link":"https:\/\/www.minhdu.gov.cm\/appui-a-la-planification-urbaine-dans-le-contexte-migratoire-upimc-un-programme-pour-encadrer-des-personnes-deplacees-internes\/","title":{"rendered":"Appui a la Planification urbaine dans le contexte Migratoire (UPMIC)\u00a0: un programme pour encadrer des personnes deplac\u00e9es internes"},"content":{"rendered":"\n<p>Le Secr\u00e9taire G\u00e9n\u00e9ral du Minist\u00e8re de l\u2019Habitat et du D\u00e9veloppement Urbain, le Pr Mathurin Nna, a pr\u00e9sid\u00e9 le mercredi 03 mai dernier, un colloque des parties prenantes du programme de planification urbaine et d\u2019infrastructures dans les contextes migratoires. Organis\u00e9 par le Programme des Nations unies pour les \u00e9tablissements humains, Onu-Habitat, ledit colloque \u00e9tait plac\u00e9 sous le th\u00e8me : \u00abPr\u00e9sentation du plan d\u2019actions pour une commune de Douala 4 r\u00e9siliente \u00e0 l\u2019\u00e9chelle de la future m\u00e9tropole de Douala \u00bb.<\/p>\n\n\n\n<figure class=\"wp-block-image size-full\"><img loading=\"lazy\" decoding=\"async\" width=\"1024\" height=\"768\" src=\"https:\/\/www.minhdu.gov.cm\/wp-content\/uploads\/2023\/05\/IMG-20230511-WA0014.jpg\" alt=\"\" class=\"wp-image-12660\" \/><\/figure>\n\n\n\n<p>Dans son mot d\u2019ouverture, le Secr\u00e9taire G\u00e9n\u00e9ral a expliqu\u00e9 que la ville de Douala a \u00e9t\u00e9 propos\u00e9e comme ville pilote pour la premi\u00e8re phase de ce programme, au regard du nombre des d\u00e9plac\u00e9s qui ont pu \u00eatre recens\u00e9s. Particuli\u00e8rement la Commune d\u2019arrondissement de Douala 4 qui \u00ab est devenue la porte d\u2019entr\u00e9e des d\u00e9plac\u00e9s internes de la crise anglophone \u00bb. Par ce programme, Onu-Habitat veut utiliser l\u2019urbanisme et l\u2019am\u00e9nagement du territoire comme un outil permettant de combler l\u2019\u00e9cart entre les activit\u00e9s humanitaires et de d\u00e9veloppement.<\/p>\n<span class=\"et_bloom_bottom_trigger\"><\/span>","protected":false},"excerpt":{"rendered":"<p>Le Secr\u00e9taire G\u00e9n\u00e9ral du Minist\u00e8re de l\u2019Habitat et du D\u00e9veloppement Urbain, le Pr Mathurin Nna, a pr\u00e9sid\u00e9 le mercredi 03 mai dernier, un colloque des parties prenantes du programme de [&hellip;]<\/p>\n","protected":false},"author":16,"featured_media":12661,"comment_status":"open","ping_status":"open","sticky":false,"template":"","format":"standard","meta":{"_et_pb_use_builder":"off","_et_pb_old_content":"","_et_gb_content_width":"","_EventAllDay":false,"_EventTimezone":"","_EventStartDate":"","_EventEndDate":"","_EventStartDateUTC":"","_EventEndDateUTC":"","_EventShowMap":false,"_EventShowMapLink":false,"_EventURL":"","_EventCost":"","_EventCostDescription":"","_EventCurrencySymbol":"","_EventCurrencyCode":"","_EventCurrencyPosition":"","_EventDateTimeSeparator":"","_EventTimeRangeSeparator":"","_EventOrganizerID":[],"_EventVenueID":0,"_OrganizerEmail":"","_OrganizerPhone":"","_OrganizerWebsite":"","_VenueAddress":"","_VenueCity":"","_VenueCountry":"","_VenueProvince":"","_VenueZip":"","_VenuePhone":"","_VenueURL":"","_VenueStateProvince":"","_VenueLat":"","_VenueLng":"","footnotes":""},"categories":[8],"tags":[],"post_folder":[],"class_list":["post-12659","post","type-post","status-publish","format-standard","has-post-thumbnail","hentry","category-spotlight"],"yoast_head":"<!-- This site is optimized with the Yoast SEO plugin v19.13 - https:\/\/yoast.com\/wordpress\/plugins\/seo\/ -->\n<title>Appui a la Planification urbaine dans le contexte Migratoire (UPMIC)\u00a0: un programme pour encadrer des personnes deplac\u00e9es internes<\/title>\n<meta name=\"description\" content=\"Le Secr\u00e9taire G\u00e9n\u00e9ral du Minist\u00e8re de l\u2019Habitat et du D\u00e9veloppement Urbain, le Pr Mathurin Nna, a pr\u00e9sid\u00e9 le mercredi 03 mai dernier, un colloque des parties prenantes du programme de planification urbaine et d\u2019infrastructures dans les contextes migratoires. Organis\u00e9 par le Programme des Nations unies pour les \u00e9tablissements humains, Onu-Habitat, ledit colloque \u00e9tait plac\u00e9 sous&hellip;\" \/>\n<meta name=\"robots\" content=\"index, follow, max-snippet:-1, max-image-preview:large, max-video-preview:-1\" \/>\n<link rel=\"canonical\" href=\"https:\/\/www.minhdu.gov.cm\/appui-a-la-planification-urbaine-dans-le-contexte-migratoire-upimc-un-programme-pour-encadrer-des-personnes-deplacees-internes\/\" \/>\n<meta property=\"og:locale\" content=\"en_US\" \/>\n<meta property=\"og:type\" content=\"article\" \/>\n<meta property=\"og:title\" content=\"Appui a la Planification urbaine dans le contexte Migratoire (UPMIC)\u00a0: un programme pour encadrer des personnes deplac\u00e9es internes\" \/>\n<meta property=\"og:description\" content=\"Le Secr\u00e9taire G\u00e9n\u00e9ral du Minist\u00e8re de l\u2019Habitat et du D\u00e9veloppement Urbain, le Pr Mathurin Nna, a pr\u00e9sid\u00e9 le mercredi 03 mai dernier, un colloque des parties prenantes du programme de planification urbaine et d\u2019infrastructures dans les contextes migratoires. Organis\u00e9 par le Programme des Nations unies pour les \u00e9tablissements humains, Onu-Habitat, ledit colloque \u00e9tait plac\u00e9 sous&hellip;\" \/>\n<meta property=\"og:url\" content=\"https:\/\/www.minhdu.gov.cm\/appui-a-la-planification-urbaine-dans-le-contexte-migratoire-upimc-un-programme-pour-encadrer-des-personnes-deplacees-internes\/\" \/>\n<meta property=\"og:site_name\" content=\"MINHDU\" \/>\n<meta property=\"article:publisher\" content=\"https:\/\/www.facebook.com\/cameroun.minhdu\/\" \/>\n<meta property=\"article:published_time\" content=\"2023-05-11T09:11:49+00:00\" \/>\n<meta property=\"article:modified_time\" content=\"2023-05-11T09:17:28+00:00\" \/>\n<meta property=\"og:image\" content=\"https:\/\/www.minhdu.gov.cm\/wp-content\/uploads\/2023\/05\/IMG-20230511-WA0013.jpg\" \/>\n\t<meta property=\"og:image:width\" content=\"1080\" \/>\n\t<meta property=\"og:image:height\" content=\"810\" \/>\n\t<meta property=\"og:image:type\" content=\"image\/jpeg\" \/>\n<meta name=\"author\" content=\"Ines NGONO\" \/>\n<meta name=\"twitter:card\" content=\"summary_large_image\" \/>\n<meta name=\"twitter:creator\" content=\"@cameroun_minhdu\" \/>\n<meta name=\"twitter:site\" content=\"@cameroun_minhdu\" \/>\n<meta name=\"twitter:label1\" content=\"Written by\" \/>\n\t<meta name=\"twitter:data1\" content=\"Ines NGONO\" \/>\n\t<meta name=\"twitter:label2\" content=\"Est. reading time\" \/>\n\t<meta name=\"twitter:data2\" content=\"1 minute\" \/>\n<script type=\"application\/ld+json\" class=\"yoast-schema-graph\">{\"@context\":\"https:\/\/schema.org\",\"@graph\":[{\"@type\":\"Article\",\"@id\":\"https:\/\/www.minhdu.gov.cm\/appui-a-la-planification-urbaine-dans-le-contexte-migratoire-upimc-un-programme-pour-encadrer-des-personnes-deplacees-internes\/#article\",\"isPartOf\":{\"@id\":\"https:\/\/www.minhdu.gov.cm\/appui-a-la-planification-urbaine-dans-le-contexte-migratoire-upimc-un-programme-pour-encadrer-des-personnes-deplacees-internes\/\"},\"author\":{\"name\":\"Ines NGONO\",\"@id\":\"https:\/\/www.minhdu.gov.cm\/#\/schema\/person\/5023cc8a630c9735614bae93292f2237\"},\"headline\":\"Appui a la Planification urbaine dans le contexte Migratoire (UPMIC)\u00a0: un programme pour encadrer des personnes deplac\u00e9es internes\",\"datePublished\":\"2023-05-11T09:11:49+00:00\",\"dateModified\":\"2023-05-11T09:17:28+00:00\",\"mainEntityOfPage\":{\"@id\":\"https:\/\/www.minhdu.gov.cm\/appui-a-la-planification-urbaine-dans-le-contexte-migratoire-upimc-un-programme-pour-encadrer-des-personnes-deplacees-internes\/\"},\"wordCount\":209,\"commentCount\":0,\"publisher\":{\"@id\":\"https:\/\/www.minhdu.gov.cm\/#organization\"},\"articleSection\":[\"spotlight\"],\"inLanguage\":\"en-US\",\"potentialAction\":[{\"@type\":\"CommentAction\",\"name\":\"Comment\",\"target\":[\"https:\/\/www.minhdu.gov.cm\/appui-a-la-planification-urbaine-dans-le-contexte-migratoire-upimc-un-programme-pour-encadrer-des-personnes-deplacees-internes\/#respond\"]}]},{\"@type\":\"WebPage\",\"@id\":\"https:\/\/www.minhdu.gov.cm\/appui-a-la-planification-urbaine-dans-le-contexte-migratoire-upimc-un-programme-pour-encadrer-des-personnes-deplacees-internes\/\",\"url\":\"https:\/\/www.minhdu.gov.cm\/appui-a-la-planification-urbaine-dans-le-contexte-migratoire-upimc-un-programme-pour-encadrer-des-personnes-deplacees-internes\/\",\"name\":\"Appui a la Planification urbaine dans le contexte Migratoire (UPMIC)\u00a0: un programme pour encadrer des personnes deplac\u00e9es internes - MINHDU\",\"isPartOf\":{\"@id\":\"https:\/\/www.minhdu.gov.cm\/#website\"},\"datePublished\":\"2023-05-11T09:11:49+00:00\",\"dateModified\":\"2023-05-11T09:17:28+00:00\",\"breadcrumb\":{\"@id\":\"https:\/\/www.minhdu.gov.cm\/appui-a-la-planification-urbaine-dans-le-contexte-migratoire-upimc-un-programme-pour-encadrer-des-personnes-deplacees-internes\/#breadcrumb\"},\"inLanguage\":\"en-US\",\"potentialAction\":[{\"@type\":\"ReadAction\",\"target\":[\"https:\/\/www.minhdu.gov.cm\/appui-a-la-planification-urbaine-dans-le-contexte-migratoire-upimc-un-programme-pour-encadrer-des-personnes-deplacees-internes\/\"]}]},{\"@type\":\"BreadcrumbList\",\"@id\":\"https:\/\/www.minhdu.gov.cm\/appui-a-la-planification-urbaine-dans-le-contexte-migratoire-upimc-un-programme-pour-encadrer-des-personnes-deplacees-internes\/#breadcrumb\",\"itemListElement\":[{\"@type\":\"ListItem\",\"position\":1,\"name\":\"Home\",\"item\":\"https:\/\/www.minhdu.gov.cm\/\"},{\"@type\":\"ListItem\",\"position\":2,\"name\":\"Appui a la Planification urbaine dans le contexte Migratoire (UPMIC)\u00a0: un programme pour encadrer des personnes deplac\u00e9es internes\"}]},{\"@type\":\"WebSite\",\"@id\":\"https:\/\/www.minhdu.gov.cm\/#website\",\"url\":\"https:\/\/www.minhdu.gov.cm\/\",\"name\":\"MINHDU\",\"description\":\"\",\"publisher\":{\"@id\":\"https:\/\/www.minhdu.gov.cm\/#organization\"},\"potentialAction\":[{\"@type\":\"SearchAction\",\"target\":{\"@type\":\"EntryPoint\",\"urlTemplate\":\"https:\/\/www.minhdu.gov.cm\/?s={search_term_string}\"},\"query-input\":\"required name=search_term_string\"}],\"inLanguage\":\"en-US\"},{\"@type\":\"Organization\",\"@id\":\"https:\/\/www.minhdu.gov.cm\/#organization\",\"name\":\"MINHDU\",\"url\":\"https:\/\/www.minhdu.gov.cm\/\",\"logo\":{\"@type\":\"ImageObject\",\"inLanguage\":\"en-US\",\"@id\":\"https:\/\/www.minhdu.gov.cm\/#\/schema\/logo\/image\/\",\"url\":\"https:\/\/www.minhdu.gov.cm\/wp-content\/uploads\/2022\/06\/minhdu2.png\",\"contentUrl\":\"https:\/\/www.minhdu.gov.cm\/wp-content\/uploads\/2022\/06\/minhdu2.png\",\"width\":250,\"height\":250,\"caption\":\"MINHDU\"},\"image\":{\"@id\":\"https:\/\/www.minhdu.gov.cm\/#\/schema\/logo\/image\/\"},\"sameAs\":[\"https:\/\/www.facebook.com\/cameroun.minhdu\/\",\"https:\/\/twitter.com\/cameroun_minhdu\"]},{\"@type\":\"Person\",\"@id\":\"https:\/\/www.minhdu.gov.cm\/#\/schema\/person\/5023cc8a630c9735614bae93292f2237\",\"name\":\"Ines NGONO\",\"image\":{\"@type\":\"ImageObject\",\"inLanguage\":\"en-US\",\"@id\":\"https:\/\/www.minhdu.gov.cm\/#\/schema\/person\/image\/\",\"url\":\"https:\/\/secure.gravatar.com\/avatar\/1021cd1e4fa3cc9fe876a777e8d74ecb435f7367474988bce17a76f3e58d1c3b?s=96&d=mm&r=g\",\"contentUrl\":\"https:\/\/secure.gravatar.com\/avatar\/1021cd1e4fa3cc9fe876a777e8d74ecb435f7367474988bce17a76f3e58d1c3b?s=96&d=mm&r=g\",\"caption\":\"Ines NGONO\"},\"url\":\"https:\/\/www.minhdu.gov.cm\/author\/ines\/\"}]}<\/script>\n<!-- \/ Yoast SEO plugin. -->","yoast_head_json":{"title":"Appui a la Planification urbaine dans le contexte Migratoire (UPMIC)\u00a0: un programme pour encadrer des personnes deplac\u00e9es internes","description":"Le Secr\u00e9taire G\u00e9n\u00e9ral du Minist\u00e8re de l\u2019Habitat et du D\u00e9veloppement Urbain, le Pr Mathurin Nna, a pr\u00e9sid\u00e9 le mercredi 03 mai dernier, un colloque des parties prenantes du programme de planification urbaine et d\u2019infrastructures dans les contextes migratoires. Organis\u00e9 par le Programme des Nations unies pour les \u00e9tablissements humains, Onu-Habitat, ledit colloque \u00e9tait plac\u00e9 sous&hellip;","robots":{"index":"index","follow":"follow","max-snippet":"max-snippet:-1","max-image-preview":"max-image-preview:large","max-video-preview":"max-video-preview:-1"},"canonical":"https:\/\/www.minhdu.gov.cm\/appui-a-la-planification-urbaine-dans-le-contexte-migratoire-upimc-un-programme-pour-encadrer-des-personnes-deplacees-internes\/","og_locale":"en_US","og_type":"article","og_title":"Appui a la Planification urbaine dans le contexte Migratoire (UPMIC)\u00a0: un programme pour encadrer des personnes deplac\u00e9es internes","og_description":"Le Secr\u00e9taire G\u00e9n\u00e9ral du Minist\u00e8re de l\u2019Habitat et du D\u00e9veloppement Urbain, le Pr Mathurin Nna, a pr\u00e9sid\u00e9 le mercredi 03 mai dernier, un colloque des parties prenantes du programme de planification urbaine et d\u2019infrastructures dans les contextes migratoires. Organis\u00e9 par le Programme des Nations unies pour les \u00e9tablissements humains, Onu-Habitat, ledit colloque \u00e9tait plac\u00e9 sous&hellip;","og_url":"https:\/\/www.minhdu.gov.cm\/appui-a-la-planification-urbaine-dans-le-contexte-migratoire-upimc-un-programme-pour-encadrer-des-personnes-deplacees-internes\/","og_site_name":"MINHDU","article_publisher":"https:\/\/www.facebook.com\/cameroun.minhdu\/","article_published_time":"2023-05-11T09:11:49+00:00","article_modified_time":"2023-05-11T09:17:28+00:00","og_image":[{"width":1080,"height":810,"url":"https:\/\/www.minhdu.gov.cm\/wp-content\/uploads\/2023\/05\/IMG-20230511-WA0013.jpg","type":"image\/jpeg"}],"author":"Ines NGONO","twitter_card":"summary_large_image","twitter_creator":"@cameroun_minhdu","twitter_site":"@cameroun_minhdu","twitter_misc":{"Written by":"Ines NGONO","Est. reading time":"1 minute"},"schema":{"@context":"https:\/\/schema.org","@graph":[{"@type":"Article","@id":"https:\/\/www.minhdu.gov.cm\/appui-a-la-planification-urbaine-dans-le-contexte-migratoire-upimc-un-programme-pour-encadrer-des-personnes-deplacees-internes\/#article","isPartOf":{"@id":"https:\/\/www.minhdu.gov.cm\/appui-a-la-planification-urbaine-dans-le-contexte-migratoire-upimc-un-programme-pour-encadrer-des-personnes-deplacees-internes\/"},"author":{"name":"Ines NGONO","@id":"https:\/\/www.minhdu.gov.cm\/#\/schema\/person\/5023cc8a630c9735614bae93292f2237"},"headline":"Appui a la Planification urbaine dans le contexte Migratoire (UPMIC)\u00a0: un programme pour encadrer des personnes deplac\u00e9es internes","datePublished":"2023-05-11T09:11:49+00:00","dateModified":"2023-05-11T09:17:28+00:00","mainEntityOfPage":{"@id":"https:\/\/www.minhdu.gov.cm\/appui-a-la-planification-urbaine-dans-le-contexte-migratoire-upimc-un-programme-pour-encadrer-des-personnes-deplacees-internes\/"},"wordCount":209,"commentCount":0,"publisher":{"@id":"https:\/\/www.minhdu.gov.cm\/#organization"},"articleSection":["spotlight"],"inLanguage":"en-US","potentialAction":[{"@type":"CommentAction","name":"Comment","target":["https:\/\/www.minhdu.gov.cm\/appui-a-la-planification-urbaine-dans-le-contexte-migratoire-upimc-un-programme-pour-encadrer-des-personnes-deplacees-internes\/#respond"]}]},{"@type":"WebPage","@id":"https:\/\/www.minhdu.gov.cm\/appui-a-la-planification-urbaine-dans-le-contexte-migratoire-upimc-un-programme-pour-encadrer-des-personnes-deplacees-internes\/","url":"https:\/\/www.minhdu.gov.cm\/appui-a-la-planification-urbaine-dans-le-contexte-migratoire-upimc-un-programme-pour-encadrer-des-personnes-deplacees-internes\/","name":"Appui a la Planification urbaine dans le contexte Migratoire (UPMIC)\u00a0: un programme pour encadrer des personnes deplac\u00e9es internes - MINHDU","isPartOf":{"@id":"https:\/\/www.minhdu.gov.cm\/#website"},"datePublished":"2023-05-11T09:11:49+00:00","dateModified":"2023-05-11T09:17:28+00:00","breadcrumb":{"@id":"https:\/\/www.minhdu.gov.cm\/appui-a-la-planification-urbaine-dans-le-contexte-migratoire-upimc-un-programme-pour-encadrer-des-personnes-deplacees-internes\/#breadcrumb"},"inLanguage":"en-US","potentialAction":[{"@type":"ReadAction","target":["https:\/\/www.minhdu.gov.cm\/appui-a-la-planification-urbaine-dans-le-contexte-migratoire-upimc-un-programme-pour-encadrer-des-personnes-deplacees-internes\/"]}]},{"@type":"BreadcrumbList","@id":"https:\/\/www.minhdu.gov.cm\/appui-a-la-planification-urbaine-dans-le-contexte-migratoire-upimc-un-programme-pour-encadrer-des-personnes-deplacees-internes\/#breadcrumb","itemListElement":[{"@type":"ListItem","position":1,"name":"Home","item":"https:\/\/www.minhdu.gov.cm\/"},{"@type":"ListItem","position":2,"name":"Appui a la Planification urbaine dans le contexte Migratoire (UPMIC)\u00a0: un programme pour encadrer des personnes deplac\u00e9es internes"}]},{"@type":"WebSite","@id":"https:\/\/www.minhdu.gov.cm\/#website","url":"https:\/\/www.minhdu.gov.cm\/","name":"MINHDU","description":"","publisher":{"@id":"https:\/\/www.minhdu.gov.cm\/#organization"},"potentialAction":[{"@type":"SearchAction","target":{"@type":"EntryPoint","urlTemplate":"https:\/\/www.minhdu.gov.cm\/?s={search_term_string}"},"query-input":"required name=search_term_string"}],"inLanguage":"en-US"},{"@type":"Organization","@id":"https:\/\/www.minhdu.gov.cm\/#organization","name":"MINHDU","url":"https:\/\/www.minhdu.gov.cm\/","logo":{"@type":"ImageObject","inLanguage":"en-US","@id":"https:\/\/www.minhdu.gov.cm\/#\/schema\/logo\/image\/","url":"https:\/\/www.minhdu.gov.cm\/wp-content\/uploads\/2022\/06\/minhdu2.png","contentUrl":"https:\/\/www.minhdu.gov.cm\/wp-content\/uploads\/2022\/06\/minhdu2.png","width":250,"height":250,"caption":"MINHDU"},"image":{"@id":"https:\/\/www.minhdu.gov.cm\/#\/schema\/logo\/image\/"},"sameAs":["https:\/\/www.facebook.com\/cameroun.minhdu\/","https:\/\/twitter.com\/cameroun_minhdu"]},{"@type":"Person","@id":"https:\/\/www.minhdu.gov.cm\/#\/schema\/person\/5023cc8a630c9735614bae93292f2237","name":"Ines NGONO","image":{"@type":"ImageObject","inLanguage":"en-US","@id":"https:\/\/www.minhdu.gov.cm\/#\/schema\/person\/image\/","url":"https:\/\/secure.gravatar.com\/avatar\/1021cd1e4fa3cc9fe876a777e8d74ecb435f7367474988bce17a76f3e58d1c3b?s=96&d=mm&r=g","contentUrl":"https:\/\/secure.gravatar.com\/avatar\/1021cd1e4fa3cc9fe876a777e8d74ecb435f7367474988bce17a76f3e58d1c3b?s=96&d=mm&r=g","caption":"Ines NGONO"},"url":"https:\/\/www.minhdu.gov.cm\/author\/ines\/"}]}},"_links":{"self":[{"href":"https:\/\/www.minhdu.gov.cm\/wp-json\/wp\/v2\/posts\/12659","targetHints":{"allow":["GET"]}}],"collection":[{"href":"https:\/\/www.minhdu.gov.cm\/wp-json\/wp\/v2\/posts"}],"about":[{"href":"https:\/\/www.minhdu.gov.cm\/wp-json\/wp\/v2\/types\/post"}],"author":[{"embeddable":true,"href":"https:\/\/www.minhdu.gov.cm\/wp-json\/wp\/v2\/users\/16"}],"replies":[{"embeddable":true,"href":"https:\/\/www.minhdu.gov.cm\/wp-json\/wp\/v2\/comments?post=12659"}],"version-history":[{"count":2,"href":"https:\/\/www.minhdu.gov.cm\/wp-json\/wp\/v2\/posts\/12659\/revisions"}],"predecessor-version":[{"id":12664,"href":"https:\/\/www.minhdu.gov.cm\/wp-json\/wp\/v2\/posts\/12659\/revisions\/12664"}],"wp:featuredmedia":[{"embeddable":true,"href":"https:\/\/www.minhdu.gov.cm\/wp-json\/wp\/v2\/media\/12661"}],"wp:attachment":[{"href":"https:\/\/www.minhdu.gov.cm\/wp-json\/wp\/v2\/media?parent=12659"}],"wp:term":[{"taxonomy":"category","embeddable":true,"href":"https:\/\/www.minhdu.gov.cm\/wp-json\/wp\/v2\/categories?post=12659"},{"taxonomy":"post_tag","embeddable":true,"href":"https:\/\/www.minhdu.gov.cm\/wp-json\/wp\/v2\/tags?post=12659"},{"taxonomy":"post_folder","embeddable":true,"href":"https:\/\/www.minhdu.gov.cm\/wp-json\/wp\/v2\/post_folder?post=12659"}],"curies":[{"name":"wp","href":"https:\/\/api.w.org\/{rel}","templated":true}]}}