{"id":14322,"date":"2023-10-17T20:16:23","date_gmt":"2023-10-17T18:16:23","guid":{"rendered":"https:\/\/www.minhdu.gov.cm\/?p=14322"},"modified":"2023-10-27T11:55:21","modified_gmt":"2023-10-27T09:55:21","slug":"plateforme-urbaine-le-demarrage","status":"publish","type":"post","link":"https:\/\/www.minhdu.gov.cm\/plateforme-urbaine-le-demarrage\/","title":{"rendered":"Plateforme urbaine : le d\u00e9marrage."},"content":{"rendered":"\n<p><\/p>\n\n\n\n<p><\/p>\n\n\n\n<p>C&#8217;est \u00e0 travers la c\u00e9r\u00e9monie de lancement pr\u00e9sid\u00e9e le 20 septembre 2023, par le Ministre de l&#8217;Habitat et du D\u00e9veloppement Urbain dans un h\u00f4tel de la ville de Yaound\u00e9.<\/p>\n\n\n\n<figure class=\"wp-block-image size-large\"><img loading=\"lazy\" decoding=\"async\" width=\"1024\" height=\"767\" src=\"https:\/\/www.minhdu.gov.cm\/wp-content\/uploads\/2023\/10\/WhatsApp-Image-2023-10-17-at-11.12.40-1024x767.jpeg\" alt=\"\" class=\"wp-image-14323\"\/><\/figure>\n\n\n\n<p>Occasion pour le MINHDU d&#8217;inviter les responsables des Communes et Villes Unies du Cameroun (CVUC) de se mettre en rang serr\u00e9 derri\u00e8re ce projet qui vise \u00e0 am\u00e9liorer les politiques en mati\u00e8re d&#8217;am\u00e9nagement du territoire pour des villes durables et inclusives. Trois villes pilotes \u00e0 l&#8217;entame du projet. Il s&#8217;agit des Communaut\u00e9s urbaines de Douala, Yaound\u00e9 et Maroua. La plateforme urbaine est financ\u00e9e par l&#8217;Union Europ\u00e9enne et le gouvernement camerounais et sa mise en \u0153uvre est conduite par Expertise France. Elle vise entre autres \u00e0 renforcer les m\u00e9canismes de gestion du territoire et de planification urbaine et am\u00e9liorer la connaissance et renforcer l&#8217;accessibilit\u00e9 des donn\u00e9es urbaines, int\u00e9grant les enjeux d&#8217;inclusion et de r\u00e9silience.<\/p>\n\n\n\n<figure class=\"wp-block-image size-large\"><img loading=\"lazy\" decoding=\"async\" width=\"1024\" height=\"767\" src=\"https:\/\/www.minhdu.gov.cm\/wp-content\/uploads\/2023\/10\/WhatsApp-Image-2023-10-17-at-11.13.42-1024x767.jpeg\" alt=\"\" class=\"wp-image-14326\"\/><\/figure>\n\n\n\n<p><br><\/p>\n\n\n\n<p><br><br><\/p>\n\n\n\n<p><br><\/p>\n<span class=\"et_bloom_bottom_trigger\"><\/span>","protected":false},"excerpt":{"rendered":"<p>C&#8217;est \u00e0 travers la c\u00e9r\u00e9monie de lancement pr\u00e9sid\u00e9e le 20 septembre 2023, par le Ministre de l&#8217;Habitat et du D\u00e9veloppement Urbain dans un h\u00f4tel de la ville de Yaound\u00e9. Occasion [&hellip;]<\/p>\n","protected":false},"author":3,"featured_media":14324,"comment_status":"open","ping_status":"open","sticky":false,"template":"","format":"standard","meta":{"_et_pb_use_builder":"off","_et_pb_old_content":"","_et_gb_content_width":"","_EventAllDay":false,"_EventTimezone":"","_EventStartDate":"","_EventEndDate":"","_EventStartDateUTC":"","_EventEndDateUTC":"","_EventShowMap":false,"_EventShowMapLink":false,"_EventURL":"","_EventCost":"","_EventCostDescription":"","_EventCurrencySymbol":"","_EventCurrencyCode":"","_EventCurrencyPosition":"","_EventDateTimeSeparator":"","_EventTimeRangeSeparator":"","_EventOrganizerID":[],"_EventVenueID":0,"_OrganizerEmail":"","_OrganizerPhone":"","_OrganizerWebsite":"","_VenueAddress":"","_VenueCity":"","_VenueCountry":"","_VenueProvince":"","_VenueZip":"","_VenuePhone":"","_VenueURL":"","_VenueStateProvince":"","_VenueLat":"","_VenueLng":"","footnotes":""},"categories":[8,42],"tags":[],"post_folder":[],"class_list":["post-14322","post","type-post","status-publish","format-standard","has-post-thumbnail","hentry","category-spotlight","category-recent-news"],"yoast_head":"<!-- This site is optimized with the Yoast SEO plugin v19.13 - https:\/\/yoast.com\/wordpress\/plugins\/seo\/ -->\n<title>Plateforme urbaine : le d\u00e9marrage.<\/title>\n<meta name=\"description\" content=\"C&#039;est \u00e0 travers la c\u00e9r\u00e9monie de lancement pr\u00e9sid\u00e9e le 20 septembre 2023, par le Ministre de l&#039;Habitat et du D\u00e9veloppement Urbain dans un h\u00f4tel de la ville de Yaound\u00e9. Occasion pour le MINHDU d&#039;inviter les responsables des Communes et Villes Unies du Cameroun (CVUC) de se mettre en rang serr\u00e9 derri\u00e8re ce projet qui vise&hellip;\" \/>\n<meta name=\"robots\" content=\"index, follow, max-snippet:-1, max-image-preview:large, max-video-preview:-1\" \/>\n<link rel=\"canonical\" href=\"https:\/\/www.minhdu.gov.cm\/plateforme-urbaine-le-demarrage\/\" \/>\n<meta property=\"og:locale\" content=\"en_US\" \/>\n<meta property=\"og:type\" content=\"article\" \/>\n<meta property=\"og:title\" content=\"Plateforme urbaine : le d\u00e9marrage.\" \/>\n<meta property=\"og:description\" content=\"C&#039;est \u00e0 travers la c\u00e9r\u00e9monie de lancement pr\u00e9sid\u00e9e le 20 septembre 2023, par le Ministre de l&#039;Habitat et du D\u00e9veloppement Urbain dans un h\u00f4tel de la ville de Yaound\u00e9. Occasion pour le MINHDU d&#039;inviter les responsables des Communes et Villes Unies du Cameroun (CVUC) de se mettre en rang serr\u00e9 derri\u00e8re ce projet qui vise&hellip;\" \/>\n<meta property=\"og:url\" content=\"https:\/\/www.minhdu.gov.cm\/plateforme-urbaine-le-demarrage\/\" \/>\n<meta property=\"og:site_name\" content=\"MINHDU\" \/>\n<meta property=\"article:publisher\" content=\"https:\/\/www.facebook.com\/cameroun.minhdu\/\" \/>\n<meta property=\"article:published_time\" content=\"2023-10-17T18:16:23+00:00\" \/>\n<meta property=\"article:modified_time\" content=\"2023-10-27T09:55:21+00:00\" \/>\n<meta property=\"og:image\" content=\"https:\/\/www.minhdu.gov.cm\/wp-content\/uploads\/2023\/10\/WhatsApp-Image-2023-10-17-at-11.13.03.jpeg\" \/>\n\t<meta property=\"og:image:width\" content=\"1080\" \/>\n\t<meta property=\"og:image:height\" content=\"809\" \/>\n\t<meta property=\"og:image:type\" content=\"image\/jpeg\" \/>\n<meta name=\"author\" content=\"Michelle ONDOA\" \/>\n<meta name=\"twitter:card\" content=\"summary_large_image\" \/>\n<meta name=\"twitter:creator\" content=\"@cameroun_minhdu\" \/>\n<meta name=\"twitter:site\" content=\"@cameroun_minhdu\" \/>\n<meta name=\"twitter:label1\" content=\"Written by\" \/>\n\t<meta name=\"twitter:data1\" content=\"Michelle ONDOA\" \/>\n\t<meta name=\"twitter:label2\" content=\"Est. reading time\" \/>\n\t<meta name=\"twitter:data2\" content=\"1 minute\" \/>\n<script type=\"application\/ld+json\" class=\"yoast-schema-graph\">{\"@context\":\"https:\/\/schema.org\",\"@graph\":[{\"@type\":\"Article\",\"@id\":\"https:\/\/www.minhdu.gov.cm\/plateforme-urbaine-le-demarrage\/#article\",\"isPartOf\":{\"@id\":\"https:\/\/www.minhdu.gov.cm\/plateforme-urbaine-le-demarrage\/\"},\"author\":{\"name\":\"Michelle ONDOA\",\"@id\":\"https:\/\/www.minhdu.gov.cm\/#\/schema\/person\/7f9b5a15b2f3c584abe9a7d009c19d79\"},\"headline\":\"Plateforme urbaine : le d\u00e9marrage.\",\"datePublished\":\"2023-10-17T18:16:23+00:00\",\"dateModified\":\"2023-10-27T09:55:21+00:00\",\"mainEntityOfPage\":{\"@id\":\"https:\/\/www.minhdu.gov.cm\/plateforme-urbaine-le-demarrage\/\"},\"wordCount\":159,\"commentCount\":0,\"publisher\":{\"@id\":\"https:\/\/www.minhdu.gov.cm\/#organization\"},\"articleSection\":[\"spotlight\",\"Recent News\"],\"inLanguage\":\"en-US\",\"potentialAction\":[{\"@type\":\"CommentAction\",\"name\":\"Comment\",\"target\":[\"https:\/\/www.minhdu.gov.cm\/plateforme-urbaine-le-demarrage\/#respond\"]}]},{\"@type\":\"WebPage\",\"@id\":\"https:\/\/www.minhdu.gov.cm\/plateforme-urbaine-le-demarrage\/\",\"url\":\"https:\/\/www.minhdu.gov.cm\/plateforme-urbaine-le-demarrage\/\",\"name\":\"Plateforme urbaine : le d\u00e9marrage. - MINHDU\",\"isPartOf\":{\"@id\":\"https:\/\/www.minhdu.gov.cm\/#website\"},\"datePublished\":\"2023-10-17T18:16:23+00:00\",\"dateModified\":\"2023-10-27T09:55:21+00:00\",\"breadcrumb\":{\"@id\":\"https:\/\/www.minhdu.gov.cm\/plateforme-urbaine-le-demarrage\/#breadcrumb\"},\"inLanguage\":\"en-US\",\"potentialAction\":[{\"@type\":\"ReadAction\",\"target\":[\"https:\/\/www.minhdu.gov.cm\/plateforme-urbaine-le-demarrage\/\"]}]},{\"@type\":\"BreadcrumbList\",\"@id\":\"https:\/\/www.minhdu.gov.cm\/plateforme-urbaine-le-demarrage\/#breadcrumb\",\"itemListElement\":[{\"@type\":\"ListItem\",\"position\":1,\"name\":\"Home\",\"item\":\"https:\/\/www.minhdu.gov.cm\/\"},{\"@type\":\"ListItem\",\"position\":2,\"name\":\"Plateforme urbaine : le d\u00e9marrage.\"}]},{\"@type\":\"WebSite\",\"@id\":\"https:\/\/www.minhdu.gov.cm\/#website\",\"url\":\"https:\/\/www.minhdu.gov.cm\/\",\"name\":\"MINHDU\",\"description\":\"\",\"publisher\":{\"@id\":\"https:\/\/www.minhdu.gov.cm\/#organization\"},\"potentialAction\":[{\"@type\":\"SearchAction\",\"target\":{\"@type\":\"EntryPoint\",\"urlTemplate\":\"https:\/\/www.minhdu.gov.cm\/?s={search_term_string}\"},\"query-input\":\"required name=search_term_string\"}],\"inLanguage\":\"en-US\"},{\"@type\":\"Organization\",\"@id\":\"https:\/\/www.minhdu.gov.cm\/#organization\",\"name\":\"MINHDU\",\"url\":\"https:\/\/www.minhdu.gov.cm\/\",\"logo\":{\"@type\":\"ImageObject\",\"inLanguage\":\"en-US\",\"@id\":\"https:\/\/www.minhdu.gov.cm\/#\/schema\/logo\/image\/\",\"url\":\"https:\/\/www.minhdu.gov.cm\/wp-content\/uploads\/2022\/06\/minhdu2.png\",\"contentUrl\":\"https:\/\/www.minhdu.gov.cm\/wp-content\/uploads\/2022\/06\/minhdu2.png\",\"width\":250,\"height\":250,\"caption\":\"MINHDU\"},\"image\":{\"@id\":\"https:\/\/www.minhdu.gov.cm\/#\/schema\/logo\/image\/\"},\"sameAs\":[\"https:\/\/www.facebook.com\/cameroun.minhdu\/\",\"https:\/\/twitter.com\/cameroun_minhdu\"]},{\"@type\":\"Person\",\"@id\":\"https:\/\/www.minhdu.gov.cm\/#\/schema\/person\/7f9b5a15b2f3c584abe9a7d009c19d79\",\"name\":\"Michelle ONDOA\",\"image\":{\"@type\":\"ImageObject\",\"inLanguage\":\"en-US\",\"@id\":\"https:\/\/www.minhdu.gov.cm\/#\/schema\/person\/image\/\",\"url\":\"https:\/\/secure.gravatar.com\/avatar\/46cf1e505199b6f090134a2687116acf8a0e53bd822d5e21a095bd7a64584085?s=96&d=mm&r=g\",\"contentUrl\":\"https:\/\/secure.gravatar.com\/avatar\/46cf1e505199b6f090134a2687116acf8a0e53bd822d5e21a095bd7a64584085?s=96&d=mm&r=g\",\"caption\":\"Michelle ONDOA\"},\"url\":\"https:\/\/www.minhdu.gov.cm\/author\/michelle\/\"}]}<\/script>\n<!-- \/ Yoast SEO plugin. -->","yoast_head_json":{"title":"Plateforme urbaine : le d\u00e9marrage.","description":"C'est \u00e0 travers la c\u00e9r\u00e9monie de lancement pr\u00e9sid\u00e9e le 20 septembre 2023, par le Ministre de l'Habitat et du D\u00e9veloppement Urbain dans un h\u00f4tel de la ville de Yaound\u00e9. Occasion pour le MINHDU d'inviter les responsables des Communes et Villes Unies du Cameroun (CVUC) de se mettre en rang serr\u00e9 derri\u00e8re ce projet qui vise&hellip;","robots":{"index":"index","follow":"follow","max-snippet":"max-snippet:-1","max-image-preview":"max-image-preview:large","max-video-preview":"max-video-preview:-1"},"canonical":"https:\/\/www.minhdu.gov.cm\/plateforme-urbaine-le-demarrage\/","og_locale":"en_US","og_type":"article","og_title":"Plateforme urbaine : le d\u00e9marrage.","og_description":"C'est \u00e0 travers la c\u00e9r\u00e9monie de lancement pr\u00e9sid\u00e9e le 20 septembre 2023, par le Ministre de l'Habitat et du D\u00e9veloppement Urbain dans un h\u00f4tel de la ville de Yaound\u00e9. Occasion pour le MINHDU d'inviter les responsables des Communes et Villes Unies du Cameroun (CVUC) de se mettre en rang serr\u00e9 derri\u00e8re ce projet qui vise&hellip;","og_url":"https:\/\/www.minhdu.gov.cm\/plateforme-urbaine-le-demarrage\/","og_site_name":"MINHDU","article_publisher":"https:\/\/www.facebook.com\/cameroun.minhdu\/","article_published_time":"2023-10-17T18:16:23+00:00","article_modified_time":"2023-10-27T09:55:21+00:00","og_image":[{"width":1080,"height":809,"url":"https:\/\/www.minhdu.gov.cm\/wp-content\/uploads\/2023\/10\/WhatsApp-Image-2023-10-17-at-11.13.03.jpeg","type":"image\/jpeg"}],"author":"Michelle ONDOA","twitter_card":"summary_large_image","twitter_creator":"@cameroun_minhdu","twitter_site":"@cameroun_minhdu","twitter_misc":{"Written by":"Michelle ONDOA","Est. reading time":"1 minute"},"schema":{"@context":"https:\/\/schema.org","@graph":[{"@type":"Article","@id":"https:\/\/www.minhdu.gov.cm\/plateforme-urbaine-le-demarrage\/#article","isPartOf":{"@id":"https:\/\/www.minhdu.gov.cm\/plateforme-urbaine-le-demarrage\/"},"author":{"name":"Michelle ONDOA","@id":"https:\/\/www.minhdu.gov.cm\/#\/schema\/person\/7f9b5a15b2f3c584abe9a7d009c19d79"},"headline":"Plateforme urbaine : le d\u00e9marrage.","datePublished":"2023-10-17T18:16:23+00:00","dateModified":"2023-10-27T09:55:21+00:00","mainEntityOfPage":{"@id":"https:\/\/www.minhdu.gov.cm\/plateforme-urbaine-le-demarrage\/"},"wordCount":159,"commentCount":0,"publisher":{"@id":"https:\/\/www.minhdu.gov.cm\/#organization"},"articleSection":["spotlight","Recent News"],"inLanguage":"en-US","potentialAction":[{"@type":"CommentAction","name":"Comment","target":["https:\/\/www.minhdu.gov.cm\/plateforme-urbaine-le-demarrage\/#respond"]}]},{"@type":"WebPage","@id":"https:\/\/www.minhdu.gov.cm\/plateforme-urbaine-le-demarrage\/","url":"https:\/\/www.minhdu.gov.cm\/plateforme-urbaine-le-demarrage\/","name":"Plateforme urbaine : le d\u00e9marrage. - MINHDU","isPartOf":{"@id":"https:\/\/www.minhdu.gov.cm\/#website"},"datePublished":"2023-10-17T18:16:23+00:00","dateModified":"2023-10-27T09:55:21+00:00","breadcrumb":{"@id":"https:\/\/www.minhdu.gov.cm\/plateforme-urbaine-le-demarrage\/#breadcrumb"},"inLanguage":"en-US","potentialAction":[{"@type":"ReadAction","target":["https:\/\/www.minhdu.gov.cm\/plateforme-urbaine-le-demarrage\/"]}]},{"@type":"BreadcrumbList","@id":"https:\/\/www.minhdu.gov.cm\/plateforme-urbaine-le-demarrage\/#breadcrumb","itemListElement":[{"@type":"ListItem","position":1,"name":"Home","item":"https:\/\/www.minhdu.gov.cm\/"},{"@type":"ListItem","position":2,"name":"Plateforme urbaine : le d\u00e9marrage."}]},{"@type":"WebSite","@id":"https:\/\/www.minhdu.gov.cm\/#website","url":"https:\/\/www.minhdu.gov.cm\/","name":"MINHDU","description":"","publisher":{"@id":"https:\/\/www.minhdu.gov.cm\/#organization"},"potentialAction":[{"@type":"SearchAction","target":{"@type":"EntryPoint","urlTemplate":"https:\/\/www.minhdu.gov.cm\/?s={search_term_string}"},"query-input":"required name=search_term_string"}],"inLanguage":"en-US"},{"@type":"Organization","@id":"https:\/\/www.minhdu.gov.cm\/#organization","name":"MINHDU","url":"https:\/\/www.minhdu.gov.cm\/","logo":{"@type":"ImageObject","inLanguage":"en-US","@id":"https:\/\/www.minhdu.gov.cm\/#\/schema\/logo\/image\/","url":"https:\/\/www.minhdu.gov.cm\/wp-content\/uploads\/2022\/06\/minhdu2.png","contentUrl":"https:\/\/www.minhdu.gov.cm\/wp-content\/uploads\/2022\/06\/minhdu2.png","width":250,"height":250,"caption":"MINHDU"},"image":{"@id":"https:\/\/www.minhdu.gov.cm\/#\/schema\/logo\/image\/"},"sameAs":["https:\/\/www.facebook.com\/cameroun.minhdu\/","https:\/\/twitter.com\/cameroun_minhdu"]},{"@type":"Person","@id":"https:\/\/www.minhdu.gov.cm\/#\/schema\/person\/7f9b5a15b2f3c584abe9a7d009c19d79","name":"Michelle ONDOA","image":{"@type":"ImageObject","inLanguage":"en-US","@id":"https:\/\/www.minhdu.gov.cm\/#\/schema\/person\/image\/","url":"https:\/\/secure.gravatar.com\/avatar\/46cf1e505199b6f090134a2687116acf8a0e53bd822d5e21a095bd7a64584085?s=96&d=mm&r=g","contentUrl":"https:\/\/secure.gravatar.com\/avatar\/46cf1e505199b6f090134a2687116acf8a0e53bd822d5e21a095bd7a64584085?s=96&d=mm&r=g","caption":"Michelle ONDOA"},"url":"https:\/\/www.minhdu.gov.cm\/author\/michelle\/"}]}},"_links":{"self":[{"href":"https:\/\/www.minhdu.gov.cm\/wp-json\/wp\/v2\/posts\/14322","targetHints":{"allow":["GET"]}}],"collection":[{"href":"https:\/\/www.minhdu.gov.cm\/wp-json\/wp\/v2\/posts"}],"about":[{"href":"https:\/\/www.minhdu.gov.cm\/wp-json\/wp\/v2\/types\/post"}],"author":[{"embeddable":true,"href":"https:\/\/www.minhdu.gov.cm\/wp-json\/wp\/v2\/users\/3"}],"replies":[{"embeddable":true,"href":"https:\/\/www.minhdu.gov.cm\/wp-json\/wp\/v2\/comments?post=14322"}],"version-history":[{"count":3,"href":"https:\/\/www.minhdu.gov.cm\/wp-json\/wp\/v2\/posts\/14322\/revisions"}],"predecessor-version":[{"id":14411,"href":"https:\/\/www.minhdu.gov.cm\/wp-json\/wp\/v2\/posts\/14322\/revisions\/14411"}],"wp:featuredmedia":[{"embeddable":true,"href":"https:\/\/www.minhdu.gov.cm\/wp-json\/wp\/v2\/media\/14324"}],"wp:attachment":[{"href":"https:\/\/www.minhdu.gov.cm\/wp-json\/wp\/v2\/media?parent=14322"}],"wp:term":[{"taxonomy":"category","embeddable":true,"href":"https:\/\/www.minhdu.gov.cm\/wp-json\/wp\/v2\/categories?post=14322"},{"taxonomy":"post_tag","embeddable":true,"href":"https:\/\/www.minhdu.gov.cm\/wp-json\/wp\/v2\/tags?post=14322"},{"taxonomy":"post_folder","embeddable":true,"href":"https:\/\/www.minhdu.gov.cm\/wp-json\/wp\/v2\/post_folder?post=14322"}],"curies":[{"name":"wp","href":"https:\/\/api.w.org\/{rel}","templated":true}]}}