{"id":14381,"date":"2023-10-23T17:16:38","date_gmt":"2023-10-23T15:16:38","guid":{"rendered":"https:\/\/www.minhdu.gov.cm\/?p=14381"},"modified":"2023-10-27T11:54:44","modified_gmt":"2023-10-27T09:54:44","slug":"appropriation-des-bonnes-pratiques-rwandaises-en-matiere-de-gestion-des-dechets-les-communes-sactivent-2-2-3-2-2-2","status":"publish","type":"post","link":"https:\/\/www.minhdu.gov.cm\/appropriation-des-bonnes-pratiques-rwandaises-en-matiere-de-gestion-des-dechets-les-communes-sactivent-2-2-3-2-2-2\/","title":{"rendered":"Coop\u00e9ration : la Banque mondiale et le Cameroun \u0153uvrent pour la modernisation des villes Camerounaise."},"content":{"rendered":"\n<p><\/p>\n\n\n\n<p>C&#8217;est le principal point des \u00e9changes entre le Ministre de l&#8217;Habitat et du D\u00e9veloppement Urbain et une mission de la Banque mondiale qu&#8217;elle a re\u00e7u en audience en d\u00e9but de cette matin\u00e9e du 20 octobre 2023. Conduite par Madame Guillemette Jaffrin, Directrice adjointe Cameroun de la Banque mondiale l&#8217;occasion a permis aux deux parties de faire la restitution des des s\u00e9ances de travail men\u00e9es depuis le d\u00e9but de la mission le 16 octobre 2023. Le point essentiel de ces travaux a \u00e9t\u00e9 la perspective du Programme de modernisation des villes avec un accent port\u00e9 sur la restructuration\/r\u00e9novation dans les deux villes capitales du Cameroun qui sont Yaound\u00e9 et Douala. Une initiative qui arrive dans la continuit\u00e9 du Projet de D\u00e9veloppement des Villes Inclusives et R\u00e9silientes (PDVIR) qui s&#8217;ach\u00e8ve bient\u00f4t et qui intervient d\u00e9j\u00e0 dans les villes de Yaound\u00e9 (Centre), Douala (Littoral), Batouri (Est), Ngaound\u00e9r\u00e9 (Adamaoua) , Maroua et Kousseri (Extr\u00eame Nord) et kumba (Sud ouest) sur le financement de la Banque mondiale et de l&#8217;\u00c9tat du Cameroun<\/p>\n\n\n\n<p><br><\/p>\n\n\n\n<p><br><br><\/p>\n\n\n\n<p><br><\/p>\n<span class=\"et_bloom_bottom_trigger\"><\/span>","protected":false},"excerpt":{"rendered":"<p>C&#8217;est le principal point des \u00e9changes entre le Ministre de l&#8217;Habitat et du D\u00e9veloppement Urbain et une mission de la Banque mondiale qu&#8217;elle a re\u00e7u en audience en d\u00e9but de [&hellip;]<\/p>\n","protected":false},"author":3,"featured_media":14385,"comment_status":"open","ping_status":"open","sticky":false,"template":"","format":"standard","meta":{"_et_pb_use_builder":"off","_et_pb_old_content":"","_et_gb_content_width":"","_EventAllDay":false,"_EventTimezone":"","_EventStartDate":"","_EventEndDate":"","_EventStartDateUTC":"","_EventEndDateUTC":"","_EventShowMap":false,"_EventShowMapLink":false,"_EventURL":"","_EventCost":"","_EventCostDescription":"","_EventCurrencySymbol":"","_EventCurrencyCode":"","_EventCurrencyPosition":"","_EventDateTimeSeparator":"","_EventTimeRangeSeparator":"","_EventOrganizerID":[],"_EventVenueID":0,"_OrganizerEmail":"","_OrganizerPhone":"","_OrganizerWebsite":"","_VenueAddress":"","_VenueCity":"","_VenueCountry":"","_VenueProvince":"","_VenueZip":"","_VenuePhone":"","_VenueURL":"","_VenueStateProvince":"","_VenueLat":"","_VenueLng":"","footnotes":""},"categories":[8,42],"tags":[],"post_folder":[],"class_list":["post-14381","post","type-post","status-publish","format-standard","has-post-thumbnail","hentry","category-spotlight","category-recent-news"],"yoast_head":"<!-- This site is optimized with the Yoast SEO plugin v19.13 - https:\/\/yoast.com\/wordpress\/plugins\/seo\/ -->\n<title>Coop\u00e9ration : la Banque mondiale et le Cameroun \u0153uvrent pour la modernisation des villes Camerounaise.<\/title>\n<meta name=\"description\" content=\"C&#039;est le principal point des \u00e9changes entre le Ministre de l&#039;Habitat et du D\u00e9veloppement Urbain et une mission de la Banque mondiale qu&#039;elle a re\u00e7u en audience en d\u00e9but de cette matin\u00e9e du 20 octobre 2023. Conduite par Madame Guillemette Jaffrin, Directrice adjointe Cameroun de la Banque mondiale l&#039;occasion a permis aux deux parties de&hellip;\" \/>\n<meta name=\"robots\" content=\"index, follow, max-snippet:-1, max-image-preview:large, max-video-preview:-1\" \/>\n<link rel=\"canonical\" href=\"https:\/\/www.minhdu.gov.cm\/appropriation-des-bonnes-pratiques-rwandaises-en-matiere-de-gestion-des-dechets-les-communes-sactivent-2-2-3-2-2-2\/\" \/>\n<meta property=\"og:locale\" content=\"en_US\" \/>\n<meta property=\"og:type\" content=\"article\" \/>\n<meta property=\"og:title\" content=\"Coop\u00e9ration : la Banque mondiale et le Cameroun \u0153uvrent pour la modernisation des villes Camerounaise.\" \/>\n<meta property=\"og:description\" content=\"C&#039;est le principal point des \u00e9changes entre le Ministre de l&#039;Habitat et du D\u00e9veloppement Urbain et une mission de la Banque mondiale qu&#039;elle a re\u00e7u en audience en d\u00e9but de cette matin\u00e9e du 20 octobre 2023. Conduite par Madame Guillemette Jaffrin, Directrice adjointe Cameroun de la Banque mondiale l&#039;occasion a permis aux deux parties de&hellip;\" \/>\n<meta property=\"og:url\" content=\"https:\/\/www.minhdu.gov.cm\/appropriation-des-bonnes-pratiques-rwandaises-en-matiere-de-gestion-des-dechets-les-communes-sactivent-2-2-3-2-2-2\/\" \/>\n<meta property=\"og:site_name\" content=\"MINHDU\" \/>\n<meta property=\"article:publisher\" content=\"https:\/\/www.facebook.com\/cameroun.minhdu\/\" \/>\n<meta property=\"article:published_time\" content=\"2023-10-23T15:16:38+00:00\" \/>\n<meta property=\"article:modified_time\" content=\"2023-10-27T09:54:44+00:00\" \/>\n<meta property=\"og:image\" content=\"https:\/\/www.minhdu.gov.cm\/wp-content\/uploads\/2023\/10\/WhatsApp-Image-2023-10-22-at-14.58.44.jpeg\" \/>\n\t<meta property=\"og:image:width\" content=\"1080\" \/>\n\t<meta property=\"og:image:height\" content=\"809\" \/>\n\t<meta property=\"og:image:type\" content=\"image\/jpeg\" \/>\n<meta name=\"author\" content=\"Michelle ONDOA\" \/>\n<meta name=\"twitter:card\" content=\"summary_large_image\" \/>\n<meta name=\"twitter:creator\" content=\"@cameroun_minhdu\" \/>\n<meta name=\"twitter:site\" content=\"@cameroun_minhdu\" \/>\n<meta name=\"twitter:label1\" content=\"Written by\" \/>\n\t<meta name=\"twitter:data1\" content=\"Michelle ONDOA\" \/>\n\t<meta name=\"twitter:label2\" content=\"Est. reading time\" \/>\n\t<meta name=\"twitter:data2\" content=\"1 minute\" \/>\n<script type=\"application\/ld+json\" class=\"yoast-schema-graph\">{\"@context\":\"https:\/\/schema.org\",\"@graph\":[{\"@type\":\"Article\",\"@id\":\"https:\/\/www.minhdu.gov.cm\/appropriation-des-bonnes-pratiques-rwandaises-en-matiere-de-gestion-des-dechets-les-communes-sactivent-2-2-3-2-2-2\/#article\",\"isPartOf\":{\"@id\":\"https:\/\/www.minhdu.gov.cm\/appropriation-des-bonnes-pratiques-rwandaises-en-matiere-de-gestion-des-dechets-les-communes-sactivent-2-2-3-2-2-2\/\"},\"author\":{\"name\":\"Michelle ONDOA\",\"@id\":\"https:\/\/www.minhdu.gov.cm\/#\/schema\/person\/7f9b5a15b2f3c584abe9a7d009c19d79\"},\"headline\":\"Coop\u00e9ration : la Banque mondiale et le Cameroun \u0153uvrent pour la modernisation des villes Camerounaise.\",\"datePublished\":\"2023-10-23T15:16:38+00:00\",\"dateModified\":\"2023-10-27T09:54:44+00:00\",\"mainEntityOfPage\":{\"@id\":\"https:\/\/www.minhdu.gov.cm\/appropriation-des-bonnes-pratiques-rwandaises-en-matiere-de-gestion-des-dechets-les-communes-sactivent-2-2-3-2-2-2\/\"},\"wordCount\":194,\"commentCount\":0,\"publisher\":{\"@id\":\"https:\/\/www.minhdu.gov.cm\/#organization\"},\"articleSection\":[\"spotlight\",\"Recent News\"],\"inLanguage\":\"en-US\",\"potentialAction\":[{\"@type\":\"CommentAction\",\"name\":\"Comment\",\"target\":[\"https:\/\/www.minhdu.gov.cm\/appropriation-des-bonnes-pratiques-rwandaises-en-matiere-de-gestion-des-dechets-les-communes-sactivent-2-2-3-2-2-2\/#respond\"]}]},{\"@type\":\"WebPage\",\"@id\":\"https:\/\/www.minhdu.gov.cm\/appropriation-des-bonnes-pratiques-rwandaises-en-matiere-de-gestion-des-dechets-les-communes-sactivent-2-2-3-2-2-2\/\",\"url\":\"https:\/\/www.minhdu.gov.cm\/appropriation-des-bonnes-pratiques-rwandaises-en-matiere-de-gestion-des-dechets-les-communes-sactivent-2-2-3-2-2-2\/\",\"name\":\"Coop\u00e9ration : la Banque mondiale et le Cameroun \u0153uvrent pour la modernisation des villes Camerounaise. - MINHDU\",\"isPartOf\":{\"@id\":\"https:\/\/www.minhdu.gov.cm\/#website\"},\"datePublished\":\"2023-10-23T15:16:38+00:00\",\"dateModified\":\"2023-10-27T09:54:44+00:00\",\"breadcrumb\":{\"@id\":\"https:\/\/www.minhdu.gov.cm\/appropriation-des-bonnes-pratiques-rwandaises-en-matiere-de-gestion-des-dechets-les-communes-sactivent-2-2-3-2-2-2\/#breadcrumb\"},\"inLanguage\":\"en-US\",\"potentialAction\":[{\"@type\":\"ReadAction\",\"target\":[\"https:\/\/www.minhdu.gov.cm\/appropriation-des-bonnes-pratiques-rwandaises-en-matiere-de-gestion-des-dechets-les-communes-sactivent-2-2-3-2-2-2\/\"]}]},{\"@type\":\"BreadcrumbList\",\"@id\":\"https:\/\/www.minhdu.gov.cm\/appropriation-des-bonnes-pratiques-rwandaises-en-matiere-de-gestion-des-dechets-les-communes-sactivent-2-2-3-2-2-2\/#breadcrumb\",\"itemListElement\":[{\"@type\":\"ListItem\",\"position\":1,\"name\":\"Home\",\"item\":\"https:\/\/www.minhdu.gov.cm\/\"},{\"@type\":\"ListItem\",\"position\":2,\"name\":\"Coop\u00e9ration : la Banque mondiale et le Cameroun \u0153uvrent pour la modernisation des villes Camerounaise.\"}]},{\"@type\":\"WebSite\",\"@id\":\"https:\/\/www.minhdu.gov.cm\/#website\",\"url\":\"https:\/\/www.minhdu.gov.cm\/\",\"name\":\"MINHDU\",\"description\":\"\",\"publisher\":{\"@id\":\"https:\/\/www.minhdu.gov.cm\/#organization\"},\"potentialAction\":[{\"@type\":\"SearchAction\",\"target\":{\"@type\":\"EntryPoint\",\"urlTemplate\":\"https:\/\/www.minhdu.gov.cm\/?s={search_term_string}\"},\"query-input\":\"required name=search_term_string\"}],\"inLanguage\":\"en-US\"},{\"@type\":\"Organization\",\"@id\":\"https:\/\/www.minhdu.gov.cm\/#organization\",\"name\":\"MINHDU\",\"url\":\"https:\/\/www.minhdu.gov.cm\/\",\"logo\":{\"@type\":\"ImageObject\",\"inLanguage\":\"en-US\",\"@id\":\"https:\/\/www.minhdu.gov.cm\/#\/schema\/logo\/image\/\",\"url\":\"https:\/\/www.minhdu.gov.cm\/wp-content\/uploads\/2022\/06\/minhdu2.png\",\"contentUrl\":\"https:\/\/www.minhdu.gov.cm\/wp-content\/uploads\/2022\/06\/minhdu2.png\",\"width\":250,\"height\":250,\"caption\":\"MINHDU\"},\"image\":{\"@id\":\"https:\/\/www.minhdu.gov.cm\/#\/schema\/logo\/image\/\"},\"sameAs\":[\"https:\/\/www.facebook.com\/cameroun.minhdu\/\",\"https:\/\/twitter.com\/cameroun_minhdu\"]},{\"@type\":\"Person\",\"@id\":\"https:\/\/www.minhdu.gov.cm\/#\/schema\/person\/7f9b5a15b2f3c584abe9a7d009c19d79\",\"name\":\"Michelle ONDOA\",\"image\":{\"@type\":\"ImageObject\",\"inLanguage\":\"en-US\",\"@id\":\"https:\/\/www.minhdu.gov.cm\/#\/schema\/person\/image\/\",\"url\":\"https:\/\/secure.gravatar.com\/avatar\/46cf1e505199b6f090134a2687116acf8a0e53bd822d5e21a095bd7a64584085?s=96&d=mm&r=g\",\"contentUrl\":\"https:\/\/secure.gravatar.com\/avatar\/46cf1e505199b6f090134a2687116acf8a0e53bd822d5e21a095bd7a64584085?s=96&d=mm&r=g\",\"caption\":\"Michelle ONDOA\"},\"url\":\"https:\/\/www.minhdu.gov.cm\/author\/michelle\/\"}]}<\/script>\n<!-- \/ Yoast SEO plugin. -->","yoast_head_json":{"title":"Coop\u00e9ration : la Banque mondiale et le Cameroun \u0153uvrent pour la modernisation des villes Camerounaise.","description":"C'est le principal point des \u00e9changes entre le Ministre de l'Habitat et du D\u00e9veloppement Urbain et une mission de la Banque mondiale qu'elle a re\u00e7u en audience en d\u00e9but de cette matin\u00e9e du 20 octobre 2023. Conduite par Madame Guillemette Jaffrin, Directrice adjointe Cameroun de la Banque mondiale l'occasion a permis aux deux parties de&hellip;","robots":{"index":"index","follow":"follow","max-snippet":"max-snippet:-1","max-image-preview":"max-image-preview:large","max-video-preview":"max-video-preview:-1"},"canonical":"https:\/\/www.minhdu.gov.cm\/appropriation-des-bonnes-pratiques-rwandaises-en-matiere-de-gestion-des-dechets-les-communes-sactivent-2-2-3-2-2-2\/","og_locale":"en_US","og_type":"article","og_title":"Coop\u00e9ration : la Banque mondiale et le Cameroun \u0153uvrent pour la modernisation des villes Camerounaise.","og_description":"C'est le principal point des \u00e9changes entre le Ministre de l'Habitat et du D\u00e9veloppement Urbain et une mission de la Banque mondiale qu'elle a re\u00e7u en audience en d\u00e9but de cette matin\u00e9e du 20 octobre 2023. Conduite par Madame Guillemette Jaffrin, Directrice adjointe Cameroun de la Banque mondiale l'occasion a permis aux deux parties de&hellip;","og_url":"https:\/\/www.minhdu.gov.cm\/appropriation-des-bonnes-pratiques-rwandaises-en-matiere-de-gestion-des-dechets-les-communes-sactivent-2-2-3-2-2-2\/","og_site_name":"MINHDU","article_publisher":"https:\/\/www.facebook.com\/cameroun.minhdu\/","article_published_time":"2023-10-23T15:16:38+00:00","article_modified_time":"2023-10-27T09:54:44+00:00","og_image":[{"width":1080,"height":809,"url":"https:\/\/www.minhdu.gov.cm\/wp-content\/uploads\/2023\/10\/WhatsApp-Image-2023-10-22-at-14.58.44.jpeg","type":"image\/jpeg"}],"author":"Michelle ONDOA","twitter_card":"summary_large_image","twitter_creator":"@cameroun_minhdu","twitter_site":"@cameroun_minhdu","twitter_misc":{"Written by":"Michelle ONDOA","Est. reading time":"1 minute"},"schema":{"@context":"https:\/\/schema.org","@graph":[{"@type":"Article","@id":"https:\/\/www.minhdu.gov.cm\/appropriation-des-bonnes-pratiques-rwandaises-en-matiere-de-gestion-des-dechets-les-communes-sactivent-2-2-3-2-2-2\/#article","isPartOf":{"@id":"https:\/\/www.minhdu.gov.cm\/appropriation-des-bonnes-pratiques-rwandaises-en-matiere-de-gestion-des-dechets-les-communes-sactivent-2-2-3-2-2-2\/"},"author":{"name":"Michelle ONDOA","@id":"https:\/\/www.minhdu.gov.cm\/#\/schema\/person\/7f9b5a15b2f3c584abe9a7d009c19d79"},"headline":"Coop\u00e9ration : la Banque mondiale et le Cameroun \u0153uvrent pour la modernisation des villes Camerounaise.","datePublished":"2023-10-23T15:16:38+00:00","dateModified":"2023-10-27T09:54:44+00:00","mainEntityOfPage":{"@id":"https:\/\/www.minhdu.gov.cm\/appropriation-des-bonnes-pratiques-rwandaises-en-matiere-de-gestion-des-dechets-les-communes-sactivent-2-2-3-2-2-2\/"},"wordCount":194,"commentCount":0,"publisher":{"@id":"https:\/\/www.minhdu.gov.cm\/#organization"},"articleSection":["spotlight","Recent News"],"inLanguage":"en-US","potentialAction":[{"@type":"CommentAction","name":"Comment","target":["https:\/\/www.minhdu.gov.cm\/appropriation-des-bonnes-pratiques-rwandaises-en-matiere-de-gestion-des-dechets-les-communes-sactivent-2-2-3-2-2-2\/#respond"]}]},{"@type":"WebPage","@id":"https:\/\/www.minhdu.gov.cm\/appropriation-des-bonnes-pratiques-rwandaises-en-matiere-de-gestion-des-dechets-les-communes-sactivent-2-2-3-2-2-2\/","url":"https:\/\/www.minhdu.gov.cm\/appropriation-des-bonnes-pratiques-rwandaises-en-matiere-de-gestion-des-dechets-les-communes-sactivent-2-2-3-2-2-2\/","name":"Coop\u00e9ration : la Banque mondiale et le Cameroun \u0153uvrent pour la modernisation des villes Camerounaise. - MINHDU","isPartOf":{"@id":"https:\/\/www.minhdu.gov.cm\/#website"},"datePublished":"2023-10-23T15:16:38+00:00","dateModified":"2023-10-27T09:54:44+00:00","breadcrumb":{"@id":"https:\/\/www.minhdu.gov.cm\/appropriation-des-bonnes-pratiques-rwandaises-en-matiere-de-gestion-des-dechets-les-communes-sactivent-2-2-3-2-2-2\/#breadcrumb"},"inLanguage":"en-US","potentialAction":[{"@type":"ReadAction","target":["https:\/\/www.minhdu.gov.cm\/appropriation-des-bonnes-pratiques-rwandaises-en-matiere-de-gestion-des-dechets-les-communes-sactivent-2-2-3-2-2-2\/"]}]},{"@type":"BreadcrumbList","@id":"https:\/\/www.minhdu.gov.cm\/appropriation-des-bonnes-pratiques-rwandaises-en-matiere-de-gestion-des-dechets-les-communes-sactivent-2-2-3-2-2-2\/#breadcrumb","itemListElement":[{"@type":"ListItem","position":1,"name":"Home","item":"https:\/\/www.minhdu.gov.cm\/"},{"@type":"ListItem","position":2,"name":"Coop\u00e9ration : la Banque mondiale et le Cameroun \u0153uvrent pour la modernisation des villes Camerounaise."}]},{"@type":"WebSite","@id":"https:\/\/www.minhdu.gov.cm\/#website","url":"https:\/\/www.minhdu.gov.cm\/","name":"MINHDU","description":"","publisher":{"@id":"https:\/\/www.minhdu.gov.cm\/#organization"},"potentialAction":[{"@type":"SearchAction","target":{"@type":"EntryPoint","urlTemplate":"https:\/\/www.minhdu.gov.cm\/?s={search_term_string}"},"query-input":"required name=search_term_string"}],"inLanguage":"en-US"},{"@type":"Organization","@id":"https:\/\/www.minhdu.gov.cm\/#organization","name":"MINHDU","url":"https:\/\/www.minhdu.gov.cm\/","logo":{"@type":"ImageObject","inLanguage":"en-US","@id":"https:\/\/www.minhdu.gov.cm\/#\/schema\/logo\/image\/","url":"https:\/\/www.minhdu.gov.cm\/wp-content\/uploads\/2022\/06\/minhdu2.png","contentUrl":"https:\/\/www.minhdu.gov.cm\/wp-content\/uploads\/2022\/06\/minhdu2.png","width":250,"height":250,"caption":"MINHDU"},"image":{"@id":"https:\/\/www.minhdu.gov.cm\/#\/schema\/logo\/image\/"},"sameAs":["https:\/\/www.facebook.com\/cameroun.minhdu\/","https:\/\/twitter.com\/cameroun_minhdu"]},{"@type":"Person","@id":"https:\/\/www.minhdu.gov.cm\/#\/schema\/person\/7f9b5a15b2f3c584abe9a7d009c19d79","name":"Michelle ONDOA","image":{"@type":"ImageObject","inLanguage":"en-US","@id":"https:\/\/www.minhdu.gov.cm\/#\/schema\/person\/image\/","url":"https:\/\/secure.gravatar.com\/avatar\/46cf1e505199b6f090134a2687116acf8a0e53bd822d5e21a095bd7a64584085?s=96&d=mm&r=g","contentUrl":"https:\/\/secure.gravatar.com\/avatar\/46cf1e505199b6f090134a2687116acf8a0e53bd822d5e21a095bd7a64584085?s=96&d=mm&r=g","caption":"Michelle ONDOA"},"url":"https:\/\/www.minhdu.gov.cm\/author\/michelle\/"}]}},"_links":{"self":[{"href":"https:\/\/www.minhdu.gov.cm\/wp-json\/wp\/v2\/posts\/14381","targetHints":{"allow":["GET"]}}],"collection":[{"href":"https:\/\/www.minhdu.gov.cm\/wp-json\/wp\/v2\/posts"}],"about":[{"href":"https:\/\/www.minhdu.gov.cm\/wp-json\/wp\/v2\/types\/post"}],"author":[{"embeddable":true,"href":"https:\/\/www.minhdu.gov.cm\/wp-json\/wp\/v2\/users\/3"}],"replies":[{"embeddable":true,"href":"https:\/\/www.minhdu.gov.cm\/wp-json\/wp\/v2\/comments?post=14381"}],"version-history":[{"count":1,"href":"https:\/\/www.minhdu.gov.cm\/wp-json\/wp\/v2\/posts\/14381\/revisions"}],"predecessor-version":[{"id":14386,"href":"https:\/\/www.minhdu.gov.cm\/wp-json\/wp\/v2\/posts\/14381\/revisions\/14386"}],"wp:featuredmedia":[{"embeddable":true,"href":"https:\/\/www.minhdu.gov.cm\/wp-json\/wp\/v2\/media\/14385"}],"wp:attachment":[{"href":"https:\/\/www.minhdu.gov.cm\/wp-json\/wp\/v2\/media?parent=14381"}],"wp:term":[{"taxonomy":"category","embeddable":true,"href":"https:\/\/www.minhdu.gov.cm\/wp-json\/wp\/v2\/categories?post=14381"},{"taxonomy":"post_tag","embeddable":true,"href":"https:\/\/www.minhdu.gov.cm\/wp-json\/wp\/v2\/tags?post=14381"},{"taxonomy":"post_folder","embeddable":true,"href":"https:\/\/www.minhdu.gov.cm\/wp-json\/wp\/v2\/post_folder?post=14381"}],"curies":[{"name":"wp","href":"https:\/\/api.w.org\/{rel}","templated":true}]}}