{"id":14437,"date":"2023-10-30T12:55:22","date_gmt":"2023-10-30T11:55:22","guid":{"rendered":"https:\/\/www.minhdu.gov.cm\/?p=14437"},"modified":"2023-10-30T12:56:32","modified_gmt":"2023-10-30T11:56:32","slug":"modernisation-de-yaounde-lafd-paris-restitue-sa-mission-de-supervision-ces-jours-a-yaounde-a-mme-le-minhdu","status":"publish","type":"post","link":"https:\/\/www.minhdu.gov.cm\/modernisation-de-yaounde-lafd-paris-restitue-sa-mission-de-supervision-ces-jours-a-yaounde-a-mme-le-minhdu\/","title":{"rendered":"MODERNISATION DE YAOUND\u00c9 : l\u2019AFD Paris Restitue sa mission de supervision, ces jours \u00e0 Yaounde \u00e0 Mme le MINHDU"},"content":{"rendered":"\n<p><\/p>\n\n\n\n<p>C&#8217;est au cours d&#8217;une audience accord\u00e9e en fin d&#8217;apr\u00e8s midi de ce 25 octobre 2023 , par le Ministre de l&#8217;Habitat et du D\u00e9veloppement Urbain \u00e0 une d\u00e9l\u00e9gation de l&#8217;Agence Fran\u00e7aise de D\u00e9veloppement (AFD) de Paris conduite par le Directeur Adjoint de l\u2019AFD Cameroun, que l&#8217;AFD qui est d\u00e9j\u00e0 engag\u00e9e avec le Gouvernement camerounais dans plusieurs autres initiatives a r\u00e9affirmer leur engagement \u00e0 faire aboutir les projets valid\u00e9s par le MINHDU en 2019.<br>Il s\u2019agit de 2 &#8216;importants projets futurs, porteurs d&#8217;espoir pour le d\u00e9veloppement des villes Camerounaises : \u00ab\u00a0Yaound\u00e9 c\u0153ur de ville&#8221; d&#8217;un budget de 66,5 millions d&#8217;Euro qui est en phase de d\u00e9marrage en 2024 ainsi que le BRT ( BUS TRANSIT RAPIDE) dont la signature de convention est en pr\u00e9paration.<\/p>\n\n\n\n<figure class=\"wp-block-image size-large\"><img loading=\"lazy\" decoding=\"async\" width=\"1024\" height=\"484\" src=\"https:\/\/www.minhdu.gov.cm\/wp-content\/uploads\/2023\/10\/WhatsApp-Image-2023-10-29-at-14.57.17-1024x484.jpeg\" alt=\"\" class=\"wp-image-14440\"\/><\/figure>\n\n\n\n<p><br>Le projet &#8221; Yaound\u00e9 c\u0153ur de ville&#8221; comprends plusieurs composantes dont la premi\u00e8re comprend le r\u00e9am\u00e9nagement de trois carrefours; Mvan, Elig Edzoa et Elig Effa, des gares routi\u00e8res Ouest et Mvan.<br>La deuxi\u00e8me composante quant \u00e0 elle cible le r\u00e9am\u00e9nagement l\u00e9ger des carrefours de Yaound\u00e9 identifi\u00e9s comme prioritaire dans le Programme de Mobilit\u00e9 Urbaine Soutenable (PMUS), l&#8217;am\u00e9nagement du sentier de randonn\u00e9e p\u00e9destre sur le Mont Messa et de chemin pi\u00e9tons dans plusieurs zones de Yaound\u00e9. En ce qui concerne le BRT les \u00e9tudes de faisabilit\u00e9 sont achev\u00e9es ce qui a permi de d\u00e9finir les principales composantes du projet. Un corridor de 22km allant de Olembe au nord jusqu&#8217;\u00e0 Ahala au Sud desservant le centre ville avec 28 stations \u00e0 quai central identifi\u00e9s, l&#8217;am\u00e9nagement des intersections visant \u00e0 donner la priorit\u00e9 au BRT, l&#8217;acquisition du mat\u00e9riel roulant .<br>En somme, cette mission de l&#8217;AFD vise \u00e0 permettre le lancement officiel du Projet MoVe (Mobilit\u00e9 Verte \u00e0 Yaound\u00e9), notamment sur la composante BRT de ce projet.<\/p>\n\n\n\n<p><br><br><\/p>\n\n\n\n<p><br><\/p>\n<span class=\"et_bloom_bottom_trigger\"><\/span>","protected":false},"excerpt":{"rendered":"<p>C&#8217;est au cours d&#8217;une audience accord\u00e9e en fin d&#8217;apr\u00e8s midi de ce 25 octobre 2023 , par le Ministre de l&#8217;Habitat et du D\u00e9veloppement Urbain \u00e0 une d\u00e9l\u00e9gation de l&#8217;Agence [&hellip;]<\/p>\n","protected":false},"author":3,"featured_media":14438,"comment_status":"open","ping_status":"open","sticky":false,"template":"","format":"standard","meta":{"_et_pb_use_builder":"off","_et_pb_old_content":"","_et_gb_content_width":"","_EventAllDay":false,"_EventTimezone":"","_EventStartDate":"","_EventEndDate":"","_EventStartDateUTC":"","_EventEndDateUTC":"","_EventShowMap":false,"_EventShowMapLink":false,"_EventURL":"","_EventCost":"","_EventCostDescription":"","_EventCurrencySymbol":"","_EventCurrencyCode":"","_EventCurrencyPosition":"","_EventDateTimeSeparator":"","_EventTimeRangeSeparator":"","_EventOrganizerID":[],"_EventVenueID":0,"_OrganizerEmail":"","_OrganizerPhone":"","_OrganizerWebsite":"","_VenueAddress":"","_VenueCity":"","_VenueCountry":"","_VenueProvince":"","_VenueZip":"","_VenuePhone":"","_VenueURL":"","_VenueStateProvince":"","_VenueLat":"","_VenueLng":"","footnotes":""},"categories":[8,42],"tags":[],"post_folder":[],"class_list":["post-14437","post","type-post","status-publish","format-standard","has-post-thumbnail","hentry","category-spotlight","category-recent-news"],"yoast_head":"<!-- This site is optimized with the Yoast SEO plugin v19.13 - https:\/\/yoast.com\/wordpress\/plugins\/seo\/ -->\n<title>MODERNISATION DE YAOUND\u00c9 : l\u2019AFD Paris Restitue sa mission de supervision, ces jours \u00e0 Yaounde \u00e0 Mme le MINHDU<\/title>\n<meta name=\"description\" content=\"C&#039;est au cours d&#039;une audience accord\u00e9e en fin d&#039;apr\u00e8s midi de ce 25 octobre 2023 , par le Ministre de l&#039;Habitat et du D\u00e9veloppement Urbain \u00e0 une d\u00e9l\u00e9gation de l&#039;Agence Fran\u00e7aise de D\u00e9veloppement (AFD) de Paris conduite par le Directeur Adjoint de l\u2019AFD Cameroun, que l&#039;AFD qui est d\u00e9j\u00e0 engag\u00e9e avec le Gouvernement camerounais dans&hellip;\" \/>\n<meta name=\"robots\" content=\"index, follow, max-snippet:-1, max-image-preview:large, max-video-preview:-1\" \/>\n<link rel=\"canonical\" href=\"https:\/\/www.minhdu.gov.cm\/modernisation-de-yaounde-lafd-paris-restitue-sa-mission-de-supervision-ces-jours-a-yaounde-a-mme-le-minhdu\/\" \/>\n<meta property=\"og:locale\" content=\"en_US\" \/>\n<meta property=\"og:type\" content=\"article\" \/>\n<meta property=\"og:title\" content=\"MODERNISATION DE YAOUND\u00c9 : l\u2019AFD Paris Restitue sa mission de supervision, ces jours \u00e0 Yaounde \u00e0 Mme le MINHDU\" \/>\n<meta property=\"og:description\" content=\"C&#039;est au cours d&#039;une audience accord\u00e9e en fin d&#039;apr\u00e8s midi de ce 25 octobre 2023 , par le Ministre de l&#039;Habitat et du D\u00e9veloppement Urbain \u00e0 une d\u00e9l\u00e9gation de l&#039;Agence Fran\u00e7aise de D\u00e9veloppement (AFD) de Paris conduite par le Directeur Adjoint de l\u2019AFD Cameroun, que l&#039;AFD qui est d\u00e9j\u00e0 engag\u00e9e avec le Gouvernement camerounais dans&hellip;\" \/>\n<meta property=\"og:url\" content=\"https:\/\/www.minhdu.gov.cm\/modernisation-de-yaounde-lafd-paris-restitue-sa-mission-de-supervision-ces-jours-a-yaounde-a-mme-le-minhdu\/\" \/>\n<meta property=\"og:site_name\" content=\"MINHDU\" \/>\n<meta property=\"article:publisher\" content=\"https:\/\/www.facebook.com\/cameroun.minhdu\/\" \/>\n<meta property=\"article:published_time\" content=\"2023-10-30T11:55:22+00:00\" \/>\n<meta property=\"article:modified_time\" content=\"2023-10-30T11:56:32+00:00\" \/>\n<meta property=\"og:image\" content=\"https:\/\/www.minhdu.gov.cm\/wp-content\/uploads\/2023\/10\/WhatsApp-Image-2023-10-29-at-14.56.29.jpeg\" \/>\n\t<meta property=\"og:image:width\" content=\"1040\" \/>\n\t<meta property=\"og:image:height\" content=\"492\" \/>\n\t<meta property=\"og:image:type\" content=\"image\/jpeg\" \/>\n<meta name=\"author\" content=\"Michelle ONDOA\" \/>\n<meta name=\"twitter:card\" content=\"summary_large_image\" \/>\n<meta name=\"twitter:creator\" content=\"@cameroun_minhdu\" \/>\n<meta name=\"twitter:site\" content=\"@cameroun_minhdu\" \/>\n<meta name=\"twitter:label1\" content=\"Written by\" \/>\n\t<meta name=\"twitter:data1\" content=\"Michelle ONDOA\" \/>\n\t<meta name=\"twitter:label2\" content=\"Est. reading time\" \/>\n\t<meta name=\"twitter:data2\" content=\"2 minutes\" \/>\n<script type=\"application\/ld+json\" class=\"yoast-schema-graph\">{\"@context\":\"https:\/\/schema.org\",\"@graph\":[{\"@type\":\"Article\",\"@id\":\"https:\/\/www.minhdu.gov.cm\/modernisation-de-yaounde-lafd-paris-restitue-sa-mission-de-supervision-ces-jours-a-yaounde-a-mme-le-minhdu\/#article\",\"isPartOf\":{\"@id\":\"https:\/\/www.minhdu.gov.cm\/modernisation-de-yaounde-lafd-paris-restitue-sa-mission-de-supervision-ces-jours-a-yaounde-a-mme-le-minhdu\/\"},\"author\":{\"name\":\"Michelle ONDOA\",\"@id\":\"https:\/\/www.minhdu.gov.cm\/#\/schema\/person\/7f9b5a15b2f3c584abe9a7d009c19d79\"},\"headline\":\"MODERNISATION DE YAOUND\u00c9 : l\u2019AFD Paris Restitue sa mission de supervision, ces jours \u00e0 Yaounde \u00e0 Mme le MINHDU\",\"datePublished\":\"2023-10-30T11:55:22+00:00\",\"dateModified\":\"2023-10-30T11:56:32+00:00\",\"mainEntityOfPage\":{\"@id\":\"https:\/\/www.minhdu.gov.cm\/modernisation-de-yaounde-lafd-paris-restitue-sa-mission-de-supervision-ces-jours-a-yaounde-a-mme-le-minhdu\/\"},\"wordCount\":321,\"commentCount\":0,\"publisher\":{\"@id\":\"https:\/\/www.minhdu.gov.cm\/#organization\"},\"articleSection\":[\"spotlight\",\"Recent News\"],\"inLanguage\":\"en-US\",\"potentialAction\":[{\"@type\":\"CommentAction\",\"name\":\"Comment\",\"target\":[\"https:\/\/www.minhdu.gov.cm\/modernisation-de-yaounde-lafd-paris-restitue-sa-mission-de-supervision-ces-jours-a-yaounde-a-mme-le-minhdu\/#respond\"]}]},{\"@type\":\"WebPage\",\"@id\":\"https:\/\/www.minhdu.gov.cm\/modernisation-de-yaounde-lafd-paris-restitue-sa-mission-de-supervision-ces-jours-a-yaounde-a-mme-le-minhdu\/\",\"url\":\"https:\/\/www.minhdu.gov.cm\/modernisation-de-yaounde-lafd-paris-restitue-sa-mission-de-supervision-ces-jours-a-yaounde-a-mme-le-minhdu\/\",\"name\":\"MODERNISATION DE YAOUND\u00c9 : l\u2019AFD Paris Restitue sa mission de supervision, ces jours \u00e0 Yaounde \u00e0 Mme le MINHDU - MINHDU\",\"isPartOf\":{\"@id\":\"https:\/\/www.minhdu.gov.cm\/#website\"},\"datePublished\":\"2023-10-30T11:55:22+00:00\",\"dateModified\":\"2023-10-30T11:56:32+00:00\",\"breadcrumb\":{\"@id\":\"https:\/\/www.minhdu.gov.cm\/modernisation-de-yaounde-lafd-paris-restitue-sa-mission-de-supervision-ces-jours-a-yaounde-a-mme-le-minhdu\/#breadcrumb\"},\"inLanguage\":\"en-US\",\"potentialAction\":[{\"@type\":\"ReadAction\",\"target\":[\"https:\/\/www.minhdu.gov.cm\/modernisation-de-yaounde-lafd-paris-restitue-sa-mission-de-supervision-ces-jours-a-yaounde-a-mme-le-minhdu\/\"]}]},{\"@type\":\"BreadcrumbList\",\"@id\":\"https:\/\/www.minhdu.gov.cm\/modernisation-de-yaounde-lafd-paris-restitue-sa-mission-de-supervision-ces-jours-a-yaounde-a-mme-le-minhdu\/#breadcrumb\",\"itemListElement\":[{\"@type\":\"ListItem\",\"position\":1,\"name\":\"Home\",\"item\":\"https:\/\/www.minhdu.gov.cm\/\"},{\"@type\":\"ListItem\",\"position\":2,\"name\":\"MODERNISATION DE YAOUND\u00c9 : l\u2019AFD Paris Restitue sa mission de supervision, ces jours \u00e0 Yaounde \u00e0 Mme le MINHDU\"}]},{\"@type\":\"WebSite\",\"@id\":\"https:\/\/www.minhdu.gov.cm\/#website\",\"url\":\"https:\/\/www.minhdu.gov.cm\/\",\"name\":\"MINHDU\",\"description\":\"\",\"publisher\":{\"@id\":\"https:\/\/www.minhdu.gov.cm\/#organization\"},\"potentialAction\":[{\"@type\":\"SearchAction\",\"target\":{\"@type\":\"EntryPoint\",\"urlTemplate\":\"https:\/\/www.minhdu.gov.cm\/?s={search_term_string}\"},\"query-input\":\"required name=search_term_string\"}],\"inLanguage\":\"en-US\"},{\"@type\":\"Organization\",\"@id\":\"https:\/\/www.minhdu.gov.cm\/#organization\",\"name\":\"MINHDU\",\"url\":\"https:\/\/www.minhdu.gov.cm\/\",\"logo\":{\"@type\":\"ImageObject\",\"inLanguage\":\"en-US\",\"@id\":\"https:\/\/www.minhdu.gov.cm\/#\/schema\/logo\/image\/\",\"url\":\"https:\/\/www.minhdu.gov.cm\/wp-content\/uploads\/2022\/06\/minhdu2.png\",\"contentUrl\":\"https:\/\/www.minhdu.gov.cm\/wp-content\/uploads\/2022\/06\/minhdu2.png\",\"width\":250,\"height\":250,\"caption\":\"MINHDU\"},\"image\":{\"@id\":\"https:\/\/www.minhdu.gov.cm\/#\/schema\/logo\/image\/\"},\"sameAs\":[\"https:\/\/www.facebook.com\/cameroun.minhdu\/\",\"https:\/\/twitter.com\/cameroun_minhdu\"]},{\"@type\":\"Person\",\"@id\":\"https:\/\/www.minhdu.gov.cm\/#\/schema\/person\/7f9b5a15b2f3c584abe9a7d009c19d79\",\"name\":\"Michelle ONDOA\",\"image\":{\"@type\":\"ImageObject\",\"inLanguage\":\"en-US\",\"@id\":\"https:\/\/www.minhdu.gov.cm\/#\/schema\/person\/image\/\",\"url\":\"https:\/\/secure.gravatar.com\/avatar\/46cf1e505199b6f090134a2687116acf8a0e53bd822d5e21a095bd7a64584085?s=96&d=mm&r=g\",\"contentUrl\":\"https:\/\/secure.gravatar.com\/avatar\/46cf1e505199b6f090134a2687116acf8a0e53bd822d5e21a095bd7a64584085?s=96&d=mm&r=g\",\"caption\":\"Michelle ONDOA\"},\"url\":\"https:\/\/www.minhdu.gov.cm\/author\/michelle\/\"}]}<\/script>\n<!-- \/ Yoast SEO plugin. -->","yoast_head_json":{"title":"MODERNISATION DE YAOUND\u00c9 : l\u2019AFD Paris Restitue sa mission de supervision, ces jours \u00e0 Yaounde \u00e0 Mme le MINHDU","description":"C'est au cours d'une audience accord\u00e9e en fin d'apr\u00e8s midi de ce 25 octobre 2023 , par le Ministre de l'Habitat et du D\u00e9veloppement Urbain \u00e0 une d\u00e9l\u00e9gation de l'Agence Fran\u00e7aise de D\u00e9veloppement (AFD) de Paris conduite par le Directeur Adjoint de l\u2019AFD Cameroun, que l'AFD qui est d\u00e9j\u00e0 engag\u00e9e avec le Gouvernement camerounais dans&hellip;","robots":{"index":"index","follow":"follow","max-snippet":"max-snippet:-1","max-image-preview":"max-image-preview:large","max-video-preview":"max-video-preview:-1"},"canonical":"https:\/\/www.minhdu.gov.cm\/modernisation-de-yaounde-lafd-paris-restitue-sa-mission-de-supervision-ces-jours-a-yaounde-a-mme-le-minhdu\/","og_locale":"en_US","og_type":"article","og_title":"MODERNISATION DE YAOUND\u00c9 : l\u2019AFD Paris Restitue sa mission de supervision, ces jours \u00e0 Yaounde \u00e0 Mme le MINHDU","og_description":"C'est au cours d'une audience accord\u00e9e en fin d'apr\u00e8s midi de ce 25 octobre 2023 , par le Ministre de l'Habitat et du D\u00e9veloppement Urbain \u00e0 une d\u00e9l\u00e9gation de l'Agence Fran\u00e7aise de D\u00e9veloppement (AFD) de Paris conduite par le Directeur Adjoint de l\u2019AFD Cameroun, que l'AFD qui est d\u00e9j\u00e0 engag\u00e9e avec le Gouvernement camerounais dans&hellip;","og_url":"https:\/\/www.minhdu.gov.cm\/modernisation-de-yaounde-lafd-paris-restitue-sa-mission-de-supervision-ces-jours-a-yaounde-a-mme-le-minhdu\/","og_site_name":"MINHDU","article_publisher":"https:\/\/www.facebook.com\/cameroun.minhdu\/","article_published_time":"2023-10-30T11:55:22+00:00","article_modified_time":"2023-10-30T11:56:32+00:00","og_image":[{"width":1040,"height":492,"url":"https:\/\/www.minhdu.gov.cm\/wp-content\/uploads\/2023\/10\/WhatsApp-Image-2023-10-29-at-14.56.29.jpeg","type":"image\/jpeg"}],"author":"Michelle ONDOA","twitter_card":"summary_large_image","twitter_creator":"@cameroun_minhdu","twitter_site":"@cameroun_minhdu","twitter_misc":{"Written by":"Michelle ONDOA","Est. reading time":"2 minutes"},"schema":{"@context":"https:\/\/schema.org","@graph":[{"@type":"Article","@id":"https:\/\/www.minhdu.gov.cm\/modernisation-de-yaounde-lafd-paris-restitue-sa-mission-de-supervision-ces-jours-a-yaounde-a-mme-le-minhdu\/#article","isPartOf":{"@id":"https:\/\/www.minhdu.gov.cm\/modernisation-de-yaounde-lafd-paris-restitue-sa-mission-de-supervision-ces-jours-a-yaounde-a-mme-le-minhdu\/"},"author":{"name":"Michelle ONDOA","@id":"https:\/\/www.minhdu.gov.cm\/#\/schema\/person\/7f9b5a15b2f3c584abe9a7d009c19d79"},"headline":"MODERNISATION DE YAOUND\u00c9 : l\u2019AFD Paris Restitue sa mission de supervision, ces jours \u00e0 Yaounde \u00e0 Mme le MINHDU","datePublished":"2023-10-30T11:55:22+00:00","dateModified":"2023-10-30T11:56:32+00:00","mainEntityOfPage":{"@id":"https:\/\/www.minhdu.gov.cm\/modernisation-de-yaounde-lafd-paris-restitue-sa-mission-de-supervision-ces-jours-a-yaounde-a-mme-le-minhdu\/"},"wordCount":321,"commentCount":0,"publisher":{"@id":"https:\/\/www.minhdu.gov.cm\/#organization"},"articleSection":["spotlight","Recent News"],"inLanguage":"en-US","potentialAction":[{"@type":"CommentAction","name":"Comment","target":["https:\/\/www.minhdu.gov.cm\/modernisation-de-yaounde-lafd-paris-restitue-sa-mission-de-supervision-ces-jours-a-yaounde-a-mme-le-minhdu\/#respond"]}]},{"@type":"WebPage","@id":"https:\/\/www.minhdu.gov.cm\/modernisation-de-yaounde-lafd-paris-restitue-sa-mission-de-supervision-ces-jours-a-yaounde-a-mme-le-minhdu\/","url":"https:\/\/www.minhdu.gov.cm\/modernisation-de-yaounde-lafd-paris-restitue-sa-mission-de-supervision-ces-jours-a-yaounde-a-mme-le-minhdu\/","name":"MODERNISATION DE YAOUND\u00c9 : l\u2019AFD Paris Restitue sa mission de supervision, ces jours \u00e0 Yaounde \u00e0 Mme le MINHDU - MINHDU","isPartOf":{"@id":"https:\/\/www.minhdu.gov.cm\/#website"},"datePublished":"2023-10-30T11:55:22+00:00","dateModified":"2023-10-30T11:56:32+00:00","breadcrumb":{"@id":"https:\/\/www.minhdu.gov.cm\/modernisation-de-yaounde-lafd-paris-restitue-sa-mission-de-supervision-ces-jours-a-yaounde-a-mme-le-minhdu\/#breadcrumb"},"inLanguage":"en-US","potentialAction":[{"@type":"ReadAction","target":["https:\/\/www.minhdu.gov.cm\/modernisation-de-yaounde-lafd-paris-restitue-sa-mission-de-supervision-ces-jours-a-yaounde-a-mme-le-minhdu\/"]}]},{"@type":"BreadcrumbList","@id":"https:\/\/www.minhdu.gov.cm\/modernisation-de-yaounde-lafd-paris-restitue-sa-mission-de-supervision-ces-jours-a-yaounde-a-mme-le-minhdu\/#breadcrumb","itemListElement":[{"@type":"ListItem","position":1,"name":"Home","item":"https:\/\/www.minhdu.gov.cm\/"},{"@type":"ListItem","position":2,"name":"MODERNISATION DE YAOUND\u00c9 : l\u2019AFD Paris Restitue sa mission de supervision, ces jours \u00e0 Yaounde \u00e0 Mme le MINHDU"}]},{"@type":"WebSite","@id":"https:\/\/www.minhdu.gov.cm\/#website","url":"https:\/\/www.minhdu.gov.cm\/","name":"MINHDU","description":"","publisher":{"@id":"https:\/\/www.minhdu.gov.cm\/#organization"},"potentialAction":[{"@type":"SearchAction","target":{"@type":"EntryPoint","urlTemplate":"https:\/\/www.minhdu.gov.cm\/?s={search_term_string}"},"query-input":"required name=search_term_string"}],"inLanguage":"en-US"},{"@type":"Organization","@id":"https:\/\/www.minhdu.gov.cm\/#organization","name":"MINHDU","url":"https:\/\/www.minhdu.gov.cm\/","logo":{"@type":"ImageObject","inLanguage":"en-US","@id":"https:\/\/www.minhdu.gov.cm\/#\/schema\/logo\/image\/","url":"https:\/\/www.minhdu.gov.cm\/wp-content\/uploads\/2022\/06\/minhdu2.png","contentUrl":"https:\/\/www.minhdu.gov.cm\/wp-content\/uploads\/2022\/06\/minhdu2.png","width":250,"height":250,"caption":"MINHDU"},"image":{"@id":"https:\/\/www.minhdu.gov.cm\/#\/schema\/logo\/image\/"},"sameAs":["https:\/\/www.facebook.com\/cameroun.minhdu\/","https:\/\/twitter.com\/cameroun_minhdu"]},{"@type":"Person","@id":"https:\/\/www.minhdu.gov.cm\/#\/schema\/person\/7f9b5a15b2f3c584abe9a7d009c19d79","name":"Michelle ONDOA","image":{"@type":"ImageObject","inLanguage":"en-US","@id":"https:\/\/www.minhdu.gov.cm\/#\/schema\/person\/image\/","url":"https:\/\/secure.gravatar.com\/avatar\/46cf1e505199b6f090134a2687116acf8a0e53bd822d5e21a095bd7a64584085?s=96&d=mm&r=g","contentUrl":"https:\/\/secure.gravatar.com\/avatar\/46cf1e505199b6f090134a2687116acf8a0e53bd822d5e21a095bd7a64584085?s=96&d=mm&r=g","caption":"Michelle ONDOA"},"url":"https:\/\/www.minhdu.gov.cm\/author\/michelle\/"}]}},"_links":{"self":[{"href":"https:\/\/www.minhdu.gov.cm\/wp-json\/wp\/v2\/posts\/14437","targetHints":{"allow":["GET"]}}],"collection":[{"href":"https:\/\/www.minhdu.gov.cm\/wp-json\/wp\/v2\/posts"}],"about":[{"href":"https:\/\/www.minhdu.gov.cm\/wp-json\/wp\/v2\/types\/post"}],"author":[{"embeddable":true,"href":"https:\/\/www.minhdu.gov.cm\/wp-json\/wp\/v2\/users\/3"}],"replies":[{"embeddable":true,"href":"https:\/\/www.minhdu.gov.cm\/wp-json\/wp\/v2\/comments?post=14437"}],"version-history":[{"count":2,"href":"https:\/\/www.minhdu.gov.cm\/wp-json\/wp\/v2\/posts\/14437\/revisions"}],"predecessor-version":[{"id":14442,"href":"https:\/\/www.minhdu.gov.cm\/wp-json\/wp\/v2\/posts\/14437\/revisions\/14442"}],"wp:featuredmedia":[{"embeddable":true,"href":"https:\/\/www.minhdu.gov.cm\/wp-json\/wp\/v2\/media\/14438"}],"wp:attachment":[{"href":"https:\/\/www.minhdu.gov.cm\/wp-json\/wp\/v2\/media?parent=14437"}],"wp:term":[{"taxonomy":"category","embeddable":true,"href":"https:\/\/www.minhdu.gov.cm\/wp-json\/wp\/v2\/categories?post=14437"},{"taxonomy":"post_tag","embeddable":true,"href":"https:\/\/www.minhdu.gov.cm\/wp-json\/wp\/v2\/tags?post=14437"},{"taxonomy":"post_folder","embeddable":true,"href":"https:\/\/www.minhdu.gov.cm\/wp-json\/wp\/v2\/post_folder?post=14437"}],"curies":[{"name":"wp","href":"https:\/\/api.w.org\/{rel}","templated":true}]}}