{"id":18083,"date":"2024-11-13T08:19:25","date_gmt":"2024-11-13T07:19:25","guid":{"rendered":"https:\/\/www.minhdu.gov.cm\/?p=18083"},"modified":"2024-11-13T08:22:29","modified_gmt":"2024-11-13T07:22:29","slug":"suivi-des-projets-du-programme-c2d-capitales-regionales-et-du-projet-de-developpement-des-villes-inclusives-et-resilientes-pdvir","status":"publish","type":"post","link":"https:\/\/www.minhdu.gov.cm\/suivi-des-projets-du-programme-c2d-capitales-regionales-et-du-projet-de-developpement-des-villes-inclusives-et-resilientes-pdvir\/","title":{"rendered":"Suivi des projets du Programme \u00ab C2D Capitales R\u00e9gionales \u00bb et du Projet de D\u00e9veloppement des Villes Inclusives et R\u00e9silientes (PDVIR)"},"content":{"rendered":"\n<p>Travaux de proximit\u00e9 du Projet de D\u00e9veloppement des Villes Inclusives et R\u00e9silientes (PDVIR) et ex\u00e9cution du Programme C2D Urbain &#8221;Capitales R\u00e9gionales&#8221; Le Ministre de l\u2019Habitat et du D\u00e9veloppement Urbain et Son Excellence Monsieur l&#8217;Ambassadeur de France au Cameroun jaugent la cadence des travaux \u00e0 Maroua.<\/p>\n\n\n\n<p><\/p>\n\n\n\n<figure class=\"wp-block-image size-large\"><img loading=\"lazy\" decoding=\"async\" width=\"1024\" height=\"767\" src=\"https:\/\/www.minhdu.gov.cm\/wp-content\/uploads\/2024\/11\/IMG-P1-1024x767.jpeg\" alt=\"\" class=\"wp-image-18084\"\/><\/figure>\n\n\n\n<p><\/p>\n\n\n\n<p>La visite de travail qui a d\u00e9but\u00e9 \u00e0 Maroua ce 11 novembre 2024 a pour objectif d\u2019appr\u00e9cier les dispositions prises pour le d\u00e9roulement normal des travaux du PDVIR, \u00e9valuer les travaux d\u00e9j\u00e0 r\u00e9alis\u00e9s, donner des orientations en vue de l\u2019am\u00e9lioration de la cadence d\u2019ex\u00e9cution de l\u2019ensemble des prestations, d\u2019une part, et appr\u00e9cier l\u2019\u00e9tat d\u2019ex\u00e9cution du Programme C2D Capitales r\u00e9gionales, d\u2019autre part.<\/p>\n\n\n\n<p><\/p>\n\n\n\n<p>Cette activit\u00e9, qui se d\u00e9roule en pr\u00e9sence de l\u2019Ambassadeur de France au Cameroun, des autorit\u00e9s administratives de la r\u00e9gion de l&#8217;Extr\u00eame-Nord avec \u00e0 leur t\u00eate le Gouverneur de la r\u00e9gion, Midjiyawa Bakari, des \u00e9lus locaux et des populations b\u00e9n\u00e9ficiaires, permet \u00e9galement de sensibiliser les riverains sur les avantages\/b\u00e9n\u00e9fices directs\/indirects escompt\u00e9s par la construction\/ r\u00e9habilitation de ces ouvrages, fruits de la coop\u00e9ration entre le Cameroun et ses partenaires multilat\u00e9raux avec au premier rang l\u2019Agence Fran\u00e7aise de D\u00e9veloppement (AFD) et la Banque mondiale, qui financent respectivement le Programme \u00ab C2D Capitales R\u00e9gionales \u00bb et le Projet de D\u00e9veloppement des Villes Inclusives et R\u00e9silientes (PDVIR).<\/p>\n\n\n\n<p><\/p>\n\n\n\n<figure class=\"wp-block-gallery has-nested-images columns-default is-cropped wp-block-gallery-1 is-layout-flex wp-block-gallery-is-layout-flex\">\n<figure class=\"wp-block-image size-large\"><img loading=\"lazy\" decoding=\"async\" width=\"1024\" height=\"767\" data-id=\"18089\" src=\"https:\/\/www.minhdu.gov.cm\/wp-content\/uploads\/2024\/11\/img-A1-1024x767.jpeg\" alt=\"\" class=\"wp-image-18089\"\/><\/figure>\n\n\n\n<figure class=\"wp-block-image size-large\"><img loading=\"lazy\" decoding=\"async\" width=\"1024\" height=\"767\" data-id=\"18087\" src=\"https:\/\/www.minhdu.gov.cm\/wp-content\/uploads\/2024\/11\/img-A2-1024x767.jpeg\" alt=\"\" class=\"wp-image-18087\"\/><\/figure>\n\n\n\n<figure class=\"wp-block-image size-large\"><img loading=\"lazy\" decoding=\"async\" width=\"1024\" height=\"767\" data-id=\"18088\" src=\"https:\/\/www.minhdu.gov.cm\/wp-content\/uploads\/2024\/11\/img-A3-1024x767.jpeg\" alt=\"\" class=\"wp-image-18088\"\/><\/figure>\n\n\n\n<figure class=\"wp-block-image size-large\"><img loading=\"lazy\" decoding=\"async\" width=\"1024\" height=\"767\" data-id=\"18086\" src=\"https:\/\/www.minhdu.gov.cm\/wp-content\/uploads\/2024\/11\/img-A5-1024x767.jpeg\" alt=\"\" class=\"wp-image-18086\"\/><\/figure>\n<\/figure>\n\n\n\n<div class=\"wp-block-columns is-layout-flex wp-container-core-columns-is-layout-9d6595d7 wp-block-columns-is-layout-flex\">\n<div class=\"wp-block-column is-layout-flow wp-block-column-is-layout-flow\"><\/div>\n<\/div>\n<span class=\"et_bloom_bottom_trigger\"><\/span>","protected":false},"excerpt":{"rendered":"<p>Travaux de proximit\u00e9 du Projet de D\u00e9veloppement des Villes Inclusives et R\u00e9silientes (PDVIR) et ex\u00e9cution du Programme C2D Urbain &#8221;Capitales R\u00e9gionales&#8221; Le Ministre de l\u2019Habitat et du D\u00e9veloppement Urbain et [&hellip;]<\/p>\n","protected":false},"author":2,"featured_media":18090,"comment_status":"open","ping_status":"open","sticky":false,"template":"","format":"standard","meta":{"_et_pb_use_builder":"off","_et_pb_old_content":"","_et_gb_content_width":"","_EventAllDay":false,"_EventTimezone":"","_EventStartDate":"","_EventEndDate":"","_EventStartDateUTC":"","_EventEndDateUTC":"","_EventShowMap":false,"_EventShowMapLink":false,"_EventURL":"","_EventCost":"","_EventCostDescription":"","_EventCurrencySymbol":"","_EventCurrencyCode":"","_EventCurrencyPosition":"","_EventDateTimeSeparator":"","_EventTimeRangeSeparator":"","_EventOrganizerID":[],"_EventVenueID":0,"_OrganizerEmail":"","_OrganizerPhone":"","_OrganizerWebsite":"","_VenueAddress":"","_VenueCity":"","_VenueCountry":"","_VenueProvince":"","_VenueZip":"","_VenuePhone":"","_VenueURL":"","_VenueStateProvince":"","_VenueLat":"","_VenueLng":"","footnotes":""},"categories":[8,9,76,77],"tags":[],"post_folder":[],"class_list":["post-18083","post","type-post","status-publish","format-standard","has-post-thumbnail","hentry","category-spotlight","category-region_news","category-actualites-c2d","category-actualites-pdvir"],"yoast_head":"<!-- This site is optimized with the Yoast SEO plugin v19.13 - https:\/\/yoast.com\/wordpress\/plugins\/seo\/ -->\n<title>Suivi des projets du Programme \u00ab C2D Capitales R\u00e9gionales \u00bb et du Projet de D\u00e9veloppement des Villes Inclusives et R\u00e9silientes (PDVIR)<\/title>\n<meta name=\"description\" content=\"Travaux de proximit\u00e9 du Projet de D\u00e9veloppement des Villes Inclusives et R\u00e9silientes (PDVIR) et ex\u00e9cution du Programme C2D Urbain &#039;&#039;Capitales R\u00e9gionales&#039;&#039; Le Ministre de l\u2019Habitat et du D\u00e9veloppement Urbain et Son Excellence Monsieur l&#039;Ambassadeur de France au Cameroun jaugent la cadence des travaux \u00e0 Maroua. La visite de travail qui a d\u00e9but\u00e9 \u00e0 Maroua ce&hellip;\" \/>\n<meta name=\"robots\" content=\"index, follow, max-snippet:-1, max-image-preview:large, max-video-preview:-1\" \/>\n<link rel=\"canonical\" href=\"https:\/\/www.minhdu.gov.cm\/suivi-des-projets-du-programme-c2d-capitales-regionales-et-du-projet-de-developpement-des-villes-inclusives-et-resilientes-pdvir\/\" \/>\n<meta property=\"og:locale\" content=\"en_US\" \/>\n<meta property=\"og:type\" content=\"article\" \/>\n<meta property=\"og:title\" content=\"Suivi des projets du Programme \u00ab C2D Capitales R\u00e9gionales \u00bb et du Projet de D\u00e9veloppement des Villes Inclusives et R\u00e9silientes (PDVIR)\" \/>\n<meta property=\"og:description\" content=\"Travaux de proximit\u00e9 du Projet de D\u00e9veloppement des Villes Inclusives et R\u00e9silientes (PDVIR) et ex\u00e9cution du Programme C2D Urbain &#039;&#039;Capitales R\u00e9gionales&#039;&#039; Le Ministre de l\u2019Habitat et du D\u00e9veloppement Urbain et Son Excellence Monsieur l&#039;Ambassadeur de France au Cameroun jaugent la cadence des travaux \u00e0 Maroua. La visite de travail qui a d\u00e9but\u00e9 \u00e0 Maroua ce&hellip;\" \/>\n<meta property=\"og:url\" content=\"https:\/\/www.minhdu.gov.cm\/suivi-des-projets-du-programme-c2d-capitales-regionales-et-du-projet-de-developpement-des-villes-inclusives-et-resilientes-pdvir\/\" \/>\n<meta property=\"og:site_name\" content=\"MINHDU\" \/>\n<meta property=\"article:publisher\" content=\"https:\/\/www.facebook.com\/cameroun.minhdu\/\" \/>\n<meta property=\"article:published_time\" content=\"2024-11-13T07:19:25+00:00\" \/>\n<meta property=\"article:modified_time\" content=\"2024-11-13T07:22:29+00:00\" \/>\n<meta property=\"og:image\" content=\"https:\/\/www.minhdu.gov.cm\/wp-content\/uploads\/2024\/11\/IMG-P2.jpeg\" \/>\n\t<meta property=\"og:image:width\" content=\"1080\" \/>\n\t<meta property=\"og:image:height\" content=\"809\" \/>\n\t<meta property=\"og:image:type\" content=\"image\/jpeg\" \/>\n<meta name=\"author\" content=\"Emmanuel OMBANG ENDONG\" \/>\n<meta name=\"twitter:card\" content=\"summary_large_image\" \/>\n<meta name=\"twitter:creator\" content=\"@cameroun_minhdu\" \/>\n<meta name=\"twitter:site\" content=\"@cameroun_minhdu\" \/>\n<meta name=\"twitter:label1\" content=\"Written by\" \/>\n\t<meta name=\"twitter:data1\" content=\"Emmanuel OMBANG ENDONG\" \/>\n\t<meta name=\"twitter:label2\" content=\"Est. reading time\" \/>\n\t<meta name=\"twitter:data2\" content=\"3 minutes\" \/>\n<script type=\"application\/ld+json\" class=\"yoast-schema-graph\">{\"@context\":\"https:\/\/schema.org\",\"@graph\":[{\"@type\":\"Article\",\"@id\":\"https:\/\/www.minhdu.gov.cm\/suivi-des-projets-du-programme-c2d-capitales-regionales-et-du-projet-de-developpement-des-villes-inclusives-et-resilientes-pdvir\/#article\",\"isPartOf\":{\"@id\":\"https:\/\/www.minhdu.gov.cm\/suivi-des-projets-du-programme-c2d-capitales-regionales-et-du-projet-de-developpement-des-villes-inclusives-et-resilientes-pdvir\/\"},\"author\":{\"name\":\"Emmanuel OMBANG ENDONG\",\"@id\":\"https:\/\/www.minhdu.gov.cm\/#\/schema\/person\/cf95f7bdff2edf1cc967c620f5ef8d3c\"},\"headline\":\"Suivi des projets du Programme \u00ab C2D Capitales R\u00e9gionales \u00bb et du Projet de D\u00e9veloppement des Villes Inclusives et R\u00e9silientes (PDVIR)\",\"datePublished\":\"2024-11-13T07:19:25+00:00\",\"dateModified\":\"2024-11-13T07:22:29+00:00\",\"mainEntityOfPage\":{\"@id\":\"https:\/\/www.minhdu.gov.cm\/suivi-des-projets-du-programme-c2d-capitales-regionales-et-du-projet-de-developpement-des-villes-inclusives-et-resilientes-pdvir\/\"},\"wordCount\":276,\"commentCount\":0,\"publisher\":{\"@id\":\"https:\/\/www.minhdu.gov.cm\/#organization\"},\"articleSection\":[\"spotlight\",\"Region News\",\"Actualit\u00e9s-C2D\",\"Actualit\u00e9s-PDVIR\"],\"inLanguage\":\"en-US\",\"potentialAction\":[{\"@type\":\"CommentAction\",\"name\":\"Comment\",\"target\":[\"https:\/\/www.minhdu.gov.cm\/suivi-des-projets-du-programme-c2d-capitales-regionales-et-du-projet-de-developpement-des-villes-inclusives-et-resilientes-pdvir\/#respond\"]}]},{\"@type\":\"WebPage\",\"@id\":\"https:\/\/www.minhdu.gov.cm\/suivi-des-projets-du-programme-c2d-capitales-regionales-et-du-projet-de-developpement-des-villes-inclusives-et-resilientes-pdvir\/\",\"url\":\"https:\/\/www.minhdu.gov.cm\/suivi-des-projets-du-programme-c2d-capitales-regionales-et-du-projet-de-developpement-des-villes-inclusives-et-resilientes-pdvir\/\",\"name\":\"Suivi des projets du Programme \u00ab C2D Capitales R\u00e9gionales \u00bb et du Projet de D\u00e9veloppement des Villes Inclusives et R\u00e9silientes (PDVIR) - MINHDU\",\"isPartOf\":{\"@id\":\"https:\/\/www.minhdu.gov.cm\/#website\"},\"datePublished\":\"2024-11-13T07:19:25+00:00\",\"dateModified\":\"2024-11-13T07:22:29+00:00\",\"breadcrumb\":{\"@id\":\"https:\/\/www.minhdu.gov.cm\/suivi-des-projets-du-programme-c2d-capitales-regionales-et-du-projet-de-developpement-des-villes-inclusives-et-resilientes-pdvir\/#breadcrumb\"},\"inLanguage\":\"en-US\",\"potentialAction\":[{\"@type\":\"ReadAction\",\"target\":[\"https:\/\/www.minhdu.gov.cm\/suivi-des-projets-du-programme-c2d-capitales-regionales-et-du-projet-de-developpement-des-villes-inclusives-et-resilientes-pdvir\/\"]}]},{\"@type\":\"BreadcrumbList\",\"@id\":\"https:\/\/www.minhdu.gov.cm\/suivi-des-projets-du-programme-c2d-capitales-regionales-et-du-projet-de-developpement-des-villes-inclusives-et-resilientes-pdvir\/#breadcrumb\",\"itemListElement\":[{\"@type\":\"ListItem\",\"position\":1,\"name\":\"Home\",\"item\":\"https:\/\/www.minhdu.gov.cm\/\"},{\"@type\":\"ListItem\",\"position\":2,\"name\":\"Suivi des projets du Programme \u00ab C2D Capitales R\u00e9gionales \u00bb et du Projet de D\u00e9veloppement des Villes Inclusives et R\u00e9silientes (PDVIR)\"}]},{\"@type\":\"WebSite\",\"@id\":\"https:\/\/www.minhdu.gov.cm\/#website\",\"url\":\"https:\/\/www.minhdu.gov.cm\/\",\"name\":\"MINHDU\",\"description\":\"\",\"publisher\":{\"@id\":\"https:\/\/www.minhdu.gov.cm\/#organization\"},\"potentialAction\":[{\"@type\":\"SearchAction\",\"target\":{\"@type\":\"EntryPoint\",\"urlTemplate\":\"https:\/\/www.minhdu.gov.cm\/?s={search_term_string}\"},\"query-input\":\"required name=search_term_string\"}],\"inLanguage\":\"en-US\"},{\"@type\":\"Organization\",\"@id\":\"https:\/\/www.minhdu.gov.cm\/#organization\",\"name\":\"MINHDU\",\"url\":\"https:\/\/www.minhdu.gov.cm\/\",\"logo\":{\"@type\":\"ImageObject\",\"inLanguage\":\"en-US\",\"@id\":\"https:\/\/www.minhdu.gov.cm\/#\/schema\/logo\/image\/\",\"url\":\"https:\/\/www.minhdu.gov.cm\/wp-content\/uploads\/2022\/06\/minhdu2.png\",\"contentUrl\":\"https:\/\/www.minhdu.gov.cm\/wp-content\/uploads\/2022\/06\/minhdu2.png\",\"width\":250,\"height\":250,\"caption\":\"MINHDU\"},\"image\":{\"@id\":\"https:\/\/www.minhdu.gov.cm\/#\/schema\/logo\/image\/\"},\"sameAs\":[\"https:\/\/www.facebook.com\/cameroun.minhdu\/\",\"https:\/\/twitter.com\/cameroun_minhdu\"]},{\"@type\":\"Person\",\"@id\":\"https:\/\/www.minhdu.gov.cm\/#\/schema\/person\/cf95f7bdff2edf1cc967c620f5ef8d3c\",\"name\":\"Emmanuel OMBANG ENDONG\",\"image\":{\"@type\":\"ImageObject\",\"inLanguage\":\"en-US\",\"@id\":\"https:\/\/www.minhdu.gov.cm\/#\/schema\/person\/image\/\",\"url\":\"https:\/\/secure.gravatar.com\/avatar\/fa068d5c960df4bc0a9f57ab6fba80f76b485bf8ee16609f1a2c512155386489?s=96&d=mm&r=g\",\"contentUrl\":\"https:\/\/secure.gravatar.com\/avatar\/fa068d5c960df4bc0a9f57ab6fba80f76b485bf8ee16609f1a2c512155386489?s=96&d=mm&r=g\",\"caption\":\"Emmanuel OMBANG ENDONG\"},\"url\":\"https:\/\/www.minhdu.gov.cm\/author\/emmanuel\/\"}]}<\/script>\n<!-- \/ Yoast SEO plugin. -->","yoast_head_json":{"title":"Suivi des projets du Programme \u00ab C2D Capitales R\u00e9gionales \u00bb et du Projet de D\u00e9veloppement des Villes Inclusives et R\u00e9silientes (PDVIR)","description":"Travaux de proximit\u00e9 du Projet de D\u00e9veloppement des Villes Inclusives et R\u00e9silientes (PDVIR) et ex\u00e9cution du Programme C2D Urbain ''Capitales R\u00e9gionales'' Le Ministre de l\u2019Habitat et du D\u00e9veloppement Urbain et Son Excellence Monsieur l'Ambassadeur de France au Cameroun jaugent la cadence des travaux \u00e0 Maroua. La visite de travail qui a d\u00e9but\u00e9 \u00e0 Maroua ce&hellip;","robots":{"index":"index","follow":"follow","max-snippet":"max-snippet:-1","max-image-preview":"max-image-preview:large","max-video-preview":"max-video-preview:-1"},"canonical":"https:\/\/www.minhdu.gov.cm\/suivi-des-projets-du-programme-c2d-capitales-regionales-et-du-projet-de-developpement-des-villes-inclusives-et-resilientes-pdvir\/","og_locale":"en_US","og_type":"article","og_title":"Suivi des projets du Programme \u00ab C2D Capitales R\u00e9gionales \u00bb et du Projet de D\u00e9veloppement des Villes Inclusives et R\u00e9silientes (PDVIR)","og_description":"Travaux de proximit\u00e9 du Projet de D\u00e9veloppement des Villes Inclusives et R\u00e9silientes (PDVIR) et ex\u00e9cution du Programme C2D Urbain ''Capitales R\u00e9gionales'' Le Ministre de l\u2019Habitat et du D\u00e9veloppement Urbain et Son Excellence Monsieur l'Ambassadeur de France au Cameroun jaugent la cadence des travaux \u00e0 Maroua. La visite de travail qui a d\u00e9but\u00e9 \u00e0 Maroua ce&hellip;","og_url":"https:\/\/www.minhdu.gov.cm\/suivi-des-projets-du-programme-c2d-capitales-regionales-et-du-projet-de-developpement-des-villes-inclusives-et-resilientes-pdvir\/","og_site_name":"MINHDU","article_publisher":"https:\/\/www.facebook.com\/cameroun.minhdu\/","article_published_time":"2024-11-13T07:19:25+00:00","article_modified_time":"2024-11-13T07:22:29+00:00","og_image":[{"width":1080,"height":809,"url":"https:\/\/www.minhdu.gov.cm\/wp-content\/uploads\/2024\/11\/IMG-P2.jpeg","type":"image\/jpeg"}],"author":"Emmanuel OMBANG ENDONG","twitter_card":"summary_large_image","twitter_creator":"@cameroun_minhdu","twitter_site":"@cameroun_minhdu","twitter_misc":{"Written by":"Emmanuel OMBANG ENDONG","Est. reading time":"3 minutes"},"schema":{"@context":"https:\/\/schema.org","@graph":[{"@type":"Article","@id":"https:\/\/www.minhdu.gov.cm\/suivi-des-projets-du-programme-c2d-capitales-regionales-et-du-projet-de-developpement-des-villes-inclusives-et-resilientes-pdvir\/#article","isPartOf":{"@id":"https:\/\/www.minhdu.gov.cm\/suivi-des-projets-du-programme-c2d-capitales-regionales-et-du-projet-de-developpement-des-villes-inclusives-et-resilientes-pdvir\/"},"author":{"name":"Emmanuel OMBANG ENDONG","@id":"https:\/\/www.minhdu.gov.cm\/#\/schema\/person\/cf95f7bdff2edf1cc967c620f5ef8d3c"},"headline":"Suivi des projets du Programme \u00ab C2D Capitales R\u00e9gionales \u00bb et du Projet de D\u00e9veloppement des Villes Inclusives et R\u00e9silientes (PDVIR)","datePublished":"2024-11-13T07:19:25+00:00","dateModified":"2024-11-13T07:22:29+00:00","mainEntityOfPage":{"@id":"https:\/\/www.minhdu.gov.cm\/suivi-des-projets-du-programme-c2d-capitales-regionales-et-du-projet-de-developpement-des-villes-inclusives-et-resilientes-pdvir\/"},"wordCount":276,"commentCount":0,"publisher":{"@id":"https:\/\/www.minhdu.gov.cm\/#organization"},"articleSection":["spotlight","Region News","Actualit\u00e9s-C2D","Actualit\u00e9s-PDVIR"],"inLanguage":"en-US","potentialAction":[{"@type":"CommentAction","name":"Comment","target":["https:\/\/www.minhdu.gov.cm\/suivi-des-projets-du-programme-c2d-capitales-regionales-et-du-projet-de-developpement-des-villes-inclusives-et-resilientes-pdvir\/#respond"]}]},{"@type":"WebPage","@id":"https:\/\/www.minhdu.gov.cm\/suivi-des-projets-du-programme-c2d-capitales-regionales-et-du-projet-de-developpement-des-villes-inclusives-et-resilientes-pdvir\/","url":"https:\/\/www.minhdu.gov.cm\/suivi-des-projets-du-programme-c2d-capitales-regionales-et-du-projet-de-developpement-des-villes-inclusives-et-resilientes-pdvir\/","name":"Suivi des projets du Programme \u00ab C2D Capitales R\u00e9gionales \u00bb et du Projet de D\u00e9veloppement des Villes Inclusives et R\u00e9silientes (PDVIR) - MINHDU","isPartOf":{"@id":"https:\/\/www.minhdu.gov.cm\/#website"},"datePublished":"2024-11-13T07:19:25+00:00","dateModified":"2024-11-13T07:22:29+00:00","breadcrumb":{"@id":"https:\/\/www.minhdu.gov.cm\/suivi-des-projets-du-programme-c2d-capitales-regionales-et-du-projet-de-developpement-des-villes-inclusives-et-resilientes-pdvir\/#breadcrumb"},"inLanguage":"en-US","potentialAction":[{"@type":"ReadAction","target":["https:\/\/www.minhdu.gov.cm\/suivi-des-projets-du-programme-c2d-capitales-regionales-et-du-projet-de-developpement-des-villes-inclusives-et-resilientes-pdvir\/"]}]},{"@type":"BreadcrumbList","@id":"https:\/\/www.minhdu.gov.cm\/suivi-des-projets-du-programme-c2d-capitales-regionales-et-du-projet-de-developpement-des-villes-inclusives-et-resilientes-pdvir\/#breadcrumb","itemListElement":[{"@type":"ListItem","position":1,"name":"Home","item":"https:\/\/www.minhdu.gov.cm\/"},{"@type":"ListItem","position":2,"name":"Suivi des projets du Programme \u00ab C2D Capitales R\u00e9gionales \u00bb et du Projet de D\u00e9veloppement des Villes Inclusives et R\u00e9silientes (PDVIR)"}]},{"@type":"WebSite","@id":"https:\/\/www.minhdu.gov.cm\/#website","url":"https:\/\/www.minhdu.gov.cm\/","name":"MINHDU","description":"","publisher":{"@id":"https:\/\/www.minhdu.gov.cm\/#organization"},"potentialAction":[{"@type":"SearchAction","target":{"@type":"EntryPoint","urlTemplate":"https:\/\/www.minhdu.gov.cm\/?s={search_term_string}"},"query-input":"required name=search_term_string"}],"inLanguage":"en-US"},{"@type":"Organization","@id":"https:\/\/www.minhdu.gov.cm\/#organization","name":"MINHDU","url":"https:\/\/www.minhdu.gov.cm\/","logo":{"@type":"ImageObject","inLanguage":"en-US","@id":"https:\/\/www.minhdu.gov.cm\/#\/schema\/logo\/image\/","url":"https:\/\/www.minhdu.gov.cm\/wp-content\/uploads\/2022\/06\/minhdu2.png","contentUrl":"https:\/\/www.minhdu.gov.cm\/wp-content\/uploads\/2022\/06\/minhdu2.png","width":250,"height":250,"caption":"MINHDU"},"image":{"@id":"https:\/\/www.minhdu.gov.cm\/#\/schema\/logo\/image\/"},"sameAs":["https:\/\/www.facebook.com\/cameroun.minhdu\/","https:\/\/twitter.com\/cameroun_minhdu"]},{"@type":"Person","@id":"https:\/\/www.minhdu.gov.cm\/#\/schema\/person\/cf95f7bdff2edf1cc967c620f5ef8d3c","name":"Emmanuel OMBANG ENDONG","image":{"@type":"ImageObject","inLanguage":"en-US","@id":"https:\/\/www.minhdu.gov.cm\/#\/schema\/person\/image\/","url":"https:\/\/secure.gravatar.com\/avatar\/fa068d5c960df4bc0a9f57ab6fba80f76b485bf8ee16609f1a2c512155386489?s=96&d=mm&r=g","contentUrl":"https:\/\/secure.gravatar.com\/avatar\/fa068d5c960df4bc0a9f57ab6fba80f76b485bf8ee16609f1a2c512155386489?s=96&d=mm&r=g","caption":"Emmanuel OMBANG ENDONG"},"url":"https:\/\/www.minhdu.gov.cm\/author\/emmanuel\/"}]}},"_links":{"self":[{"href":"https:\/\/www.minhdu.gov.cm\/wp-json\/wp\/v2\/posts\/18083","targetHints":{"allow":["GET"]}}],"collection":[{"href":"https:\/\/www.minhdu.gov.cm\/wp-json\/wp\/v2\/posts"}],"about":[{"href":"https:\/\/www.minhdu.gov.cm\/wp-json\/wp\/v2\/types\/post"}],"author":[{"embeddable":true,"href":"https:\/\/www.minhdu.gov.cm\/wp-json\/wp\/v2\/users\/2"}],"replies":[{"embeddable":true,"href":"https:\/\/www.minhdu.gov.cm\/wp-json\/wp\/v2\/comments?post=18083"}],"version-history":[{"count":1,"href":"https:\/\/www.minhdu.gov.cm\/wp-json\/wp\/v2\/posts\/18083\/revisions"}],"predecessor-version":[{"id":18091,"href":"https:\/\/www.minhdu.gov.cm\/wp-json\/wp\/v2\/posts\/18083\/revisions\/18091"}],"wp:featuredmedia":[{"embeddable":true,"href":"https:\/\/www.minhdu.gov.cm\/wp-json\/wp\/v2\/media\/18090"}],"wp:attachment":[{"href":"https:\/\/www.minhdu.gov.cm\/wp-json\/wp\/v2\/media?parent=18083"}],"wp:term":[{"taxonomy":"category","embeddable":true,"href":"https:\/\/www.minhdu.gov.cm\/wp-json\/wp\/v2\/categories?post=18083"},{"taxonomy":"post_tag","embeddable":true,"href":"https:\/\/www.minhdu.gov.cm\/wp-json\/wp\/v2\/tags?post=18083"},{"taxonomy":"post_folder","embeddable":true,"href":"https:\/\/www.minhdu.gov.cm\/wp-json\/wp\/v2\/post_folder?post=18083"}],"curies":[{"name":"wp","href":"https:\/\/api.w.org\/{rel}","templated":true}]}}