{"id":18100,"date":"2024-11-13T14:32:04","date_gmt":"2024-11-13T13:32:04","guid":{"rendered":"https:\/\/www.minhdu.gov.cm\/?p=18100"},"modified":"2024-11-13T14:34:08","modified_gmt":"2024-11-13T13:34:08","slug":"mobilite-urbaine-a-maroua-la-contribution-de-letat-pour-lamelioration-de-la-circulation-dans-la-ville","status":"publish","type":"post","link":"https:\/\/www.minhdu.gov.cm\/mobilite-urbaine-a-maroua-la-contribution-de-letat-pour-lamelioration-de-la-circulation-dans-la-ville\/","title":{"rendered":"Mobilit\u00e9 urbaine \u00e0 Maroua : la contribution de l'\u00c9tat pour l'am\u00e9lioration de la circulation dans la ville."},"content":{"rendered":"\n<p>Apr\u00e8s la visite des travaux r\u00e9alis\u00e9s dans le cadre du C2D Urbain &#8221;Capitales R\u00e9gionales&#8221;et lanc\u00e9 les travaux de voirie du Projet de D\u00e9veloppement des Villes Inclusives et R\u00e9silientes (PDVIR), respectivement financ\u00e9 par le gouvernement camerounais et les partenaires financiers et techniques notamment l&#8217;Agence Fran\u00e7aise de D\u00e9veloppement (AFD) et la Banque Mondiale, le Ministre de l&#8217;Habitat et du D\u00e9veloppement Urbain a proc\u00e9d\u00e9 \u00e0 l&#8217;inauguration du Boulevard Kakatar\u00e9 rebaptis\u00e9 Boulevard du Lamidat au terme de sa visite de travail dans la ville de Maroua le mardi 12 novembre 2024.<\/p>\n\n\n\n<p>Le Boulevard du Lamidat de Maroua long de 1375 m\u00e8tres lin\u00e9aires \u00e9tait dans un \u00e9tat impraticable jusqu\u2019au jour o\u00f9 le Gouvernement par l\u2019entremise du Minist\u00e8re de l\u2019Habitat et du D\u00e9veloppement Urbain a entrepris les travaux sur cet axe.<\/p>\n\n\n\n<p>Les travaux de bitumage du Boulevard du Lamidat de Maroua \u00e9taient r\u00e9partis en deux phases.<\/p>\n\n\n\n<p>La premi\u00e8re phase a d\u00e9but\u00e9 le 8 juillet 2022 pour un d\u00e9lai de 5 mois a pris fin le 8 d\u00e9cembre 2022\u00a0avec la lev\u00e9e de r\u00e9serves :<\/p>\n\n\n\n<p>Les travaux comprenaient&nbsp;:<\/p>\n\n\n\n<p>&#8211; Les travaux forfaitaires d\u2019installation de chantier, d\u2019amen\u00e9e et du repli du mat\u00e9riel,<\/p>\n\n\n\n<p>&#8211; Les travaux de nettoyage et terrassement g\u00e9n\u00e9raux&nbsp;:<\/p>\n\n\n\n<p>&#8211; Elagage d&#8217;arbres&nbsp;;<\/p>\n\n\n\n<p>D\u00e9blai ordinaire mis en d\u00e9p\u00f4t&nbsp;;<\/p>\n\n\n\n<ul class=\"wp-block-list\">\n<li>Remblai en &#8220;graveleux lat\u00e9ritiques&#8221; provenant d&#8217;emprunt\u00a0;<\/li>\n<\/ul>\n\n\n\n<p>Purges&nbsp;;<\/p>\n\n\n\n<p>&nbsp;&nbsp;&nbsp;&nbsp; &#8211;&nbsp;&nbsp; Mise en forme de la plateforme.<\/p>\n\n\n\n<p>-Les travaux de chauss\u00e9e&nbsp;:<\/p>\n\n\n\n<p>Couche de fondation&nbsp;;<\/p>\n\n\n\n<p>Couche de base en grave concass\u00e9e<\/p>\n\n\n\n<ul class=\"wp-block-list\">\n<li>Les travaux d\u2019ouvrage d\u2019art et ouvrage hydrauliques\u00a0ainsi que les travaux d\u2019assainissement et de drainage\u00a0;<\/li>\n<\/ul>\n\n\n\n<p>R\u00e9fection des ouvrages d&#8217;assainissement&nbsp;;<\/p>\n\n\n\n<p>Construction des caniveaux&nbsp;;<\/p>\n\n\n\n<p>Curage des caniveaux y compris les exutoires d\u00e9versant au Mayo.<\/p>\n\n\n\n<p>Le co\u00fbt des travaux de la 1\u00e8re phase se sont \u00e9lev\u00e9s \u00e0 un montant Global de 499 885 235 FCFA TTC financ\u00e9 par le Budget D\u2019Investissement Public du MINISTERE DE L\u2019HABITA ET DU DEVELOPPEMENT URBAIN.<\/p>\n\n\n\n<p>La r\u00e9ception provisoire a \u00e9t\u00e9 prononc\u00e9e.<\/p>\n\n\n\n<p><\/p>\n\n\n\n<p>La deuxi\u00e8me phase quant \u00e0 elle qui a d\u00e9but\u00e9 le 21 ao\u00fbt 2023 pour un d\u00e9lai de 5 mois s\u2019est achev\u00e9e le 21 janvier 2024 dans les d\u00e9lais pr\u00e9vus.<\/p>\n\n\n\n<p>Les travaux comprenaient&nbsp;:<\/p>\n\n\n\n<p>L\u2019installation et travaux pr\u00e9paratoires&nbsp;;<\/p>\n\n\n\n<p>Nettoyage et terrassement&nbsp;;<\/p>\n\n\n\n<p>Chauss\u00e9e&nbsp;<\/p>\n\n\n\n<ul class=\"wp-block-list\">\n<li>Enduit et rev\u00eatement\u00a0;<\/li>\n<\/ul>\n\n\n\n<p>Couche d\u2019accrochage&nbsp;;<\/p>\n\n\n\n<p>B\u00e9ton bitumineux ;<\/p>\n\n\n\n<p>Pav\u00e9 sur le terre-plein central&nbsp;;<\/p>\n\n\n\n<p>Pose de dalette sur les caniveaux&nbsp;;<\/p>\n\n\n\n<p>Et dalle de travers\u00e9e&nbsp;;<\/p>\n\n\n\n<p>Bordures.<\/p>\n\n\n\n<p>Signalisation et \u00e9quipement de s\u00e9curit\u00e9<\/p>\n\n\n\n<p>Signalisation verticale&nbsp;; Signalisation horizontale&nbsp;;<\/p>\n\n\n\n<p>\u00c9clairage public pour un co\u00fbt de pr\u00e8s de 1 000 000 000 Franc CFA TTC financ\u00e9 par le Budget D\u2019Investissement Public MINEPAT ligne 94.<\/p>\n\n\n\n<p><\/p>\n\n\n\n<figure class=\"wp-block-image size-large is-resized\"><img loading=\"lazy\" decoding=\"async\" width=\"1024\" height=\"767\" src=\"https:\/\/www.minhdu.gov.cm\/wp-content\/uploads\/2024\/11\/IMG-03-1024x767.jpeg\" alt=\"\" class=\"wp-image-18101\" style=\"width:823px;height:auto\"\/><\/figure>\n\n\n\n<p><\/p>\n\n\n\n<p>La r\u00e9ception provisoire a \u00e9t\u00e9 prononc\u00e9e laissant une fiert\u00e9 \u00e0 la population de la ville de Maroua. Lors de son allocution d&#8217;inauguration, C\u00e9lestine Ketcha Court\u00e8s a invit\u00e9 les \u00e9diles des villes \u00e0 veiller \u00e0 l&#8217;entretien de ces importants investissements consentis par l&#8217;\u00c9tat pour le bien-\u00eatre des populations b\u00e9n\u00e9ficiaires tel que voulu par le Chef de l&#8217;\u00c9tat.<\/p>\n\n\n\n<p><\/p>\n<span class=\"et_bloom_bottom_trigger\"><\/span>","protected":false},"excerpt":{"rendered":"<p>Apr\u00e8s la visite des travaux r\u00e9alis\u00e9s dans le cadre du C2D Urbain &#8221;Capitales R\u00e9gionales&#8221;et lanc\u00e9 les travaux de voirie du Projet de D\u00e9veloppement des Villes Inclusives et R\u00e9silientes (PDVIR), respectivement [&hellip;]<\/p>\n","protected":false},"author":2,"featured_media":18102,"comment_status":"open","ping_status":"open","sticky":false,"template":"","format":"standard","meta":{"_et_pb_use_builder":"off","_et_pb_old_content":"","_et_gb_content_width":"","_EventAllDay":false,"_EventTimezone":"","_EventStartDate":"","_EventEndDate":"","_EventStartDateUTC":"","_EventEndDateUTC":"","_EventShowMap":false,"_EventShowMapLink":false,"_EventURL":"","_EventCost":"","_EventCostDescription":"","_EventCurrencySymbol":"","_EventCurrencyCode":"","_EventCurrencyPosition":"","_EventDateTimeSeparator":"","_EventTimeRangeSeparator":"","_EventOrganizerID":[],"_EventVenueID":0,"_OrganizerEmail":"","_OrganizerPhone":"","_OrganizerWebsite":"","_VenueAddress":"","_VenueCity":"","_VenueCountry":"","_VenueProvince":"","_VenueZip":"","_VenuePhone":"","_VenueURL":"","_VenueStateProvince":"","_VenueLat":"","_VenueLng":"","footnotes":""},"categories":[8,9],"tags":[],"post_folder":[],"class_list":["post-18100","post","type-post","status-publish","format-standard","has-post-thumbnail","hentry","category-spotlight","category-region_news"],"yoast_head":"<!-- This site is optimized with the Yoast SEO plugin v19.13 - https:\/\/yoast.com\/wordpress\/plugins\/seo\/ -->\n<title>Mobilit\u00e9 urbaine \u00e0 Maroua : la contribution de l&#039;\u00c9tat pour l&#039;am\u00e9lioration de la circulation dans la ville.<\/title>\n<meta name=\"description\" content=\"Apr\u00e8s la visite des travaux r\u00e9alis\u00e9s dans le cadre du C2D Urbain &#039;&#039;Capitales R\u00e9gionales&#039;&#039;et lanc\u00e9 les travaux de voirie du Projet de D\u00e9veloppement des Villes Inclusives et R\u00e9silientes (PDVIR), respectivement financ\u00e9 par le gouvernement camerounais et les partenaires financiers et techniques notamment l&#039;Agence Fran\u00e7aise de D\u00e9veloppement (AFD) et la Banque Mondiale, le Ministre de l&#039;Habitat&hellip;\" \/>\n<meta name=\"robots\" content=\"index, follow, max-snippet:-1, max-image-preview:large, max-video-preview:-1\" \/>\n<link rel=\"canonical\" href=\"https:\/\/www.minhdu.gov.cm\/mobilite-urbaine-a-maroua-la-contribution-de-letat-pour-lamelioration-de-la-circulation-dans-la-ville\/\" \/>\n<meta property=\"og:locale\" content=\"en_US\" \/>\n<meta property=\"og:type\" content=\"article\" \/>\n<meta property=\"og:title\" content=\"Mobilit\u00e9 urbaine \u00e0 Maroua : la contribution de l&#039;\u00c9tat pour l&#039;am\u00e9lioration de la circulation dans la ville.\" \/>\n<meta property=\"og:description\" content=\"Apr\u00e8s la visite des travaux r\u00e9alis\u00e9s dans le cadre du C2D Urbain &#039;&#039;Capitales R\u00e9gionales&#039;&#039;et lanc\u00e9 les travaux de voirie du Projet de D\u00e9veloppement des Villes Inclusives et R\u00e9silientes (PDVIR), respectivement financ\u00e9 par le gouvernement camerounais et les partenaires financiers et techniques notamment l&#039;Agence Fran\u00e7aise de D\u00e9veloppement (AFD) et la Banque Mondiale, le Ministre de l&#039;Habitat&hellip;\" \/>\n<meta property=\"og:url\" content=\"https:\/\/www.minhdu.gov.cm\/mobilite-urbaine-a-maroua-la-contribution-de-letat-pour-lamelioration-de-la-circulation-dans-la-ville\/\" \/>\n<meta property=\"og:site_name\" content=\"MINHDU\" \/>\n<meta property=\"article:publisher\" content=\"https:\/\/www.facebook.com\/cameroun.minhdu\/\" \/>\n<meta property=\"article:published_time\" content=\"2024-11-13T13:32:04+00:00\" \/>\n<meta property=\"article:modified_time\" content=\"2024-11-13T13:34:08+00:00\" \/>\n<meta property=\"og:image\" content=\"https:\/\/www.minhdu.gov.cm\/wp-content\/uploads\/2024\/11\/IMG-P01.jpeg\" \/>\n\t<meta property=\"og:image:width\" content=\"1080\" \/>\n\t<meta property=\"og:image:height\" content=\"809\" \/>\n\t<meta property=\"og:image:type\" content=\"image\/jpeg\" \/>\n<meta name=\"author\" content=\"Emmanuel OMBANG ENDONG\" \/>\n<meta name=\"twitter:card\" content=\"summary_large_image\" \/>\n<meta name=\"twitter:creator\" content=\"@cameroun_minhdu\" \/>\n<meta name=\"twitter:site\" content=\"@cameroun_minhdu\" \/>\n<meta name=\"twitter:label1\" content=\"Written by\" \/>\n\t<meta name=\"twitter:data1\" content=\"Emmanuel OMBANG ENDONG\" \/>\n\t<meta name=\"twitter:label2\" content=\"Est. reading time\" \/>\n\t<meta name=\"twitter:data2\" content=\"3 minutes\" \/>\n<script type=\"application\/ld+json\" class=\"yoast-schema-graph\">{\"@context\":\"https:\/\/schema.org\",\"@graph\":[{\"@type\":\"Article\",\"@id\":\"https:\/\/www.minhdu.gov.cm\/mobilite-urbaine-a-maroua-la-contribution-de-letat-pour-lamelioration-de-la-circulation-dans-la-ville\/#article\",\"isPartOf\":{\"@id\":\"https:\/\/www.minhdu.gov.cm\/mobilite-urbaine-a-maroua-la-contribution-de-letat-pour-lamelioration-de-la-circulation-dans-la-ville\/\"},\"author\":{\"name\":\"Emmanuel OMBANG ENDONG\",\"@id\":\"https:\/\/www.minhdu.gov.cm\/#\/schema\/person\/cf95f7bdff2edf1cc967c620f5ef8d3c\"},\"headline\":\"Mobilit\u00e9 urbaine \u00e0 Maroua : la contribution de l'\u00c9tat pour l'am\u00e9lioration de la circulation dans la ville.\",\"datePublished\":\"2024-11-13T13:32:04+00:00\",\"dateModified\":\"2024-11-13T13:34:08+00:00\",\"mainEntityOfPage\":{\"@id\":\"https:\/\/www.minhdu.gov.cm\/mobilite-urbaine-a-maroua-la-contribution-de-letat-pour-lamelioration-de-la-circulation-dans-la-ville\/\"},\"wordCount\":542,\"commentCount\":0,\"publisher\":{\"@id\":\"https:\/\/www.minhdu.gov.cm\/#organization\"},\"articleSection\":[\"spotlight\",\"Region News\"],\"inLanguage\":\"en-US\",\"potentialAction\":[{\"@type\":\"CommentAction\",\"name\":\"Comment\",\"target\":[\"https:\/\/www.minhdu.gov.cm\/mobilite-urbaine-a-maroua-la-contribution-de-letat-pour-lamelioration-de-la-circulation-dans-la-ville\/#respond\"]}]},{\"@type\":\"WebPage\",\"@id\":\"https:\/\/www.minhdu.gov.cm\/mobilite-urbaine-a-maroua-la-contribution-de-letat-pour-lamelioration-de-la-circulation-dans-la-ville\/\",\"url\":\"https:\/\/www.minhdu.gov.cm\/mobilite-urbaine-a-maroua-la-contribution-de-letat-pour-lamelioration-de-la-circulation-dans-la-ville\/\",\"name\":\"Mobilit\u00e9 urbaine \u00e0 Maroua : la contribution de l'\u00c9tat pour l'am\u00e9lioration de la circulation dans la ville. - MINHDU\",\"isPartOf\":{\"@id\":\"https:\/\/www.minhdu.gov.cm\/#website\"},\"datePublished\":\"2024-11-13T13:32:04+00:00\",\"dateModified\":\"2024-11-13T13:34:08+00:00\",\"breadcrumb\":{\"@id\":\"https:\/\/www.minhdu.gov.cm\/mobilite-urbaine-a-maroua-la-contribution-de-letat-pour-lamelioration-de-la-circulation-dans-la-ville\/#breadcrumb\"},\"inLanguage\":\"en-US\",\"potentialAction\":[{\"@type\":\"ReadAction\",\"target\":[\"https:\/\/www.minhdu.gov.cm\/mobilite-urbaine-a-maroua-la-contribution-de-letat-pour-lamelioration-de-la-circulation-dans-la-ville\/\"]}]},{\"@type\":\"BreadcrumbList\",\"@id\":\"https:\/\/www.minhdu.gov.cm\/mobilite-urbaine-a-maroua-la-contribution-de-letat-pour-lamelioration-de-la-circulation-dans-la-ville\/#breadcrumb\",\"itemListElement\":[{\"@type\":\"ListItem\",\"position\":1,\"name\":\"Home\",\"item\":\"https:\/\/www.minhdu.gov.cm\/\"},{\"@type\":\"ListItem\",\"position\":2,\"name\":\"Mobilit\u00e9 urbaine \u00e0 Maroua : la contribution de l&#8217;\u00c9tat pour l&#8217;am\u00e9lioration de la circulation dans la ville.\"}]},{\"@type\":\"WebSite\",\"@id\":\"https:\/\/www.minhdu.gov.cm\/#website\",\"url\":\"https:\/\/www.minhdu.gov.cm\/\",\"name\":\"MINHDU\",\"description\":\"\",\"publisher\":{\"@id\":\"https:\/\/www.minhdu.gov.cm\/#organization\"},\"potentialAction\":[{\"@type\":\"SearchAction\",\"target\":{\"@type\":\"EntryPoint\",\"urlTemplate\":\"https:\/\/www.minhdu.gov.cm\/?s={search_term_string}\"},\"query-input\":\"required name=search_term_string\"}],\"inLanguage\":\"en-US\"},{\"@type\":\"Organization\",\"@id\":\"https:\/\/www.minhdu.gov.cm\/#organization\",\"name\":\"MINHDU\",\"url\":\"https:\/\/www.minhdu.gov.cm\/\",\"logo\":{\"@type\":\"ImageObject\",\"inLanguage\":\"en-US\",\"@id\":\"https:\/\/www.minhdu.gov.cm\/#\/schema\/logo\/image\/\",\"url\":\"https:\/\/www.minhdu.gov.cm\/wp-content\/uploads\/2022\/06\/minhdu2.png\",\"contentUrl\":\"https:\/\/www.minhdu.gov.cm\/wp-content\/uploads\/2022\/06\/minhdu2.png\",\"width\":250,\"height\":250,\"caption\":\"MINHDU\"},\"image\":{\"@id\":\"https:\/\/www.minhdu.gov.cm\/#\/schema\/logo\/image\/\"},\"sameAs\":[\"https:\/\/www.facebook.com\/cameroun.minhdu\/\",\"https:\/\/twitter.com\/cameroun_minhdu\"]},{\"@type\":\"Person\",\"@id\":\"https:\/\/www.minhdu.gov.cm\/#\/schema\/person\/cf95f7bdff2edf1cc967c620f5ef8d3c\",\"name\":\"Emmanuel OMBANG ENDONG\",\"image\":{\"@type\":\"ImageObject\",\"inLanguage\":\"en-US\",\"@id\":\"https:\/\/www.minhdu.gov.cm\/#\/schema\/person\/image\/\",\"url\":\"https:\/\/secure.gravatar.com\/avatar\/fa068d5c960df4bc0a9f57ab6fba80f76b485bf8ee16609f1a2c512155386489?s=96&d=mm&r=g\",\"contentUrl\":\"https:\/\/secure.gravatar.com\/avatar\/fa068d5c960df4bc0a9f57ab6fba80f76b485bf8ee16609f1a2c512155386489?s=96&d=mm&r=g\",\"caption\":\"Emmanuel OMBANG ENDONG\"},\"url\":\"https:\/\/www.minhdu.gov.cm\/author\/emmanuel\/\"}]}<\/script>\n<!-- \/ Yoast SEO plugin. -->","yoast_head_json":{"title":"Mobilit\u00e9 urbaine \u00e0 Maroua : la contribution de l'\u00c9tat pour l'am\u00e9lioration de la circulation dans la ville.","description":"Apr\u00e8s la visite des travaux r\u00e9alis\u00e9s dans le cadre du C2D Urbain ''Capitales R\u00e9gionales''et lanc\u00e9 les travaux de voirie du Projet de D\u00e9veloppement des Villes Inclusives et R\u00e9silientes (PDVIR), respectivement financ\u00e9 par le gouvernement camerounais et les partenaires financiers et techniques notamment l'Agence Fran\u00e7aise de D\u00e9veloppement (AFD) et la Banque Mondiale, le Ministre de l'Habitat&hellip;","robots":{"index":"index","follow":"follow","max-snippet":"max-snippet:-1","max-image-preview":"max-image-preview:large","max-video-preview":"max-video-preview:-1"},"canonical":"https:\/\/www.minhdu.gov.cm\/mobilite-urbaine-a-maroua-la-contribution-de-letat-pour-lamelioration-de-la-circulation-dans-la-ville\/","og_locale":"en_US","og_type":"article","og_title":"Mobilit\u00e9 urbaine \u00e0 Maroua : la contribution de l'\u00c9tat pour l'am\u00e9lioration de la circulation dans la ville.","og_description":"Apr\u00e8s la visite des travaux r\u00e9alis\u00e9s dans le cadre du C2D Urbain ''Capitales R\u00e9gionales''et lanc\u00e9 les travaux de voirie du Projet de D\u00e9veloppement des Villes Inclusives et R\u00e9silientes (PDVIR), respectivement financ\u00e9 par le gouvernement camerounais et les partenaires financiers et techniques notamment l'Agence Fran\u00e7aise de D\u00e9veloppement (AFD) et la Banque Mondiale, le Ministre de l'Habitat&hellip;","og_url":"https:\/\/www.minhdu.gov.cm\/mobilite-urbaine-a-maroua-la-contribution-de-letat-pour-lamelioration-de-la-circulation-dans-la-ville\/","og_site_name":"MINHDU","article_publisher":"https:\/\/www.facebook.com\/cameroun.minhdu\/","article_published_time":"2024-11-13T13:32:04+00:00","article_modified_time":"2024-11-13T13:34:08+00:00","og_image":[{"width":1080,"height":809,"url":"https:\/\/www.minhdu.gov.cm\/wp-content\/uploads\/2024\/11\/IMG-P01.jpeg","type":"image\/jpeg"}],"author":"Emmanuel OMBANG ENDONG","twitter_card":"summary_large_image","twitter_creator":"@cameroun_minhdu","twitter_site":"@cameroun_minhdu","twitter_misc":{"Written by":"Emmanuel OMBANG ENDONG","Est. reading time":"3 minutes"},"schema":{"@context":"https:\/\/schema.org","@graph":[{"@type":"Article","@id":"https:\/\/www.minhdu.gov.cm\/mobilite-urbaine-a-maroua-la-contribution-de-letat-pour-lamelioration-de-la-circulation-dans-la-ville\/#article","isPartOf":{"@id":"https:\/\/www.minhdu.gov.cm\/mobilite-urbaine-a-maroua-la-contribution-de-letat-pour-lamelioration-de-la-circulation-dans-la-ville\/"},"author":{"name":"Emmanuel OMBANG ENDONG","@id":"https:\/\/www.minhdu.gov.cm\/#\/schema\/person\/cf95f7bdff2edf1cc967c620f5ef8d3c"},"headline":"Mobilit\u00e9 urbaine \u00e0 Maroua : la contribution de l'\u00c9tat pour l'am\u00e9lioration de la circulation dans la ville.","datePublished":"2024-11-13T13:32:04+00:00","dateModified":"2024-11-13T13:34:08+00:00","mainEntityOfPage":{"@id":"https:\/\/www.minhdu.gov.cm\/mobilite-urbaine-a-maroua-la-contribution-de-letat-pour-lamelioration-de-la-circulation-dans-la-ville\/"},"wordCount":542,"commentCount":0,"publisher":{"@id":"https:\/\/www.minhdu.gov.cm\/#organization"},"articleSection":["spotlight","Region News"],"inLanguage":"en-US","potentialAction":[{"@type":"CommentAction","name":"Comment","target":["https:\/\/www.minhdu.gov.cm\/mobilite-urbaine-a-maroua-la-contribution-de-letat-pour-lamelioration-de-la-circulation-dans-la-ville\/#respond"]}]},{"@type":"WebPage","@id":"https:\/\/www.minhdu.gov.cm\/mobilite-urbaine-a-maroua-la-contribution-de-letat-pour-lamelioration-de-la-circulation-dans-la-ville\/","url":"https:\/\/www.minhdu.gov.cm\/mobilite-urbaine-a-maroua-la-contribution-de-letat-pour-lamelioration-de-la-circulation-dans-la-ville\/","name":"Mobilit\u00e9 urbaine \u00e0 Maroua : la contribution de l'\u00c9tat pour l'am\u00e9lioration de la circulation dans la ville. - MINHDU","isPartOf":{"@id":"https:\/\/www.minhdu.gov.cm\/#website"},"datePublished":"2024-11-13T13:32:04+00:00","dateModified":"2024-11-13T13:34:08+00:00","breadcrumb":{"@id":"https:\/\/www.minhdu.gov.cm\/mobilite-urbaine-a-maroua-la-contribution-de-letat-pour-lamelioration-de-la-circulation-dans-la-ville\/#breadcrumb"},"inLanguage":"en-US","potentialAction":[{"@type":"ReadAction","target":["https:\/\/www.minhdu.gov.cm\/mobilite-urbaine-a-maroua-la-contribution-de-letat-pour-lamelioration-de-la-circulation-dans-la-ville\/"]}]},{"@type":"BreadcrumbList","@id":"https:\/\/www.minhdu.gov.cm\/mobilite-urbaine-a-maroua-la-contribution-de-letat-pour-lamelioration-de-la-circulation-dans-la-ville\/#breadcrumb","itemListElement":[{"@type":"ListItem","position":1,"name":"Home","item":"https:\/\/www.minhdu.gov.cm\/"},{"@type":"ListItem","position":2,"name":"Mobilit\u00e9 urbaine \u00e0 Maroua : la contribution de l&#8217;\u00c9tat pour l&#8217;am\u00e9lioration de la circulation dans la ville."}]},{"@type":"WebSite","@id":"https:\/\/www.minhdu.gov.cm\/#website","url":"https:\/\/www.minhdu.gov.cm\/","name":"MINHDU","description":"","publisher":{"@id":"https:\/\/www.minhdu.gov.cm\/#organization"},"potentialAction":[{"@type":"SearchAction","target":{"@type":"EntryPoint","urlTemplate":"https:\/\/www.minhdu.gov.cm\/?s={search_term_string}"},"query-input":"required name=search_term_string"}],"inLanguage":"en-US"},{"@type":"Organization","@id":"https:\/\/www.minhdu.gov.cm\/#organization","name":"MINHDU","url":"https:\/\/www.minhdu.gov.cm\/","logo":{"@type":"ImageObject","inLanguage":"en-US","@id":"https:\/\/www.minhdu.gov.cm\/#\/schema\/logo\/image\/","url":"https:\/\/www.minhdu.gov.cm\/wp-content\/uploads\/2022\/06\/minhdu2.png","contentUrl":"https:\/\/www.minhdu.gov.cm\/wp-content\/uploads\/2022\/06\/minhdu2.png","width":250,"height":250,"caption":"MINHDU"},"image":{"@id":"https:\/\/www.minhdu.gov.cm\/#\/schema\/logo\/image\/"},"sameAs":["https:\/\/www.facebook.com\/cameroun.minhdu\/","https:\/\/twitter.com\/cameroun_minhdu"]},{"@type":"Person","@id":"https:\/\/www.minhdu.gov.cm\/#\/schema\/person\/cf95f7bdff2edf1cc967c620f5ef8d3c","name":"Emmanuel OMBANG ENDONG","image":{"@type":"ImageObject","inLanguage":"en-US","@id":"https:\/\/www.minhdu.gov.cm\/#\/schema\/person\/image\/","url":"https:\/\/secure.gravatar.com\/avatar\/fa068d5c960df4bc0a9f57ab6fba80f76b485bf8ee16609f1a2c512155386489?s=96&d=mm&r=g","contentUrl":"https:\/\/secure.gravatar.com\/avatar\/fa068d5c960df4bc0a9f57ab6fba80f76b485bf8ee16609f1a2c512155386489?s=96&d=mm&r=g","caption":"Emmanuel OMBANG ENDONG"},"url":"https:\/\/www.minhdu.gov.cm\/author\/emmanuel\/"}]}},"_links":{"self":[{"href":"https:\/\/www.minhdu.gov.cm\/wp-json\/wp\/v2\/posts\/18100","targetHints":{"allow":["GET"]}}],"collection":[{"href":"https:\/\/www.minhdu.gov.cm\/wp-json\/wp\/v2\/posts"}],"about":[{"href":"https:\/\/www.minhdu.gov.cm\/wp-json\/wp\/v2\/types\/post"}],"author":[{"embeddable":true,"href":"https:\/\/www.minhdu.gov.cm\/wp-json\/wp\/v2\/users\/2"}],"replies":[{"embeddable":true,"href":"https:\/\/www.minhdu.gov.cm\/wp-json\/wp\/v2\/comments?post=18100"}],"version-history":[{"count":1,"href":"https:\/\/www.minhdu.gov.cm\/wp-json\/wp\/v2\/posts\/18100\/revisions"}],"predecessor-version":[{"id":18103,"href":"https:\/\/www.minhdu.gov.cm\/wp-json\/wp\/v2\/posts\/18100\/revisions\/18103"}],"wp:featuredmedia":[{"embeddable":true,"href":"https:\/\/www.minhdu.gov.cm\/wp-json\/wp\/v2\/media\/18102"}],"wp:attachment":[{"href":"https:\/\/www.minhdu.gov.cm\/wp-json\/wp\/v2\/media?parent=18100"}],"wp:term":[{"taxonomy":"category","embeddable":true,"href":"https:\/\/www.minhdu.gov.cm\/wp-json\/wp\/v2\/categories?post=18100"},{"taxonomy":"post_tag","embeddable":true,"href":"https:\/\/www.minhdu.gov.cm\/wp-json\/wp\/v2\/tags?post=18100"},{"taxonomy":"post_folder","embeddable":true,"href":"https:\/\/www.minhdu.gov.cm\/wp-json\/wp\/v2\/post_folder?post=18100"}],"curies":[{"name":"wp","href":"https:\/\/api.w.org\/{rel}","templated":true}]}}