{"id":18179,"date":"2024-11-20T10:20:43","date_gmt":"2024-11-20T09:20:43","guid":{"rendered":"https:\/\/www.minhdu.gov.cm\/?p=18179"},"modified":"2024-11-20T10:20:47","modified_gmt":"2024-11-20T09:20:47","slug":"programme-c2d-urbain-capitales-regionales-garoua-temoin-de-la-volonte-du-chef-de-letat-dans-la-mutation-des-villes-camerounaises-2","status":"publish","type":"post","link":"https:\/\/www.minhdu.gov.cm\/programme-c2d-urbain-capitales-regionales-garoua-temoin-de-la-volonte-du-chef-de-letat-dans-la-mutation-des-villes-camerounaises-2\/","title":{"rendered":"Convention MINHDU - ESSACA: vers l'am\u00e9nagement des nouvelles villes durables et r\u00e9silientes"},"content":{"rendered":"\n<p>&#8220;La croissance rapide de nos villes, conjugu\u00e9e \u00e0 d\u2019importantes contraintes \u00e9conomiques et financi\u00e8res, corr\u00e9l\u00e9es au ch\u00f4mage, au sous-emploi, \u00e0 la paup\u00e9risation, au d\u00e9ficit de logements et l\u2019insuffisance des services sociaux de base\u00a0; nous invitent \u00e0 innover techniquement et intellectuellement, dans l\u2019optique d\u2019atteinte des objectifs de d\u00e9veloppement d\u00e9finis dans notre strat\u00e9gie nationale de d\u00e9veloppement (SND30), soutenue par le Pr\u00e9sident de la R\u00e9publique, le Chef de l\u2019Etat\u00a0; SEM Paul Biya&#8221;. Ainsi s&#8217;exprimait le Ministre de l&#8217;Habitat et du D\u00e9veloppement Urbain ce 19 novembre 2024, \u00e0 l&#8217;occasion de la c\u00e9r\u00e9monie de signature de la convention entre le MINHDU et l&#8217;Ecole Sup\u00e9rieure Sp\u00e9ciale d&#8217;Architecture du Cameroun (ESSACA).<\/p>\n\n\n\n<p>Cette convention de partenariat entre le MINHDU et L\u2019ESSACA permettra &nbsp;de mettre en commun leurs efforts et savoir en vue de recherche de solution pour la pr\u00e9servation de l\u2019environnement, la sauvegarde du patrimoine architectural national et la bonne utilisation des ressources locales.<br>Tr\u00e8s concr\u00e8tement, la convention aura pour objectifs :<\/p>\n\n\n\n<ul class=\"wp-block-list\">\n<li>D\u2019apporter un appui multiforme (technique et financier) \u00e0 la formation professionnelle dans le domaine de l\u2019architecture et de l\u2019urbanisme\u00a0;<\/li>\n\n\n\n<li>De renforcer les capacit\u00e9s des personnels du MINHDU sur des sujets relatifs \u00e0 l\u2019habitat, l\u2019urbanisme ou sur des th\u00e9matiques en lien avec les Objectifs de D\u00e9veloppement Durable\u00a0;<\/li>\n\n\n\n<li>De soutenir la recherche et favoriser l\u2019exploitation des r\u00e9sultats y relatifs.<br>Cette c\u00e9r\u00e9monie s&#8217;est d\u00e9roul\u00e9e en pr\u00e9sence du Secr\u00e9taire g\u00e9n\u00e9ral du MINESUP, repr\u00e9sentant personnel du Ministre d&#8217;\u00c9tat, Ministre de l&#8217;Enseignement sup\u00e9rieur, du Pr. Jean Emmanuelle Pondi, Vice-Doyen et Membre du Conseil Scientifique de L&#8217;ESSACA ; et de certains autres hauts cadres de cette \u00e9cole de r\u00e9f\u00e9rence, \u00e0 l&#8217;instar du Pr\u00e9sident honoraire de l&#8217;Acad\u00e9mie fran\u00e7aise d&#8217;Architecture, Robain Martin ; du Pr\u00e9sident de l&#8217;Ordre National des Architectes du Cameroun (ONAC), Jean-Christophe Ndongo.<\/li>\n<\/ul>\n\n\n\n<p><\/p>\n\n\n\n<figure class=\"wp-block-image size-large\"><img loading=\"lazy\" decoding=\"async\" width=\"1024\" height=\"767\" src=\"https:\/\/www.minhdu.gov.cm\/wp-content\/uploads\/2024\/11\/WhatsApp-Image-2024-11-19-at-17.51.34-1024x767.jpeg\" alt=\"\" class=\"wp-image-18181\"\/><\/figure>\n\n\n\n<p><\/p>\n\n\n\n<p><\/p>\n\n\n\n<p><\/p>\n<span class=\"et_bloom_bottom_trigger\"><\/span>","protected":false},"excerpt":{"rendered":"<p>&#8220;La croissance rapide de nos villes, conjugu\u00e9e \u00e0 d\u2019importantes contraintes \u00e9conomiques et financi\u00e8res, corr\u00e9l\u00e9es au ch\u00f4mage, au sous-emploi, \u00e0 la paup\u00e9risation, au d\u00e9ficit de logements et l\u2019insuffisance des services sociaux [&hellip;]<\/p>\n","protected":false},"author":3,"featured_media":18180,"comment_status":"open","ping_status":"open","sticky":false,"template":"","format":"standard","meta":{"_et_pb_use_builder":"off","_et_pb_old_content":"","_et_gb_content_width":"","_EventAllDay":false,"_EventTimezone":"","_EventStartDate":"","_EventEndDate":"","_EventStartDateUTC":"","_EventEndDateUTC":"","_EventShowMap":false,"_EventShowMapLink":false,"_EventURL":"","_EventCost":"","_EventCostDescription":"","_EventCurrencySymbol":"","_EventCurrencyCode":"","_EventCurrencyPosition":"","_EventDateTimeSeparator":"","_EventTimeRangeSeparator":"","_EventOrganizerID":[],"_EventVenueID":0,"_OrganizerEmail":"","_OrganizerPhone":"","_OrganizerWebsite":"","_VenueAddress":"","_VenueCity":"","_VenueCountry":"","_VenueProvince":"","_VenueZip":"","_VenuePhone":"","_VenueURL":"","_VenueStateProvince":"","_VenueLat":"","_VenueLng":"","footnotes":""},"categories":[8],"tags":[],"post_folder":[],"class_list":["post-18179","post","type-post","status-publish","format-standard","has-post-thumbnail","hentry","category-spotlight"],"yoast_head":"<!-- This site is optimized with the Yoast SEO plugin v19.13 - https:\/\/yoast.com\/wordpress\/plugins\/seo\/ -->\n<title>Convention MINHDU - ESSACA: vers l&#039;am\u00e9nagement des nouvelles villes durables et r\u00e9silientes<\/title>\n<meta name=\"description\" content=\"&quot;La croissance rapide de nos villes, conjugu\u00e9e \u00e0 d\u2019importantes contraintes \u00e9conomiques et financi\u00e8res, corr\u00e9l\u00e9es au ch\u00f4mage, au sous-emploi, \u00e0 la paup\u00e9risation, au d\u00e9ficit de logements et l\u2019insuffisance des services sociaux de base\u00a0; nous invitent \u00e0 innover techniquement et intellectuellement, dans l\u2019optique d\u2019atteinte des objectifs de d\u00e9veloppement d\u00e9finis dans notre strat\u00e9gie nationale de d\u00e9veloppement (SND30), soutenue&hellip;\" \/>\n<meta name=\"robots\" content=\"index, follow, max-snippet:-1, max-image-preview:large, max-video-preview:-1\" \/>\n<link rel=\"canonical\" href=\"https:\/\/www.minhdu.gov.cm\/programme-c2d-urbain-capitales-regionales-garoua-temoin-de-la-volonte-du-chef-de-letat-dans-la-mutation-des-villes-camerounaises-2\/\" \/>\n<meta property=\"og:locale\" content=\"en_US\" \/>\n<meta property=\"og:type\" content=\"article\" \/>\n<meta property=\"og:title\" content=\"Convention MINHDU - ESSACA: vers l&#039;am\u00e9nagement des nouvelles villes durables et r\u00e9silientes\" \/>\n<meta property=\"og:description\" content=\"&quot;La croissance rapide de nos villes, conjugu\u00e9e \u00e0 d\u2019importantes contraintes \u00e9conomiques et financi\u00e8res, corr\u00e9l\u00e9es au ch\u00f4mage, au sous-emploi, \u00e0 la paup\u00e9risation, au d\u00e9ficit de logements et l\u2019insuffisance des services sociaux de base\u00a0; nous invitent \u00e0 innover techniquement et intellectuellement, dans l\u2019optique d\u2019atteinte des objectifs de d\u00e9veloppement d\u00e9finis dans notre strat\u00e9gie nationale de d\u00e9veloppement (SND30), soutenue&hellip;\" \/>\n<meta property=\"og:url\" content=\"https:\/\/www.minhdu.gov.cm\/programme-c2d-urbain-capitales-regionales-garoua-temoin-de-la-volonte-du-chef-de-letat-dans-la-mutation-des-villes-camerounaises-2\/\" \/>\n<meta property=\"og:site_name\" content=\"MINHDU\" \/>\n<meta property=\"article:publisher\" content=\"https:\/\/www.facebook.com\/cameroun.minhdu\/\" \/>\n<meta property=\"article:published_time\" content=\"2024-11-20T09:20:43+00:00\" \/>\n<meta property=\"article:modified_time\" content=\"2024-11-20T09:20:47+00:00\" \/>\n<meta property=\"og:image\" content=\"https:\/\/www.minhdu.gov.cm\/wp-content\/uploads\/2024\/11\/WhatsApp-Image-2024-11-20-at-08.56.56.jpeg\" \/>\n\t<meta property=\"og:image:width\" content=\"1024\" \/>\n\t<meta property=\"og:image:height\" content=\"683\" \/>\n\t<meta property=\"og:image:type\" content=\"image\/jpeg\" \/>\n<meta name=\"author\" content=\"Michelle ONDOA\" \/>\n<meta name=\"twitter:card\" content=\"summary_large_image\" \/>\n<meta name=\"twitter:creator\" content=\"@cameroun_minhdu\" \/>\n<meta name=\"twitter:site\" content=\"@cameroun_minhdu\" \/>\n<meta name=\"twitter:label1\" content=\"Written by\" \/>\n\t<meta name=\"twitter:data1\" content=\"Michelle ONDOA\" \/>\n\t<meta name=\"twitter:label2\" content=\"Est. reading time\" \/>\n\t<meta name=\"twitter:data2\" content=\"2 minutes\" \/>\n<script type=\"application\/ld+json\" class=\"yoast-schema-graph\">{\"@context\":\"https:\/\/schema.org\",\"@graph\":[{\"@type\":\"Article\",\"@id\":\"https:\/\/www.minhdu.gov.cm\/programme-c2d-urbain-capitales-regionales-garoua-temoin-de-la-volonte-du-chef-de-letat-dans-la-mutation-des-villes-camerounaises-2\/#article\",\"isPartOf\":{\"@id\":\"https:\/\/www.minhdu.gov.cm\/programme-c2d-urbain-capitales-regionales-garoua-temoin-de-la-volonte-du-chef-de-letat-dans-la-mutation-des-villes-camerounaises-2\/\"},\"author\":{\"name\":\"Michelle ONDOA\",\"@id\":\"https:\/\/www.minhdu.gov.cm\/#\/schema\/person\/7f9b5a15b2f3c584abe9a7d009c19d79\"},\"headline\":\"Convention MINHDU - ESSACA: vers l'am\u00e9nagement des nouvelles villes durables et r\u00e9silientes\",\"datePublished\":\"2024-11-20T09:20:43+00:00\",\"dateModified\":\"2024-11-20T09:20:47+00:00\",\"mainEntityOfPage\":{\"@id\":\"https:\/\/www.minhdu.gov.cm\/programme-c2d-urbain-capitales-regionales-garoua-temoin-de-la-volonte-du-chef-de-letat-dans-la-mutation-des-villes-camerounaises-2\/\"},\"wordCount\":337,\"commentCount\":0,\"publisher\":{\"@id\":\"https:\/\/www.minhdu.gov.cm\/#organization\"},\"articleSection\":[\"spotlight\"],\"inLanguage\":\"en-US\",\"potentialAction\":[{\"@type\":\"CommentAction\",\"name\":\"Comment\",\"target\":[\"https:\/\/www.minhdu.gov.cm\/programme-c2d-urbain-capitales-regionales-garoua-temoin-de-la-volonte-du-chef-de-letat-dans-la-mutation-des-villes-camerounaises-2\/#respond\"]}]},{\"@type\":\"WebPage\",\"@id\":\"https:\/\/www.minhdu.gov.cm\/programme-c2d-urbain-capitales-regionales-garoua-temoin-de-la-volonte-du-chef-de-letat-dans-la-mutation-des-villes-camerounaises-2\/\",\"url\":\"https:\/\/www.minhdu.gov.cm\/programme-c2d-urbain-capitales-regionales-garoua-temoin-de-la-volonte-du-chef-de-letat-dans-la-mutation-des-villes-camerounaises-2\/\",\"name\":\"Convention MINHDU - ESSACA: vers l'am\u00e9nagement des nouvelles villes durables et r\u00e9silientes - MINHDU\",\"isPartOf\":{\"@id\":\"https:\/\/www.minhdu.gov.cm\/#website\"},\"datePublished\":\"2024-11-20T09:20:43+00:00\",\"dateModified\":\"2024-11-20T09:20:47+00:00\",\"breadcrumb\":{\"@id\":\"https:\/\/www.minhdu.gov.cm\/programme-c2d-urbain-capitales-regionales-garoua-temoin-de-la-volonte-du-chef-de-letat-dans-la-mutation-des-villes-camerounaises-2\/#breadcrumb\"},\"inLanguage\":\"en-US\",\"potentialAction\":[{\"@type\":\"ReadAction\",\"target\":[\"https:\/\/www.minhdu.gov.cm\/programme-c2d-urbain-capitales-regionales-garoua-temoin-de-la-volonte-du-chef-de-letat-dans-la-mutation-des-villes-camerounaises-2\/\"]}]},{\"@type\":\"BreadcrumbList\",\"@id\":\"https:\/\/www.minhdu.gov.cm\/programme-c2d-urbain-capitales-regionales-garoua-temoin-de-la-volonte-du-chef-de-letat-dans-la-mutation-des-villes-camerounaises-2\/#breadcrumb\",\"itemListElement\":[{\"@type\":\"ListItem\",\"position\":1,\"name\":\"Home\",\"item\":\"https:\/\/www.minhdu.gov.cm\/\"},{\"@type\":\"ListItem\",\"position\":2,\"name\":\"Convention MINHDU &#8211; ESSACA: vers l&#8217;am\u00e9nagement des nouvelles villes durables et r\u00e9silientes\"}]},{\"@type\":\"WebSite\",\"@id\":\"https:\/\/www.minhdu.gov.cm\/#website\",\"url\":\"https:\/\/www.minhdu.gov.cm\/\",\"name\":\"MINHDU\",\"description\":\"\",\"publisher\":{\"@id\":\"https:\/\/www.minhdu.gov.cm\/#organization\"},\"potentialAction\":[{\"@type\":\"SearchAction\",\"target\":{\"@type\":\"EntryPoint\",\"urlTemplate\":\"https:\/\/www.minhdu.gov.cm\/?s={search_term_string}\"},\"query-input\":\"required name=search_term_string\"}],\"inLanguage\":\"en-US\"},{\"@type\":\"Organization\",\"@id\":\"https:\/\/www.minhdu.gov.cm\/#organization\",\"name\":\"MINHDU\",\"url\":\"https:\/\/www.minhdu.gov.cm\/\",\"logo\":{\"@type\":\"ImageObject\",\"inLanguage\":\"en-US\",\"@id\":\"https:\/\/www.minhdu.gov.cm\/#\/schema\/logo\/image\/\",\"url\":\"https:\/\/www.minhdu.gov.cm\/wp-content\/uploads\/2022\/06\/minhdu2.png\",\"contentUrl\":\"https:\/\/www.minhdu.gov.cm\/wp-content\/uploads\/2022\/06\/minhdu2.png\",\"width\":250,\"height\":250,\"caption\":\"MINHDU\"},\"image\":{\"@id\":\"https:\/\/www.minhdu.gov.cm\/#\/schema\/logo\/image\/\"},\"sameAs\":[\"https:\/\/www.facebook.com\/cameroun.minhdu\/\",\"https:\/\/twitter.com\/cameroun_minhdu\"]},{\"@type\":\"Person\",\"@id\":\"https:\/\/www.minhdu.gov.cm\/#\/schema\/person\/7f9b5a15b2f3c584abe9a7d009c19d79\",\"name\":\"Michelle ONDOA\",\"image\":{\"@type\":\"ImageObject\",\"inLanguage\":\"en-US\",\"@id\":\"https:\/\/www.minhdu.gov.cm\/#\/schema\/person\/image\/\",\"url\":\"https:\/\/secure.gravatar.com\/avatar\/46cf1e505199b6f090134a2687116acf8a0e53bd822d5e21a095bd7a64584085?s=96&d=mm&r=g\",\"contentUrl\":\"https:\/\/secure.gravatar.com\/avatar\/46cf1e505199b6f090134a2687116acf8a0e53bd822d5e21a095bd7a64584085?s=96&d=mm&r=g\",\"caption\":\"Michelle ONDOA\"},\"url\":\"https:\/\/www.minhdu.gov.cm\/author\/michelle\/\"}]}<\/script>\n<!-- \/ Yoast SEO plugin. -->","yoast_head_json":{"title":"Convention MINHDU - ESSACA: vers l'am\u00e9nagement des nouvelles villes durables et r\u00e9silientes","description":"\"La croissance rapide de nos villes, conjugu\u00e9e \u00e0 d\u2019importantes contraintes \u00e9conomiques et financi\u00e8res, corr\u00e9l\u00e9es au ch\u00f4mage, au sous-emploi, \u00e0 la paup\u00e9risation, au d\u00e9ficit de logements et l\u2019insuffisance des services sociaux de base\u00a0; nous invitent \u00e0 innover techniquement et intellectuellement, dans l\u2019optique d\u2019atteinte des objectifs de d\u00e9veloppement d\u00e9finis dans notre strat\u00e9gie nationale de d\u00e9veloppement (SND30), soutenue&hellip;","robots":{"index":"index","follow":"follow","max-snippet":"max-snippet:-1","max-image-preview":"max-image-preview:large","max-video-preview":"max-video-preview:-1"},"canonical":"https:\/\/www.minhdu.gov.cm\/programme-c2d-urbain-capitales-regionales-garoua-temoin-de-la-volonte-du-chef-de-letat-dans-la-mutation-des-villes-camerounaises-2\/","og_locale":"en_US","og_type":"article","og_title":"Convention MINHDU - ESSACA: vers l'am\u00e9nagement des nouvelles villes durables et r\u00e9silientes","og_description":"\"La croissance rapide de nos villes, conjugu\u00e9e \u00e0 d\u2019importantes contraintes \u00e9conomiques et financi\u00e8res, corr\u00e9l\u00e9es au ch\u00f4mage, au sous-emploi, \u00e0 la paup\u00e9risation, au d\u00e9ficit de logements et l\u2019insuffisance des services sociaux de base\u00a0; nous invitent \u00e0 innover techniquement et intellectuellement, dans l\u2019optique d\u2019atteinte des objectifs de d\u00e9veloppement d\u00e9finis dans notre strat\u00e9gie nationale de d\u00e9veloppement (SND30), soutenue&hellip;","og_url":"https:\/\/www.minhdu.gov.cm\/programme-c2d-urbain-capitales-regionales-garoua-temoin-de-la-volonte-du-chef-de-letat-dans-la-mutation-des-villes-camerounaises-2\/","og_site_name":"MINHDU","article_publisher":"https:\/\/www.facebook.com\/cameroun.minhdu\/","article_published_time":"2024-11-20T09:20:43+00:00","article_modified_time":"2024-11-20T09:20:47+00:00","og_image":[{"width":1024,"height":683,"url":"https:\/\/www.minhdu.gov.cm\/wp-content\/uploads\/2024\/11\/WhatsApp-Image-2024-11-20-at-08.56.56.jpeg","type":"image\/jpeg"}],"author":"Michelle ONDOA","twitter_card":"summary_large_image","twitter_creator":"@cameroun_minhdu","twitter_site":"@cameroun_minhdu","twitter_misc":{"Written by":"Michelle ONDOA","Est. reading time":"2 minutes"},"schema":{"@context":"https:\/\/schema.org","@graph":[{"@type":"Article","@id":"https:\/\/www.minhdu.gov.cm\/programme-c2d-urbain-capitales-regionales-garoua-temoin-de-la-volonte-du-chef-de-letat-dans-la-mutation-des-villes-camerounaises-2\/#article","isPartOf":{"@id":"https:\/\/www.minhdu.gov.cm\/programme-c2d-urbain-capitales-regionales-garoua-temoin-de-la-volonte-du-chef-de-letat-dans-la-mutation-des-villes-camerounaises-2\/"},"author":{"name":"Michelle ONDOA","@id":"https:\/\/www.minhdu.gov.cm\/#\/schema\/person\/7f9b5a15b2f3c584abe9a7d009c19d79"},"headline":"Convention MINHDU - ESSACA: vers l'am\u00e9nagement des nouvelles villes durables et r\u00e9silientes","datePublished":"2024-11-20T09:20:43+00:00","dateModified":"2024-11-20T09:20:47+00:00","mainEntityOfPage":{"@id":"https:\/\/www.minhdu.gov.cm\/programme-c2d-urbain-capitales-regionales-garoua-temoin-de-la-volonte-du-chef-de-letat-dans-la-mutation-des-villes-camerounaises-2\/"},"wordCount":337,"commentCount":0,"publisher":{"@id":"https:\/\/www.minhdu.gov.cm\/#organization"},"articleSection":["spotlight"],"inLanguage":"en-US","potentialAction":[{"@type":"CommentAction","name":"Comment","target":["https:\/\/www.minhdu.gov.cm\/programme-c2d-urbain-capitales-regionales-garoua-temoin-de-la-volonte-du-chef-de-letat-dans-la-mutation-des-villes-camerounaises-2\/#respond"]}]},{"@type":"WebPage","@id":"https:\/\/www.minhdu.gov.cm\/programme-c2d-urbain-capitales-regionales-garoua-temoin-de-la-volonte-du-chef-de-letat-dans-la-mutation-des-villes-camerounaises-2\/","url":"https:\/\/www.minhdu.gov.cm\/programme-c2d-urbain-capitales-regionales-garoua-temoin-de-la-volonte-du-chef-de-letat-dans-la-mutation-des-villes-camerounaises-2\/","name":"Convention MINHDU - ESSACA: vers l'am\u00e9nagement des nouvelles villes durables et r\u00e9silientes - MINHDU","isPartOf":{"@id":"https:\/\/www.minhdu.gov.cm\/#website"},"datePublished":"2024-11-20T09:20:43+00:00","dateModified":"2024-11-20T09:20:47+00:00","breadcrumb":{"@id":"https:\/\/www.minhdu.gov.cm\/programme-c2d-urbain-capitales-regionales-garoua-temoin-de-la-volonte-du-chef-de-letat-dans-la-mutation-des-villes-camerounaises-2\/#breadcrumb"},"inLanguage":"en-US","potentialAction":[{"@type":"ReadAction","target":["https:\/\/www.minhdu.gov.cm\/programme-c2d-urbain-capitales-regionales-garoua-temoin-de-la-volonte-du-chef-de-letat-dans-la-mutation-des-villes-camerounaises-2\/"]}]},{"@type":"BreadcrumbList","@id":"https:\/\/www.minhdu.gov.cm\/programme-c2d-urbain-capitales-regionales-garoua-temoin-de-la-volonte-du-chef-de-letat-dans-la-mutation-des-villes-camerounaises-2\/#breadcrumb","itemListElement":[{"@type":"ListItem","position":1,"name":"Home","item":"https:\/\/www.minhdu.gov.cm\/"},{"@type":"ListItem","position":2,"name":"Convention MINHDU &#8211; ESSACA: vers l&#8217;am\u00e9nagement des nouvelles villes durables et r\u00e9silientes"}]},{"@type":"WebSite","@id":"https:\/\/www.minhdu.gov.cm\/#website","url":"https:\/\/www.minhdu.gov.cm\/","name":"MINHDU","description":"","publisher":{"@id":"https:\/\/www.minhdu.gov.cm\/#organization"},"potentialAction":[{"@type":"SearchAction","target":{"@type":"EntryPoint","urlTemplate":"https:\/\/www.minhdu.gov.cm\/?s={search_term_string}"},"query-input":"required name=search_term_string"}],"inLanguage":"en-US"},{"@type":"Organization","@id":"https:\/\/www.minhdu.gov.cm\/#organization","name":"MINHDU","url":"https:\/\/www.minhdu.gov.cm\/","logo":{"@type":"ImageObject","inLanguage":"en-US","@id":"https:\/\/www.minhdu.gov.cm\/#\/schema\/logo\/image\/","url":"https:\/\/www.minhdu.gov.cm\/wp-content\/uploads\/2022\/06\/minhdu2.png","contentUrl":"https:\/\/www.minhdu.gov.cm\/wp-content\/uploads\/2022\/06\/minhdu2.png","width":250,"height":250,"caption":"MINHDU"},"image":{"@id":"https:\/\/www.minhdu.gov.cm\/#\/schema\/logo\/image\/"},"sameAs":["https:\/\/www.facebook.com\/cameroun.minhdu\/","https:\/\/twitter.com\/cameroun_minhdu"]},{"@type":"Person","@id":"https:\/\/www.minhdu.gov.cm\/#\/schema\/person\/7f9b5a15b2f3c584abe9a7d009c19d79","name":"Michelle ONDOA","image":{"@type":"ImageObject","inLanguage":"en-US","@id":"https:\/\/www.minhdu.gov.cm\/#\/schema\/person\/image\/","url":"https:\/\/secure.gravatar.com\/avatar\/46cf1e505199b6f090134a2687116acf8a0e53bd822d5e21a095bd7a64584085?s=96&d=mm&r=g","contentUrl":"https:\/\/secure.gravatar.com\/avatar\/46cf1e505199b6f090134a2687116acf8a0e53bd822d5e21a095bd7a64584085?s=96&d=mm&r=g","caption":"Michelle ONDOA"},"url":"https:\/\/www.minhdu.gov.cm\/author\/michelle\/"}]}},"_links":{"self":[{"href":"https:\/\/www.minhdu.gov.cm\/wp-json\/wp\/v2\/posts\/18179","targetHints":{"allow":["GET"]}}],"collection":[{"href":"https:\/\/www.minhdu.gov.cm\/wp-json\/wp\/v2\/posts"}],"about":[{"href":"https:\/\/www.minhdu.gov.cm\/wp-json\/wp\/v2\/types\/post"}],"author":[{"embeddable":true,"href":"https:\/\/www.minhdu.gov.cm\/wp-json\/wp\/v2\/users\/3"}],"replies":[{"embeddable":true,"href":"https:\/\/www.minhdu.gov.cm\/wp-json\/wp\/v2\/comments?post=18179"}],"version-history":[{"count":1,"href":"https:\/\/www.minhdu.gov.cm\/wp-json\/wp\/v2\/posts\/18179\/revisions"}],"predecessor-version":[{"id":18182,"href":"https:\/\/www.minhdu.gov.cm\/wp-json\/wp\/v2\/posts\/18179\/revisions\/18182"}],"wp:featuredmedia":[{"embeddable":true,"href":"https:\/\/www.minhdu.gov.cm\/wp-json\/wp\/v2\/media\/18180"}],"wp:attachment":[{"href":"https:\/\/www.minhdu.gov.cm\/wp-json\/wp\/v2\/media?parent=18179"}],"wp:term":[{"taxonomy":"category","embeddable":true,"href":"https:\/\/www.minhdu.gov.cm\/wp-json\/wp\/v2\/categories?post=18179"},{"taxonomy":"post_tag","embeddable":true,"href":"https:\/\/www.minhdu.gov.cm\/wp-json\/wp\/v2\/tags?post=18179"},{"taxonomy":"post_folder","embeddable":true,"href":"https:\/\/www.minhdu.gov.cm\/wp-json\/wp\/v2\/post_folder?post=18179"}],"curies":[{"name":"wp","href":"https:\/\/api.w.org\/{rel}","templated":true}]}}