{"id":20320,"date":"2025-07-01T15:56:40","date_gmt":"2025-07-01T13:56:40","guid":{"rendered":"https:\/\/www.minhdu.gov.cm\/?p=20320"},"modified":"2025-08-13T15:13:27","modified_gmt":"2025-08-13T13:13:27","slug":"jmh-2025-les-etats-generaux-sur-la-gestion-des-ressources-en-dechets-urbains-bilan-detape-et-perspectives-de-mise-en-oeuvre","status":"publish","type":"post","link":"https:\/\/www.minhdu.gov.cm\/jmh-2025-les-etats-generaux-sur-la-gestion-des-ressources-en-dechets-urbains-bilan-detape-et-perspectives-de-mise-en-oeuvre\/","title":{"rendered":"JMH 2025 : Les \u00e9tats g\u00e9n\u00e9raux sur la gestion des ressources en d\u00e9chets urbains : Bilan d'\u00e9tape et perspectives de mise en \u0153uvre"},"content":{"rendered":"\n<p>JMH Bafoussam 2025 : le temps de la r\u00e9flexion<\/p>\n\n\n\n<p>Apr\u00e8s la marche inaugurale et le point de presse de lancement marquant le d\u00e9but de la semaine de l&#8217;habitat. Le deuxi\u00e8me jour marque le d\u00e9marrage des communications et des \u00e9changes sur divers th\u00e8mes. Ce matin Madame le Ministre de l\u2019Habitat et du D\u00e9veloppement Urbain mod\u00e8re une session sp\u00e9ciale sur le th\u00e8me : &#8220;Les \u00e9tats g\u00e9n\u00e9raux sur la gestion des ressources en d\u00e9chets urbains : Bilan d&#8217;\u00e9tape et perspectives de mise en \u0153uvre&#8221;.<\/p>\n\n\n\n<figure class=\"wp-block-gallery has-nested-images columns-default is-cropped wp-block-gallery-1 is-layout-flex wp-block-gallery-is-layout-flex\">\n<figure class=\"wp-block-image size-large\"><img loading=\"lazy\" decoding=\"async\" width=\"1020\" height=\"765\" data-id=\"20324\" src=\"https:\/\/www.minhdu.gov.cm\/wp-content\/uploads\/2025\/07\/WhatsApp-Image-2025-07-01-at-10.57.58.jpeg\" alt=\"\" class=\"wp-image-20324\"\/><\/figure>\n\n\n\n<figure class=\"wp-block-image size-large\"><img loading=\"lazy\" decoding=\"async\" width=\"1020\" height=\"765\" data-id=\"20321\" src=\"https:\/\/www.minhdu.gov.cm\/wp-content\/uploads\/2025\/07\/WhatsApp-Image-2025-07-01-at-10.57.57-1.jpeg\" alt=\"\" class=\"wp-image-20321\"\/><\/figure>\n\n\n\n<figure class=\"wp-block-image size-large\"><img loading=\"lazy\" decoding=\"async\" width=\"1020\" height=\"765\" data-id=\"20323\" src=\"https:\/\/www.minhdu.gov.cm\/wp-content\/uploads\/2025\/07\/WhatsApp-Image-2025-07-01-at-10.57.58-1.jpeg\" alt=\"\" class=\"wp-image-20323\"\/><\/figure>\n<\/figure>\n<span class=\"et_bloom_bottom_trigger\"><\/span>","protected":false},"excerpt":{"rendered":"<p>JMH Bafoussam 2025 : le temps de la r\u00e9flexion Apr\u00e8s la marche inaugurale et le point de presse de lancement marquant le d\u00e9but de la semaine de l&#8217;habitat. Le deuxi\u00e8me [&hellip;]<\/p>\n","protected":false},"author":3,"featured_media":20322,"comment_status":"open","ping_status":"open","sticky":false,"template":"","format":"standard","meta":{"_et_pb_use_builder":"off","_et_pb_old_content":"","_et_gb_content_width":"","_EventAllDay":false,"_EventTimezone":"","_EventStartDate":"","_EventEndDate":"","_EventStartDateUTC":"","_EventEndDateUTC":"","_EventShowMap":false,"_EventShowMapLink":false,"_EventURL":"","_EventCost":"","_EventCostDescription":"","_EventCurrencySymbol":"","_EventCurrencyCode":"","_EventCurrencyPosition":"","_EventDateTimeSeparator":"","_EventTimeRangeSeparator":"","_EventOrganizerID":[],"_EventVenueID":0,"_OrganizerEmail":"","_OrganizerPhone":"","_OrganizerWebsite":"","_VenueAddress":"","_VenueCity":"","_VenueCountry":"","_VenueProvince":"","_VenueZip":"","_VenuePhone":"","_VenueURL":"","_VenueStateProvince":"","_VenueLat":"","_VenueLng":"","footnotes":""},"categories":[8,42],"tags":[],"post_folder":[],"class_list":["post-20320","post","type-post","status-publish","format-standard","has-post-thumbnail","hentry","category-spotlight","category-recent-news"],"yoast_head":"<!-- This site is optimized with the Yoast SEO plugin v19.13 - https:\/\/yoast.com\/wordpress\/plugins\/seo\/ -->\n<title>JMH 2025 : Les \u00e9tats g\u00e9n\u00e9raux sur la gestion des ressources en d\u00e9chets urbains : Bilan d&#039;\u00e9tape et perspectives de mise en \u0153uvre<\/title>\n<meta name=\"description\" content=\"JMH Bafoussam 2025 : le temps de la r\u00e9flexion Apr\u00e8s la marche inaugurale et le point de presse de lancement marquant le d\u00e9but de la semaine de l&#039;habitat. Le deuxi\u00e8me jour marque le d\u00e9marrage des communications et des \u00e9changes sur divers th\u00e8mes. Ce matin Madame le Ministre de l\u2019Habitat et du D\u00e9veloppement Urbain mod\u00e8re une&hellip;\" \/>\n<meta name=\"robots\" content=\"index, follow, max-snippet:-1, max-image-preview:large, max-video-preview:-1\" \/>\n<link rel=\"canonical\" href=\"https:\/\/www.minhdu.gov.cm\/jmh-2025-les-etats-generaux-sur-la-gestion-des-ressources-en-dechets-urbains-bilan-detape-et-perspectives-de-mise-en-oeuvre\/\" \/>\n<meta property=\"og:locale\" content=\"en_US\" \/>\n<meta property=\"og:type\" content=\"article\" \/>\n<meta property=\"og:title\" content=\"JMH 2025 : Les \u00e9tats g\u00e9n\u00e9raux sur la gestion des ressources en d\u00e9chets urbains : Bilan d&#039;\u00e9tape et perspectives de mise en \u0153uvre\" \/>\n<meta property=\"og:description\" content=\"JMH Bafoussam 2025 : le temps de la r\u00e9flexion Apr\u00e8s la marche inaugurale et le point de presse de lancement marquant le d\u00e9but de la semaine de l&#039;habitat. Le deuxi\u00e8me jour marque le d\u00e9marrage des communications et des \u00e9changes sur divers th\u00e8mes. Ce matin Madame le Ministre de l\u2019Habitat et du D\u00e9veloppement Urbain mod\u00e8re une&hellip;\" \/>\n<meta property=\"og:url\" content=\"https:\/\/www.minhdu.gov.cm\/jmh-2025-les-etats-generaux-sur-la-gestion-des-ressources-en-dechets-urbains-bilan-detape-et-perspectives-de-mise-en-oeuvre\/\" \/>\n<meta property=\"og:site_name\" content=\"MINHDU\" \/>\n<meta property=\"article:publisher\" content=\"https:\/\/www.facebook.com\/cameroun.minhdu\/\" \/>\n<meta property=\"article:published_time\" content=\"2025-07-01T13:56:40+00:00\" \/>\n<meta property=\"article:modified_time\" content=\"2025-08-13T13:13:27+00:00\" \/>\n<meta property=\"og:image\" content=\"https:\/\/www.minhdu.gov.cm\/wp-content\/uploads\/2025\/07\/WhatsApp-Image-2025-07-01-at-10.57.57.jpeg\" \/>\n\t<meta property=\"og:image:width\" content=\"1020\" \/>\n\t<meta property=\"og:image:height\" content=\"765\" \/>\n\t<meta property=\"og:image:type\" content=\"image\/jpeg\" \/>\n<meta name=\"author\" content=\"Michelle ONDOA\" \/>\n<meta name=\"twitter:card\" content=\"summary_large_image\" \/>\n<meta name=\"twitter:creator\" content=\"@cameroun_minhdu\" \/>\n<meta name=\"twitter:site\" content=\"@cameroun_minhdu\" \/>\n<meta name=\"twitter:label1\" content=\"Written by\" \/>\n\t<meta name=\"twitter:data1\" content=\"Michelle ONDOA\" \/>\n\t<meta name=\"twitter:label2\" content=\"Est. reading time\" \/>\n\t<meta name=\"twitter:data2\" content=\"1 minute\" \/>\n<script type=\"application\/ld+json\" class=\"yoast-schema-graph\">{\"@context\":\"https:\/\/schema.org\",\"@graph\":[{\"@type\":\"Article\",\"@id\":\"https:\/\/www.minhdu.gov.cm\/jmh-2025-les-etats-generaux-sur-la-gestion-des-ressources-en-dechets-urbains-bilan-detape-et-perspectives-de-mise-en-oeuvre\/#article\",\"isPartOf\":{\"@id\":\"https:\/\/www.minhdu.gov.cm\/jmh-2025-les-etats-generaux-sur-la-gestion-des-ressources-en-dechets-urbains-bilan-detape-et-perspectives-de-mise-en-oeuvre\/\"},\"author\":{\"name\":\"Michelle ONDOA\",\"@id\":\"https:\/\/www.minhdu.gov.cm\/#\/schema\/person\/7f9b5a15b2f3c584abe9a7d009c19d79\"},\"headline\":\"JMH 2025 : Les \u00e9tats g\u00e9n\u00e9raux sur la gestion des ressources en d\u00e9chets urbains : Bilan d'\u00e9tape et perspectives de mise en \u0153uvre\",\"datePublished\":\"2025-07-01T13:56:40+00:00\",\"dateModified\":\"2025-08-13T13:13:27+00:00\",\"mainEntityOfPage\":{\"@id\":\"https:\/\/www.minhdu.gov.cm\/jmh-2025-les-etats-generaux-sur-la-gestion-des-ressources-en-dechets-urbains-bilan-detape-et-perspectives-de-mise-en-oeuvre\/\"},\"wordCount\":116,\"commentCount\":0,\"publisher\":{\"@id\":\"https:\/\/www.minhdu.gov.cm\/#organization\"},\"articleSection\":[\"spotlight\",\"Recent News\"],\"inLanguage\":\"en-US\",\"potentialAction\":[{\"@type\":\"CommentAction\",\"name\":\"Comment\",\"target\":[\"https:\/\/www.minhdu.gov.cm\/jmh-2025-les-etats-generaux-sur-la-gestion-des-ressources-en-dechets-urbains-bilan-detape-et-perspectives-de-mise-en-oeuvre\/#respond\"]}]},{\"@type\":\"WebPage\",\"@id\":\"https:\/\/www.minhdu.gov.cm\/jmh-2025-les-etats-generaux-sur-la-gestion-des-ressources-en-dechets-urbains-bilan-detape-et-perspectives-de-mise-en-oeuvre\/\",\"url\":\"https:\/\/www.minhdu.gov.cm\/jmh-2025-les-etats-generaux-sur-la-gestion-des-ressources-en-dechets-urbains-bilan-detape-et-perspectives-de-mise-en-oeuvre\/\",\"name\":\"JMH 2025 : Les \u00e9tats g\u00e9n\u00e9raux sur la gestion des ressources en d\u00e9chets urbains : Bilan d'\u00e9tape et perspectives de mise en \u0153uvre - MINHDU\",\"isPartOf\":{\"@id\":\"https:\/\/www.minhdu.gov.cm\/#website\"},\"datePublished\":\"2025-07-01T13:56:40+00:00\",\"dateModified\":\"2025-08-13T13:13:27+00:00\",\"breadcrumb\":{\"@id\":\"https:\/\/www.minhdu.gov.cm\/jmh-2025-les-etats-generaux-sur-la-gestion-des-ressources-en-dechets-urbains-bilan-detape-et-perspectives-de-mise-en-oeuvre\/#breadcrumb\"},\"inLanguage\":\"en-US\",\"potentialAction\":[{\"@type\":\"ReadAction\",\"target\":[\"https:\/\/www.minhdu.gov.cm\/jmh-2025-les-etats-generaux-sur-la-gestion-des-ressources-en-dechets-urbains-bilan-detape-et-perspectives-de-mise-en-oeuvre\/\"]}]},{\"@type\":\"BreadcrumbList\",\"@id\":\"https:\/\/www.minhdu.gov.cm\/jmh-2025-les-etats-generaux-sur-la-gestion-des-ressources-en-dechets-urbains-bilan-detape-et-perspectives-de-mise-en-oeuvre\/#breadcrumb\",\"itemListElement\":[{\"@type\":\"ListItem\",\"position\":1,\"name\":\"Home\",\"item\":\"https:\/\/www.minhdu.gov.cm\/\"},{\"@type\":\"ListItem\",\"position\":2,\"name\":\"JMH 2025 : Les \u00e9tats g\u00e9n\u00e9raux sur la gestion des ressources en d\u00e9chets urbains : Bilan d&rsquo;\u00e9tape et perspectives de mise en \u0153uvre\"}]},{\"@type\":\"WebSite\",\"@id\":\"https:\/\/www.minhdu.gov.cm\/#website\",\"url\":\"https:\/\/www.minhdu.gov.cm\/\",\"name\":\"MINHDU\",\"description\":\"\",\"publisher\":{\"@id\":\"https:\/\/www.minhdu.gov.cm\/#organization\"},\"potentialAction\":[{\"@type\":\"SearchAction\",\"target\":{\"@type\":\"EntryPoint\",\"urlTemplate\":\"https:\/\/www.minhdu.gov.cm\/?s={search_term_string}\"},\"query-input\":\"required name=search_term_string\"}],\"inLanguage\":\"en-US\"},{\"@type\":\"Organization\",\"@id\":\"https:\/\/www.minhdu.gov.cm\/#organization\",\"name\":\"MINHDU\",\"url\":\"https:\/\/www.minhdu.gov.cm\/\",\"logo\":{\"@type\":\"ImageObject\",\"inLanguage\":\"en-US\",\"@id\":\"https:\/\/www.minhdu.gov.cm\/#\/schema\/logo\/image\/\",\"url\":\"https:\/\/www.minhdu.gov.cm\/wp-content\/uploads\/2022\/06\/minhdu2.png\",\"contentUrl\":\"https:\/\/www.minhdu.gov.cm\/wp-content\/uploads\/2022\/06\/minhdu2.png\",\"width\":250,\"height\":250,\"caption\":\"MINHDU\"},\"image\":{\"@id\":\"https:\/\/www.minhdu.gov.cm\/#\/schema\/logo\/image\/\"},\"sameAs\":[\"https:\/\/www.facebook.com\/cameroun.minhdu\/\",\"https:\/\/twitter.com\/cameroun_minhdu\"]},{\"@type\":\"Person\",\"@id\":\"https:\/\/www.minhdu.gov.cm\/#\/schema\/person\/7f9b5a15b2f3c584abe9a7d009c19d79\",\"name\":\"Michelle ONDOA\",\"image\":{\"@type\":\"ImageObject\",\"inLanguage\":\"en-US\",\"@id\":\"https:\/\/www.minhdu.gov.cm\/#\/schema\/person\/image\/\",\"url\":\"https:\/\/secure.gravatar.com\/avatar\/46cf1e505199b6f090134a2687116acf8a0e53bd822d5e21a095bd7a64584085?s=96&d=mm&r=g\",\"contentUrl\":\"https:\/\/secure.gravatar.com\/avatar\/46cf1e505199b6f090134a2687116acf8a0e53bd822d5e21a095bd7a64584085?s=96&d=mm&r=g\",\"caption\":\"Michelle ONDOA\"},\"url\":\"https:\/\/www.minhdu.gov.cm\/author\/michelle\/\"}]}<\/script>\n<!-- \/ Yoast SEO plugin. -->","yoast_head_json":{"title":"JMH 2025 : Les \u00e9tats g\u00e9n\u00e9raux sur la gestion des ressources en d\u00e9chets urbains : Bilan d'\u00e9tape et perspectives de mise en \u0153uvre","description":"JMH Bafoussam 2025 : le temps de la r\u00e9flexion Apr\u00e8s la marche inaugurale et le point de presse de lancement marquant le d\u00e9but de la semaine de l'habitat. Le deuxi\u00e8me jour marque le d\u00e9marrage des communications et des \u00e9changes sur divers th\u00e8mes. Ce matin Madame le Ministre de l\u2019Habitat et du D\u00e9veloppement Urbain mod\u00e8re une&hellip;","robots":{"index":"index","follow":"follow","max-snippet":"max-snippet:-1","max-image-preview":"max-image-preview:large","max-video-preview":"max-video-preview:-1"},"canonical":"https:\/\/www.minhdu.gov.cm\/jmh-2025-les-etats-generaux-sur-la-gestion-des-ressources-en-dechets-urbains-bilan-detape-et-perspectives-de-mise-en-oeuvre\/","og_locale":"en_US","og_type":"article","og_title":"JMH 2025 : Les \u00e9tats g\u00e9n\u00e9raux sur la gestion des ressources en d\u00e9chets urbains : Bilan d'\u00e9tape et perspectives de mise en \u0153uvre","og_description":"JMH Bafoussam 2025 : le temps de la r\u00e9flexion Apr\u00e8s la marche inaugurale et le point de presse de lancement marquant le d\u00e9but de la semaine de l'habitat. Le deuxi\u00e8me jour marque le d\u00e9marrage des communications et des \u00e9changes sur divers th\u00e8mes. Ce matin Madame le Ministre de l\u2019Habitat et du D\u00e9veloppement Urbain mod\u00e8re une&hellip;","og_url":"https:\/\/www.minhdu.gov.cm\/jmh-2025-les-etats-generaux-sur-la-gestion-des-ressources-en-dechets-urbains-bilan-detape-et-perspectives-de-mise-en-oeuvre\/","og_site_name":"MINHDU","article_publisher":"https:\/\/www.facebook.com\/cameroun.minhdu\/","article_published_time":"2025-07-01T13:56:40+00:00","article_modified_time":"2025-08-13T13:13:27+00:00","og_image":[{"width":1020,"height":765,"url":"https:\/\/www.minhdu.gov.cm\/wp-content\/uploads\/2025\/07\/WhatsApp-Image-2025-07-01-at-10.57.57.jpeg","type":"image\/jpeg"}],"author":"Michelle ONDOA","twitter_card":"summary_large_image","twitter_creator":"@cameroun_minhdu","twitter_site":"@cameroun_minhdu","twitter_misc":{"Written by":"Michelle ONDOA","Est. reading time":"1 minute"},"schema":{"@context":"https:\/\/schema.org","@graph":[{"@type":"Article","@id":"https:\/\/www.minhdu.gov.cm\/jmh-2025-les-etats-generaux-sur-la-gestion-des-ressources-en-dechets-urbains-bilan-detape-et-perspectives-de-mise-en-oeuvre\/#article","isPartOf":{"@id":"https:\/\/www.minhdu.gov.cm\/jmh-2025-les-etats-generaux-sur-la-gestion-des-ressources-en-dechets-urbains-bilan-detape-et-perspectives-de-mise-en-oeuvre\/"},"author":{"name":"Michelle ONDOA","@id":"https:\/\/www.minhdu.gov.cm\/#\/schema\/person\/7f9b5a15b2f3c584abe9a7d009c19d79"},"headline":"JMH 2025 : Les \u00e9tats g\u00e9n\u00e9raux sur la gestion des ressources en d\u00e9chets urbains : Bilan d'\u00e9tape et perspectives de mise en \u0153uvre","datePublished":"2025-07-01T13:56:40+00:00","dateModified":"2025-08-13T13:13:27+00:00","mainEntityOfPage":{"@id":"https:\/\/www.minhdu.gov.cm\/jmh-2025-les-etats-generaux-sur-la-gestion-des-ressources-en-dechets-urbains-bilan-detape-et-perspectives-de-mise-en-oeuvre\/"},"wordCount":116,"commentCount":0,"publisher":{"@id":"https:\/\/www.minhdu.gov.cm\/#organization"},"articleSection":["spotlight","Recent News"],"inLanguage":"en-US","potentialAction":[{"@type":"CommentAction","name":"Comment","target":["https:\/\/www.minhdu.gov.cm\/jmh-2025-les-etats-generaux-sur-la-gestion-des-ressources-en-dechets-urbains-bilan-detape-et-perspectives-de-mise-en-oeuvre\/#respond"]}]},{"@type":"WebPage","@id":"https:\/\/www.minhdu.gov.cm\/jmh-2025-les-etats-generaux-sur-la-gestion-des-ressources-en-dechets-urbains-bilan-detape-et-perspectives-de-mise-en-oeuvre\/","url":"https:\/\/www.minhdu.gov.cm\/jmh-2025-les-etats-generaux-sur-la-gestion-des-ressources-en-dechets-urbains-bilan-detape-et-perspectives-de-mise-en-oeuvre\/","name":"JMH 2025 : Les \u00e9tats g\u00e9n\u00e9raux sur la gestion des ressources en d\u00e9chets urbains : Bilan d'\u00e9tape et perspectives de mise en \u0153uvre - MINHDU","isPartOf":{"@id":"https:\/\/www.minhdu.gov.cm\/#website"},"datePublished":"2025-07-01T13:56:40+00:00","dateModified":"2025-08-13T13:13:27+00:00","breadcrumb":{"@id":"https:\/\/www.minhdu.gov.cm\/jmh-2025-les-etats-generaux-sur-la-gestion-des-ressources-en-dechets-urbains-bilan-detape-et-perspectives-de-mise-en-oeuvre\/#breadcrumb"},"inLanguage":"en-US","potentialAction":[{"@type":"ReadAction","target":["https:\/\/www.minhdu.gov.cm\/jmh-2025-les-etats-generaux-sur-la-gestion-des-ressources-en-dechets-urbains-bilan-detape-et-perspectives-de-mise-en-oeuvre\/"]}]},{"@type":"BreadcrumbList","@id":"https:\/\/www.minhdu.gov.cm\/jmh-2025-les-etats-generaux-sur-la-gestion-des-ressources-en-dechets-urbains-bilan-detape-et-perspectives-de-mise-en-oeuvre\/#breadcrumb","itemListElement":[{"@type":"ListItem","position":1,"name":"Home","item":"https:\/\/www.minhdu.gov.cm\/"},{"@type":"ListItem","position":2,"name":"JMH 2025 : Les \u00e9tats g\u00e9n\u00e9raux sur la gestion des ressources en d\u00e9chets urbains : Bilan d&rsquo;\u00e9tape et perspectives de mise en \u0153uvre"}]},{"@type":"WebSite","@id":"https:\/\/www.minhdu.gov.cm\/#website","url":"https:\/\/www.minhdu.gov.cm\/","name":"MINHDU","description":"","publisher":{"@id":"https:\/\/www.minhdu.gov.cm\/#organization"},"potentialAction":[{"@type":"SearchAction","target":{"@type":"EntryPoint","urlTemplate":"https:\/\/www.minhdu.gov.cm\/?s={search_term_string}"},"query-input":"required name=search_term_string"}],"inLanguage":"en-US"},{"@type":"Organization","@id":"https:\/\/www.minhdu.gov.cm\/#organization","name":"MINHDU","url":"https:\/\/www.minhdu.gov.cm\/","logo":{"@type":"ImageObject","inLanguage":"en-US","@id":"https:\/\/www.minhdu.gov.cm\/#\/schema\/logo\/image\/","url":"https:\/\/www.minhdu.gov.cm\/wp-content\/uploads\/2022\/06\/minhdu2.png","contentUrl":"https:\/\/www.minhdu.gov.cm\/wp-content\/uploads\/2022\/06\/minhdu2.png","width":250,"height":250,"caption":"MINHDU"},"image":{"@id":"https:\/\/www.minhdu.gov.cm\/#\/schema\/logo\/image\/"},"sameAs":["https:\/\/www.facebook.com\/cameroun.minhdu\/","https:\/\/twitter.com\/cameroun_minhdu"]},{"@type":"Person","@id":"https:\/\/www.minhdu.gov.cm\/#\/schema\/person\/7f9b5a15b2f3c584abe9a7d009c19d79","name":"Michelle ONDOA","image":{"@type":"ImageObject","inLanguage":"en-US","@id":"https:\/\/www.minhdu.gov.cm\/#\/schema\/person\/image\/","url":"https:\/\/secure.gravatar.com\/avatar\/46cf1e505199b6f090134a2687116acf8a0e53bd822d5e21a095bd7a64584085?s=96&d=mm&r=g","contentUrl":"https:\/\/secure.gravatar.com\/avatar\/46cf1e505199b6f090134a2687116acf8a0e53bd822d5e21a095bd7a64584085?s=96&d=mm&r=g","caption":"Michelle ONDOA"},"url":"https:\/\/www.minhdu.gov.cm\/author\/michelle\/"}]}},"_links":{"self":[{"href":"https:\/\/www.minhdu.gov.cm\/wp-json\/wp\/v2\/posts\/20320","targetHints":{"allow":["GET"]}}],"collection":[{"href":"https:\/\/www.minhdu.gov.cm\/wp-json\/wp\/v2\/posts"}],"about":[{"href":"https:\/\/www.minhdu.gov.cm\/wp-json\/wp\/v2\/types\/post"}],"author":[{"embeddable":true,"href":"https:\/\/www.minhdu.gov.cm\/wp-json\/wp\/v2\/users\/3"}],"replies":[{"embeddable":true,"href":"https:\/\/www.minhdu.gov.cm\/wp-json\/wp\/v2\/comments?post=20320"}],"version-history":[{"count":1,"href":"https:\/\/www.minhdu.gov.cm\/wp-json\/wp\/v2\/posts\/20320\/revisions"}],"predecessor-version":[{"id":20325,"href":"https:\/\/www.minhdu.gov.cm\/wp-json\/wp\/v2\/posts\/20320\/revisions\/20325"}],"wp:featuredmedia":[{"embeddable":true,"href":"https:\/\/www.minhdu.gov.cm\/wp-json\/wp\/v2\/media\/20322"}],"wp:attachment":[{"href":"https:\/\/www.minhdu.gov.cm\/wp-json\/wp\/v2\/media?parent=20320"}],"wp:term":[{"taxonomy":"category","embeddable":true,"href":"https:\/\/www.minhdu.gov.cm\/wp-json\/wp\/v2\/categories?post=20320"},{"taxonomy":"post_tag","embeddable":true,"href":"https:\/\/www.minhdu.gov.cm\/wp-json\/wp\/v2\/tags?post=20320"},{"taxonomy":"post_folder","embeddable":true,"href":"https:\/\/www.minhdu.gov.cm\/wp-json\/wp\/v2\/post_folder?post=20320"}],"curies":[{"name":"wp","href":"https:\/\/api.w.org\/{rel}","templated":true}]}}