{"id":20335,"date":"2025-07-03T13:35:27","date_gmt":"2025-07-03T11:35:27","guid":{"rendered":"https:\/\/www.minhdu.gov.cm\/?p=20335"},"modified":"2025-07-03T13:35:32","modified_gmt":"2025-07-03T11:35:32","slug":"inauguration-de-la-delegation-regionale-minhdu-ouest","status":"publish","type":"post","link":"https:\/\/www.minhdu.gov.cm\/inauguration-de-la-delegation-regionale-minhdu-ouest\/","title":{"rendered":"Inauguration de la d\u00e9l\u00e9gation r\u00e9gionale MINHDU Ouest"},"content":{"rendered":"\n<p>En marge de la c\u00e9l\u00e9bration de la c\u00e9l\u00e9bration de la 39\u00e8me \u00e9dition de la Journ\u00e9e Mondiale de l&#8217;Habitat \u00e0 Bafoussam, le Ministre de l\u2019Habitat et du D\u00e9veloppement Urbain a proc\u00e9d\u00e9 \u00e0 l&#8217;inauguration de la d\u00e9l\u00e9gation r\u00e9gionale MINHDU Ouest le 02 juillet 2025. Un joyau architectural qui participe \u00e0 embellir d&#8217;avantage capitale r\u00e9gionale de l\u2019Ouest.<\/p>\n\n\n\n<figure class=\"wp-block-gallery has-nested-images columns-default is-cropped wp-block-gallery-1 is-layout-flex wp-block-gallery-is-layout-flex\">\n<figure class=\"wp-block-image size-large\"><img loading=\"lazy\" decoding=\"async\" width=\"1024\" height=\"767\" data-id=\"20338\" src=\"https:\/\/www.minhdu.gov.cm\/wp-content\/uploads\/2025\/07\/WhatsApp-Image-2025-07-03-at-10.33.23-1-1024x767.jpeg\" alt=\"\" class=\"wp-image-20338\"\/><\/figure>\n\n\n\n<figure class=\"wp-block-image size-large\"><img loading=\"lazy\" decoding=\"async\" width=\"1024\" height=\"767\" data-id=\"20340\" src=\"https:\/\/www.minhdu.gov.cm\/wp-content\/uploads\/2025\/07\/WhatsApp-Image-2025-07-03-at-10.33.23-2-1024x767.jpeg\" alt=\"\" class=\"wp-image-20340\"\/><\/figure>\n\n\n\n<figure class=\"wp-block-image size-large\"><img loading=\"lazy\" decoding=\"async\" width=\"1024\" height=\"767\" data-id=\"20336\" src=\"https:\/\/www.minhdu.gov.cm\/wp-content\/uploads\/2025\/07\/WhatsApp-Image-2025-07-03-at-10.33.23-1024x767.jpeg\" alt=\"\" class=\"wp-image-20336\"\/><\/figure>\n\n\n\n<figure class=\"wp-block-image size-large\"><img loading=\"lazy\" decoding=\"async\" width=\"767\" height=\"1024\" data-id=\"20337\" src=\"https:\/\/www.minhdu.gov.cm\/wp-content\/uploads\/2025\/07\/WhatsApp-Image-2025-07-03-at-10.33.24-1-767x1024.jpeg\" alt=\"\" class=\"wp-image-20337\"\/><\/figure>\n\n\n\n<figure class=\"wp-block-image size-large\"><img loading=\"lazy\" decoding=\"async\" width=\"1024\" height=\"767\" data-id=\"20339\" src=\"https:\/\/www.minhdu.gov.cm\/wp-content\/uploads\/2025\/07\/WhatsApp-Image-2025-07-03-at-10.33.24-1024x767.jpeg\" alt=\"\" class=\"wp-image-20339\"\/><\/figure>\n\n\n\n<figure class=\"wp-block-image size-large\"><img loading=\"lazy\" decoding=\"async\" width=\"1024\" height=\"767\" data-id=\"20341\" src=\"https:\/\/www.minhdu.gov.cm\/wp-content\/uploads\/2025\/07\/WhatsApp-Image-2025-07-03-at-10.33.25-1-1024x767.jpeg\" alt=\"\" class=\"wp-image-20341\"\/><\/figure>\n\n\n\n<figure class=\"wp-block-image size-large\"><img loading=\"lazy\" decoding=\"async\" width=\"1024\" height=\"767\" data-id=\"20344\" src=\"https:\/\/www.minhdu.gov.cm\/wp-content\/uploads\/2025\/07\/WhatsApp-Image-2025-07-03-at-10.33.25-1024x767.jpeg\" alt=\"\" class=\"wp-image-20344\"\/><\/figure>\n\n\n\n<figure class=\"wp-block-image size-large\"><img loading=\"lazy\" decoding=\"async\" width=\"1024\" height=\"767\" data-id=\"20342\" src=\"https:\/\/www.minhdu.gov.cm\/wp-content\/uploads\/2025\/07\/WhatsApp-Image-2025-07-03-at-10.33.26-1-1024x767.jpeg\" alt=\"\" class=\"wp-image-20342\"\/><\/figure>\n\n\n\n<figure class=\"wp-block-image size-large\"><img loading=\"lazy\" decoding=\"async\" width=\"1024\" height=\"767\" data-id=\"20343\" src=\"https:\/\/www.minhdu.gov.cm\/wp-content\/uploads\/2025\/07\/WhatsApp-Image-2025-07-03-at-10.33.26-1024x767.jpeg\" alt=\"\" class=\"wp-image-20343\"\/><\/figure>\n<\/figure>\n<span class=\"et_bloom_bottom_trigger\"><\/span>","protected":false},"excerpt":{"rendered":"<p>En marge de la c\u00e9l\u00e9bration de la c\u00e9l\u00e9bration de la 39\u00e8me \u00e9dition de la Journ\u00e9e Mondiale de l&#8217;Habitat \u00e0 Bafoussam, le Ministre de l\u2019Habitat et du D\u00e9veloppement Urbain a proc\u00e9d\u00e9 [&hellip;]<\/p>\n","protected":false},"author":3,"featured_media":20345,"comment_status":"open","ping_status":"open","sticky":false,"template":"","format":"standard","meta":{"_et_pb_use_builder":"off","_et_pb_old_content":"","_et_gb_content_width":"","_EventAllDay":false,"_EventTimezone":"","_EventStartDate":"","_EventEndDate":"","_EventStartDateUTC":"","_EventEndDateUTC":"","_EventShowMap":false,"_EventShowMapLink":false,"_EventURL":"","_EventCost":"","_EventCostDescription":"","_EventCurrencySymbol":"","_EventCurrencyCode":"","_EventCurrencyPosition":"","_EventDateTimeSeparator":"","_EventTimeRangeSeparator":"","_EventOrganizerID":[],"_EventVenueID":0,"_OrganizerEmail":"","_OrganizerPhone":"","_OrganizerWebsite":"","_VenueAddress":"","_VenueCity":"","_VenueCountry":"","_VenueProvince":"","_VenueZip":"","_VenuePhone":"","_VenueURL":"","_VenueStateProvince":"","_VenueLat":"","_VenueLng":"","footnotes":""},"categories":[8,9,115],"tags":[],"post_folder":[],"class_list":["post-20335","post","type-post","status-publish","format-standard","has-post-thumbnail","hentry","category-spotlight","category-region_news","category-flash-infos"],"yoast_head":"<!-- This site is optimized with the Yoast SEO plugin v19.13 - https:\/\/yoast.com\/wordpress\/plugins\/seo\/ -->\n<title>Inauguration de la d\u00e9l\u00e9gation r\u00e9gionale MINHDU Ouest<\/title>\n<meta name=\"description\" content=\"En marge de la c\u00e9l\u00e9bration de la c\u00e9l\u00e9bration de la 39\u00e8me \u00e9dition de la Journ\u00e9e Mondiale de l&#039;Habitat \u00e0 Bafoussam, le Ministre de l\u2019Habitat et du D\u00e9veloppement Urbain a proc\u00e9d\u00e9 \u00e0 l&#039;inauguration de la d\u00e9l\u00e9gation r\u00e9gionale MINHDU Ouest le 02 juillet 2025. Un joyau architectural qui participe \u00e0 embellir d&#039;avantage capitale r\u00e9gionale de l\u2019Ouest.\" \/>\n<meta name=\"robots\" content=\"index, follow, max-snippet:-1, max-image-preview:large, max-video-preview:-1\" \/>\n<link rel=\"canonical\" href=\"https:\/\/www.minhdu.gov.cm\/inauguration-de-la-delegation-regionale-minhdu-ouest\/\" \/>\n<meta property=\"og:locale\" content=\"en_US\" \/>\n<meta property=\"og:type\" content=\"article\" \/>\n<meta property=\"og:title\" content=\"Inauguration de la d\u00e9l\u00e9gation r\u00e9gionale MINHDU Ouest\" \/>\n<meta property=\"og:description\" content=\"En marge de la c\u00e9l\u00e9bration de la c\u00e9l\u00e9bration de la 39\u00e8me \u00e9dition de la Journ\u00e9e Mondiale de l&#039;Habitat \u00e0 Bafoussam, le Ministre de l\u2019Habitat et du D\u00e9veloppement Urbain a proc\u00e9d\u00e9 \u00e0 l&#039;inauguration de la d\u00e9l\u00e9gation r\u00e9gionale MINHDU Ouest le 02 juillet 2025. Un joyau architectural qui participe \u00e0 embellir d&#039;avantage capitale r\u00e9gionale de l\u2019Ouest.\" \/>\n<meta property=\"og:url\" content=\"https:\/\/www.minhdu.gov.cm\/inauguration-de-la-delegation-regionale-minhdu-ouest\/\" \/>\n<meta property=\"og:site_name\" content=\"MINHDU\" \/>\n<meta property=\"article:publisher\" content=\"https:\/\/www.facebook.com\/cameroun.minhdu\/\" \/>\n<meta property=\"article:published_time\" content=\"2025-07-03T11:35:27+00:00\" \/>\n<meta property=\"article:modified_time\" content=\"2025-07-03T11:35:32+00:00\" \/>\n<meta property=\"og:image\" content=\"https:\/\/www.minhdu.gov.cm\/wp-content\/uploads\/2025\/07\/WhatsApp-Image-2025-07-03-at-10.33.23-3.jpeg\" \/>\n\t<meta property=\"og:image:width\" content=\"1080\" \/>\n\t<meta property=\"og:image:height\" content=\"809\" \/>\n\t<meta property=\"og:image:type\" content=\"image\/jpeg\" \/>\n<meta name=\"author\" content=\"Michelle ONDOA\" \/>\n<meta name=\"twitter:card\" content=\"summary_large_image\" \/>\n<meta name=\"twitter:creator\" content=\"@cameroun_minhdu\" \/>\n<meta name=\"twitter:site\" content=\"@cameroun_minhdu\" \/>\n<meta name=\"twitter:label1\" content=\"Written by\" \/>\n\t<meta name=\"twitter:data1\" content=\"Michelle ONDOA\" \/>\n\t<meta name=\"twitter:label2\" content=\"Est. reading time\" \/>\n\t<meta name=\"twitter:data2\" content=\"3 minutes\" \/>\n<script type=\"application\/ld+json\" class=\"yoast-schema-graph\">{\"@context\":\"https:\/\/schema.org\",\"@graph\":[{\"@type\":\"Article\",\"@id\":\"https:\/\/www.minhdu.gov.cm\/inauguration-de-la-delegation-regionale-minhdu-ouest\/#article\",\"isPartOf\":{\"@id\":\"https:\/\/www.minhdu.gov.cm\/inauguration-de-la-delegation-regionale-minhdu-ouest\/\"},\"author\":{\"name\":\"Michelle ONDOA\",\"@id\":\"https:\/\/www.minhdu.gov.cm\/#\/schema\/person\/7f9b5a15b2f3c584abe9a7d009c19d79\"},\"headline\":\"Inauguration de la d\u00e9l\u00e9gation r\u00e9gionale MINHDU Ouest\",\"datePublished\":\"2025-07-03T11:35:27+00:00\",\"dateModified\":\"2025-07-03T11:35:32+00:00\",\"mainEntityOfPage\":{\"@id\":\"https:\/\/www.minhdu.gov.cm\/inauguration-de-la-delegation-regionale-minhdu-ouest\/\"},\"wordCount\":72,\"commentCount\":0,\"publisher\":{\"@id\":\"https:\/\/www.minhdu.gov.cm\/#organization\"},\"articleSection\":[\"spotlight\",\"Region News\",\"Flash-infos\"],\"inLanguage\":\"en-US\",\"potentialAction\":[{\"@type\":\"CommentAction\",\"name\":\"Comment\",\"target\":[\"https:\/\/www.minhdu.gov.cm\/inauguration-de-la-delegation-regionale-minhdu-ouest\/#respond\"]}]},{\"@type\":\"WebPage\",\"@id\":\"https:\/\/www.minhdu.gov.cm\/inauguration-de-la-delegation-regionale-minhdu-ouest\/\",\"url\":\"https:\/\/www.minhdu.gov.cm\/inauguration-de-la-delegation-regionale-minhdu-ouest\/\",\"name\":\"Inauguration de la d\u00e9l\u00e9gation r\u00e9gionale MINHDU Ouest - MINHDU\",\"isPartOf\":{\"@id\":\"https:\/\/www.minhdu.gov.cm\/#website\"},\"datePublished\":\"2025-07-03T11:35:27+00:00\",\"dateModified\":\"2025-07-03T11:35:32+00:00\",\"breadcrumb\":{\"@id\":\"https:\/\/www.minhdu.gov.cm\/inauguration-de-la-delegation-regionale-minhdu-ouest\/#breadcrumb\"},\"inLanguage\":\"en-US\",\"potentialAction\":[{\"@type\":\"ReadAction\",\"target\":[\"https:\/\/www.minhdu.gov.cm\/inauguration-de-la-delegation-regionale-minhdu-ouest\/\"]}]},{\"@type\":\"BreadcrumbList\",\"@id\":\"https:\/\/www.minhdu.gov.cm\/inauguration-de-la-delegation-regionale-minhdu-ouest\/#breadcrumb\",\"itemListElement\":[{\"@type\":\"ListItem\",\"position\":1,\"name\":\"Home\",\"item\":\"https:\/\/www.minhdu.gov.cm\/\"},{\"@type\":\"ListItem\",\"position\":2,\"name\":\"Inauguration de la d\u00e9l\u00e9gation r\u00e9gionale MINHDU Ouest\"}]},{\"@type\":\"WebSite\",\"@id\":\"https:\/\/www.minhdu.gov.cm\/#website\",\"url\":\"https:\/\/www.minhdu.gov.cm\/\",\"name\":\"MINHDU\",\"description\":\"\",\"publisher\":{\"@id\":\"https:\/\/www.minhdu.gov.cm\/#organization\"},\"potentialAction\":[{\"@type\":\"SearchAction\",\"target\":{\"@type\":\"EntryPoint\",\"urlTemplate\":\"https:\/\/www.minhdu.gov.cm\/?s={search_term_string}\"},\"query-input\":\"required name=search_term_string\"}],\"inLanguage\":\"en-US\"},{\"@type\":\"Organization\",\"@id\":\"https:\/\/www.minhdu.gov.cm\/#organization\",\"name\":\"MINHDU\",\"url\":\"https:\/\/www.minhdu.gov.cm\/\",\"logo\":{\"@type\":\"ImageObject\",\"inLanguage\":\"en-US\",\"@id\":\"https:\/\/www.minhdu.gov.cm\/#\/schema\/logo\/image\/\",\"url\":\"https:\/\/www.minhdu.gov.cm\/wp-content\/uploads\/2022\/06\/minhdu2.png\",\"contentUrl\":\"https:\/\/www.minhdu.gov.cm\/wp-content\/uploads\/2022\/06\/minhdu2.png\",\"width\":250,\"height\":250,\"caption\":\"MINHDU\"},\"image\":{\"@id\":\"https:\/\/www.minhdu.gov.cm\/#\/schema\/logo\/image\/\"},\"sameAs\":[\"https:\/\/www.facebook.com\/cameroun.minhdu\/\",\"https:\/\/twitter.com\/cameroun_minhdu\"]},{\"@type\":\"Person\",\"@id\":\"https:\/\/www.minhdu.gov.cm\/#\/schema\/person\/7f9b5a15b2f3c584abe9a7d009c19d79\",\"name\":\"Michelle ONDOA\",\"image\":{\"@type\":\"ImageObject\",\"inLanguage\":\"en-US\",\"@id\":\"https:\/\/www.minhdu.gov.cm\/#\/schema\/person\/image\/\",\"url\":\"https:\/\/secure.gravatar.com\/avatar\/46cf1e505199b6f090134a2687116acf8a0e53bd822d5e21a095bd7a64584085?s=96&d=mm&r=g\",\"contentUrl\":\"https:\/\/secure.gravatar.com\/avatar\/46cf1e505199b6f090134a2687116acf8a0e53bd822d5e21a095bd7a64584085?s=96&d=mm&r=g\",\"caption\":\"Michelle ONDOA\"},\"url\":\"https:\/\/www.minhdu.gov.cm\/author\/michelle\/\"}]}<\/script>\n<!-- \/ Yoast SEO plugin. -->","yoast_head_json":{"title":"Inauguration de la d\u00e9l\u00e9gation r\u00e9gionale MINHDU Ouest","description":"En marge de la c\u00e9l\u00e9bration de la c\u00e9l\u00e9bration de la 39\u00e8me \u00e9dition de la Journ\u00e9e Mondiale de l'Habitat \u00e0 Bafoussam, le Ministre de l\u2019Habitat et du D\u00e9veloppement Urbain a proc\u00e9d\u00e9 \u00e0 l'inauguration de la d\u00e9l\u00e9gation r\u00e9gionale MINHDU Ouest le 02 juillet 2025. Un joyau architectural qui participe \u00e0 embellir d'avantage capitale r\u00e9gionale de l\u2019Ouest.","robots":{"index":"index","follow":"follow","max-snippet":"max-snippet:-1","max-image-preview":"max-image-preview:large","max-video-preview":"max-video-preview:-1"},"canonical":"https:\/\/www.minhdu.gov.cm\/inauguration-de-la-delegation-regionale-minhdu-ouest\/","og_locale":"en_US","og_type":"article","og_title":"Inauguration de la d\u00e9l\u00e9gation r\u00e9gionale MINHDU Ouest","og_description":"En marge de la c\u00e9l\u00e9bration de la c\u00e9l\u00e9bration de la 39\u00e8me \u00e9dition de la Journ\u00e9e Mondiale de l'Habitat \u00e0 Bafoussam, le Ministre de l\u2019Habitat et du D\u00e9veloppement Urbain a proc\u00e9d\u00e9 \u00e0 l'inauguration de la d\u00e9l\u00e9gation r\u00e9gionale MINHDU Ouest le 02 juillet 2025. Un joyau architectural qui participe \u00e0 embellir d'avantage capitale r\u00e9gionale de l\u2019Ouest.","og_url":"https:\/\/www.minhdu.gov.cm\/inauguration-de-la-delegation-regionale-minhdu-ouest\/","og_site_name":"MINHDU","article_publisher":"https:\/\/www.facebook.com\/cameroun.minhdu\/","article_published_time":"2025-07-03T11:35:27+00:00","article_modified_time":"2025-07-03T11:35:32+00:00","og_image":[{"width":1080,"height":809,"url":"https:\/\/www.minhdu.gov.cm\/wp-content\/uploads\/2025\/07\/WhatsApp-Image-2025-07-03-at-10.33.23-3.jpeg","type":"image\/jpeg"}],"author":"Michelle ONDOA","twitter_card":"summary_large_image","twitter_creator":"@cameroun_minhdu","twitter_site":"@cameroun_minhdu","twitter_misc":{"Written by":"Michelle ONDOA","Est. reading time":"3 minutes"},"schema":{"@context":"https:\/\/schema.org","@graph":[{"@type":"Article","@id":"https:\/\/www.minhdu.gov.cm\/inauguration-de-la-delegation-regionale-minhdu-ouest\/#article","isPartOf":{"@id":"https:\/\/www.minhdu.gov.cm\/inauguration-de-la-delegation-regionale-minhdu-ouest\/"},"author":{"name":"Michelle ONDOA","@id":"https:\/\/www.minhdu.gov.cm\/#\/schema\/person\/7f9b5a15b2f3c584abe9a7d009c19d79"},"headline":"Inauguration de la d\u00e9l\u00e9gation r\u00e9gionale MINHDU Ouest","datePublished":"2025-07-03T11:35:27+00:00","dateModified":"2025-07-03T11:35:32+00:00","mainEntityOfPage":{"@id":"https:\/\/www.minhdu.gov.cm\/inauguration-de-la-delegation-regionale-minhdu-ouest\/"},"wordCount":72,"commentCount":0,"publisher":{"@id":"https:\/\/www.minhdu.gov.cm\/#organization"},"articleSection":["spotlight","Region News","Flash-infos"],"inLanguage":"en-US","potentialAction":[{"@type":"CommentAction","name":"Comment","target":["https:\/\/www.minhdu.gov.cm\/inauguration-de-la-delegation-regionale-minhdu-ouest\/#respond"]}]},{"@type":"WebPage","@id":"https:\/\/www.minhdu.gov.cm\/inauguration-de-la-delegation-regionale-minhdu-ouest\/","url":"https:\/\/www.minhdu.gov.cm\/inauguration-de-la-delegation-regionale-minhdu-ouest\/","name":"Inauguration de la d\u00e9l\u00e9gation r\u00e9gionale MINHDU Ouest - MINHDU","isPartOf":{"@id":"https:\/\/www.minhdu.gov.cm\/#website"},"datePublished":"2025-07-03T11:35:27+00:00","dateModified":"2025-07-03T11:35:32+00:00","breadcrumb":{"@id":"https:\/\/www.minhdu.gov.cm\/inauguration-de-la-delegation-regionale-minhdu-ouest\/#breadcrumb"},"inLanguage":"en-US","potentialAction":[{"@type":"ReadAction","target":["https:\/\/www.minhdu.gov.cm\/inauguration-de-la-delegation-regionale-minhdu-ouest\/"]}]},{"@type":"BreadcrumbList","@id":"https:\/\/www.minhdu.gov.cm\/inauguration-de-la-delegation-regionale-minhdu-ouest\/#breadcrumb","itemListElement":[{"@type":"ListItem","position":1,"name":"Home","item":"https:\/\/www.minhdu.gov.cm\/"},{"@type":"ListItem","position":2,"name":"Inauguration de la d\u00e9l\u00e9gation r\u00e9gionale MINHDU Ouest"}]},{"@type":"WebSite","@id":"https:\/\/www.minhdu.gov.cm\/#website","url":"https:\/\/www.minhdu.gov.cm\/","name":"MINHDU","description":"","publisher":{"@id":"https:\/\/www.minhdu.gov.cm\/#organization"},"potentialAction":[{"@type":"SearchAction","target":{"@type":"EntryPoint","urlTemplate":"https:\/\/www.minhdu.gov.cm\/?s={search_term_string}"},"query-input":"required name=search_term_string"}],"inLanguage":"en-US"},{"@type":"Organization","@id":"https:\/\/www.minhdu.gov.cm\/#organization","name":"MINHDU","url":"https:\/\/www.minhdu.gov.cm\/","logo":{"@type":"ImageObject","inLanguage":"en-US","@id":"https:\/\/www.minhdu.gov.cm\/#\/schema\/logo\/image\/","url":"https:\/\/www.minhdu.gov.cm\/wp-content\/uploads\/2022\/06\/minhdu2.png","contentUrl":"https:\/\/www.minhdu.gov.cm\/wp-content\/uploads\/2022\/06\/minhdu2.png","width":250,"height":250,"caption":"MINHDU"},"image":{"@id":"https:\/\/www.minhdu.gov.cm\/#\/schema\/logo\/image\/"},"sameAs":["https:\/\/www.facebook.com\/cameroun.minhdu\/","https:\/\/twitter.com\/cameroun_minhdu"]},{"@type":"Person","@id":"https:\/\/www.minhdu.gov.cm\/#\/schema\/person\/7f9b5a15b2f3c584abe9a7d009c19d79","name":"Michelle ONDOA","image":{"@type":"ImageObject","inLanguage":"en-US","@id":"https:\/\/www.minhdu.gov.cm\/#\/schema\/person\/image\/","url":"https:\/\/secure.gravatar.com\/avatar\/46cf1e505199b6f090134a2687116acf8a0e53bd822d5e21a095bd7a64584085?s=96&d=mm&r=g","contentUrl":"https:\/\/secure.gravatar.com\/avatar\/46cf1e505199b6f090134a2687116acf8a0e53bd822d5e21a095bd7a64584085?s=96&d=mm&r=g","caption":"Michelle ONDOA"},"url":"https:\/\/www.minhdu.gov.cm\/author\/michelle\/"}]}},"_links":{"self":[{"href":"https:\/\/www.minhdu.gov.cm\/wp-json\/wp\/v2\/posts\/20335","targetHints":{"allow":["GET"]}}],"collection":[{"href":"https:\/\/www.minhdu.gov.cm\/wp-json\/wp\/v2\/posts"}],"about":[{"href":"https:\/\/www.minhdu.gov.cm\/wp-json\/wp\/v2\/types\/post"}],"author":[{"embeddable":true,"href":"https:\/\/www.minhdu.gov.cm\/wp-json\/wp\/v2\/users\/3"}],"replies":[{"embeddable":true,"href":"https:\/\/www.minhdu.gov.cm\/wp-json\/wp\/v2\/comments?post=20335"}],"version-history":[{"count":1,"href":"https:\/\/www.minhdu.gov.cm\/wp-json\/wp\/v2\/posts\/20335\/revisions"}],"predecessor-version":[{"id":20346,"href":"https:\/\/www.minhdu.gov.cm\/wp-json\/wp\/v2\/posts\/20335\/revisions\/20346"}],"wp:featuredmedia":[{"embeddable":true,"href":"https:\/\/www.minhdu.gov.cm\/wp-json\/wp\/v2\/media\/20345"}],"wp:attachment":[{"href":"https:\/\/www.minhdu.gov.cm\/wp-json\/wp\/v2\/media?parent=20335"}],"wp:term":[{"taxonomy":"category","embeddable":true,"href":"https:\/\/www.minhdu.gov.cm\/wp-json\/wp\/v2\/categories?post=20335"},{"taxonomy":"post_tag","embeddable":true,"href":"https:\/\/www.minhdu.gov.cm\/wp-json\/wp\/v2\/tags?post=20335"},{"taxonomy":"post_folder","embeddable":true,"href":"https:\/\/www.minhdu.gov.cm\/wp-json\/wp\/v2\/post_folder?post=20335"}],"curies":[{"name":"wp","href":"https:\/\/api.w.org\/{rel}","templated":true}]}}