{"id":20570,"date":"2025-08-28T11:42:46","date_gmt":"2025-08-28T09:42:46","guid":{"rendered":"https:\/\/www.minhdu.gov.cm\/?p=20570"},"modified":"2025-08-28T11:42:49","modified_gmt":"2025-08-28T09:42:49","slug":"visite-de-travail-du-minhdu-dans-la-ville-de-douala","status":"publish","type":"post","link":"https:\/\/www.minhdu.gov.cm\/visite-de-travail-du-minhdu-dans-la-ville-de-douala\/","title":{"rendered":"VISITE DE TRAVAIL DU MINHDU DANS LA VILLE DE DOUALA"},"content":{"rendered":"\n<h4 class=\"wp-block-heading\"><strong>18 KM de voiries, 10 Km de drains, des immeubles et nouveaux b\u00e2timent de logements sociaux en finission, des \u00e9quipements connexes et des ouvrages inspect\u00e9s et r\u00e9ceptionn\u00e9s par le Minhdu ce 26 ao\u00fbt \u00e0 Douala. C\u00e9lestins Ketcha Courtes en cette occasion a annonc\u00e9 le d\u00e9marrage du Programme de Ville et Gestion Fonci\u00e8re Durable (PVGFM) pour continuer \u00e0 renforcer la modernisation de Douala.<\/strong><\/h4>\n\n\n\n<p><\/p>\n\n\n\n<figure class=\"wp-block-gallery has-nested-images columns-default is-cropped wp-block-gallery-1 is-layout-flex wp-block-gallery-is-layout-flex\">\n<figure class=\"wp-block-image size-large\"><img loading=\"lazy\" decoding=\"async\" width=\"1020\" height=\"574\" data-id=\"20571\" src=\"https:\/\/www.minhdu.gov.cm\/wp-content\/uploads\/2025\/08\/IMG-1-0.jpeg\" alt=\"\" class=\"wp-image-20571\"\/><\/figure>\n\n\n\n<figure class=\"wp-block-image size-large\"><img loading=\"lazy\" decoding=\"async\" width=\"1020\" height=\"765\" data-id=\"20573\" src=\"https:\/\/www.minhdu.gov.cm\/wp-content\/uploads\/2025\/08\/IMG-2-2.jpeg\" alt=\"\" class=\"wp-image-20573\"\/><\/figure>\n\n\n\n<figure class=\"wp-block-image size-large\"><img loading=\"lazy\" decoding=\"async\" width=\"1020\" height=\"574\" data-id=\"20572\" src=\"https:\/\/www.minhdu.gov.cm\/wp-content\/uploads\/2025\/08\/IMG-3-1.jpeg\" alt=\"\" class=\"wp-image-20572\"\/><\/figure>\n\n\n\n<figure class=\"wp-block-image size-large\"><img loading=\"lazy\" decoding=\"async\" width=\"1020\" height=\"765\" data-id=\"20576\" src=\"https:\/\/www.minhdu.gov.cm\/wp-content\/uploads\/2025\/08\/IMG-4.jpeg\" alt=\"\" class=\"wp-image-20576\"\/><\/figure>\n\n\n\n<figure class=\"wp-block-image size-large\"><img loading=\"lazy\" decoding=\"async\" width=\"1020\" height=\"765\" data-id=\"20575\" src=\"https:\/\/www.minhdu.gov.cm\/wp-content\/uploads\/2025\/08\/IMG-5-1.jpeg\" alt=\"\" class=\"wp-image-20575\"\/><\/figure>\n\n\n\n<figure class=\"wp-block-image size-large\"><img loading=\"lazy\" decoding=\"async\" width=\"1020\" height=\"765\" data-id=\"20574\" src=\"https:\/\/www.minhdu.gov.cm\/wp-content\/uploads\/2025\/08\/IMG-6.jpeg\" alt=\"\" class=\"wp-image-20574\"\/><\/figure>\n\n\n\n<figure class=\"wp-block-image size-large\"><img loading=\"lazy\" decoding=\"async\" width=\"1020\" height=\"765\" data-id=\"20577\" src=\"https:\/\/www.minhdu.gov.cm\/wp-content\/uploads\/2025\/08\/IMG-8.jpeg\" alt=\"\" class=\"wp-image-20577\"\/><\/figure>\n\n\n\n<figure class=\"wp-block-image size-large\"><img loading=\"lazy\" decoding=\"async\" width=\"1020\" height=\"765\" data-id=\"20578\" src=\"https:\/\/www.minhdu.gov.cm\/wp-content\/uploads\/2025\/08\/IMG-10.jpeg\" alt=\"\" class=\"wp-image-20578\"\/><\/figure>\n\n\n\n<figure class=\"wp-block-image size-large\"><img loading=\"lazy\" decoding=\"async\" width=\"1020\" height=\"765\" data-id=\"20579\" src=\"https:\/\/www.minhdu.gov.cm\/wp-content\/uploads\/2025\/08\/IMG-11.jpeg\" alt=\"\" class=\"wp-image-20579\"\/><\/figure>\n<\/figure>\n\n\n\n<p><\/p>\n\n\n\n<p>Accompagn\u00e9e du gouverneur de la r\u00e9gion du littoral, du Pr\u00e9fet du d\u00e9partement du Wouri, du Maire de ville de Douala, des maires des communes de Douala 1er , Douala 2eme , Douala 3, 4, et 5, le Ministre C\u00e9lestine Ketcha Court\u00e8s a effectu\u00e9 une descente sur les chantiers de la ville de Douala. Il ressort se cette inspection, que 18,630 kilom\u00e8tres de voirie, et 10km de drains ont \u00e9t\u00e9 r\u00e9alis\u00e9s par le PDVIR \u00e0 Douala.<\/p>\n\n\n\n<p>Pr\u00e8s de douze projets achev\u00e9s ont \u00e9t\u00e9 inspect\u00e9s et r\u00e9ceptionn\u00e9s par le Ministre et sa suite. Il s&#8217;agit des Projet de Voiries structurantes, des drains, des logements et \u00e9quipements et infrastructures urbaine r\u00e9alis\u00e9s \u00e0 Douala par le Minhdu<\/p>\n\n\n\n<p>Parmi les tron\u00e7ons visit\u00e9s, on peut citer le tron\u00e7on 1\u00a0qui englobe le circuit Carrefour Billes Ndogpassi \u2013 Zone Industrielle de Bassa, longue de 4\u00a0340 ml, en 2&#215;2 voies avec terre-plein Central et am\u00e9nagements connexes. Une r\u00e9alisation qui a compl\u00e9tement modernis\u00e9 cette zone en am\u00e9liorant de fa\u00e7on remarquable la mobilit\u00e9 urbaine, et les conditions de vie des populations gr\u00e2ces aux travaux et \u00e9quipements urbains connexes r\u00e9alis\u00e9s.<\/p>\n\n\n\n<p>La d\u00e9l\u00e9gation visitera ensuite le tron\u00e7on 2\u00a0: Carrefour Beedi-Carrefour h\u00f4pital des s\u0153urs-Fin goudrons Logpom (2 890 ml), en 2x1voie. Comme sur le tron\u00e7on 1, \u00e0 chaque \u00e9tape, le Ministre a \u00e9t\u00e9 impression\u00e9e par la forte mobilisation des populations qui de fa\u00e7on spontan\u00e9e, exprimaient \u00e0 chaque \u00e9tape leur gratitude au chef de l\u2019\u00c9tat \u00e0 travers des t\u00e9moignages, des messages, des chants et youyous.<\/p>\n\n\n\n<p>Le constat effectu\u00e9 sur le terrain en visitant les multiples projets r\u00e9alis\u00e9s \u00e0 Douala laisse clairement voir que la mobilit\u00e9 urbaine s&#8217;am\u00e9liore de fa\u00e7on remarquable, les risques d\u2019inondations sont r\u00e9duits gr\u00e2ce \u00e0 la qualit\u00e9 des voiries, des ouvrages et \u00e9quipements de proximit\u00e9 r\u00e9alis\u00e9s.<\/p>\n\n\n\n<p>Outre que les projets du PDVIR, le Ministre a \u00e9galement visit\u00e9 certains projets dans le cadre du BIP 2025. Elle a appr\u00e9ci\u00e9 les 18 km de Voirie construit \u00e0 Douala avec deux types de section de profil 1&#215;2 et 2&#215;2 voies, notamment le tron\u00e7on Carrefour Abattoir \u2013 Carrefour Ndobo (Douala 4e), confi\u00e9 \u00e0 ETS DSJ.<\/p>\n\n\n\n<p>Pour marquer la fin des actions sur le terrain, le ministre Celestine Ketcha Court\u00e8s a annonc\u00e9 le lancement du programme PVGFD. Il s&#8217;agit d&#8217;un programme qui pr\u00e9voit la r\u00e9alisation de 46 km de voiries et 10km de Drains de longueur de voiries structurantes \u00e0 r\u00e9aliser est de 46 km \u00e0 Douala.<\/p>\n\n\n\n<p>Dans les prochains mois, ce projet permettra de r\u00e9aliser 26 km de voiries \u00e0 construite, 20 Km de Voirie \u00e0 entretenir, et 10 km d&#8217;ouvrage de drainage, sur les axes, avec un profil 2&#215;2 voies (Rocade de 10 km\u00a0: Carrefour MAETUR Bonamoussadi-Parcourt Vitae- H\u00f4pital G\u00e9n\u00e9ral-PK10 et le Boulevard Urbain Est\u00a0: Madagascar-Ndogpassi-Japoma); \u00bb a d\u00e9clar\u00e9 le MINHDU en rassurant les populations de Douala que rien ne stoppera le train de la modernisation des villes Camerounaise que dirige le Chef de l\u2019\u00c9tat \u00e0 travers le MINHDU.<\/p>\n<span class=\"et_bloom_bottom_trigger\"><\/span>","protected":false},"excerpt":{"rendered":"<p>18 KM de voiries, 10 Km de drains, des immeubles et nouveaux b\u00e2timent de logements sociaux en finission, des \u00e9quipements connexes et des ouvrages inspect\u00e9s et r\u00e9ceptionn\u00e9s par le Minhdu [&hellip;]<\/p>\n","protected":false},"author":2,"featured_media":20580,"comment_status":"open","ping_status":"open","sticky":false,"template":"","format":"standard","meta":{"_et_pb_use_builder":"off","_et_pb_old_content":"","_et_gb_content_width":"","_EventAllDay":false,"_EventTimezone":"","_EventStartDate":"","_EventEndDate":"","_EventStartDateUTC":"","_EventEndDateUTC":"","_EventShowMap":false,"_EventShowMapLink":false,"_EventURL":"","_EventCost":"","_EventCostDescription":"","_EventCurrencySymbol":"","_EventCurrencyCode":"","_EventCurrencyPosition":"","_EventDateTimeSeparator":"","_EventTimeRangeSeparator":"","_EventOrganizerID":[],"_EventVenueID":0,"_OrganizerEmail":"","_OrganizerPhone":"","_OrganizerWebsite":"","_VenueAddress":"","_VenueCity":"","_VenueCountry":"","_VenueProvince":"","_VenueZip":"","_VenuePhone":"","_VenueURL":"","_VenueStateProvince":"","_VenueLat":"","_VenueLng":"","footnotes":""},"categories":[8,9,115],"tags":[],"post_folder":[],"class_list":["post-20570","post","type-post","status-publish","format-standard","has-post-thumbnail","hentry","category-spotlight","category-region_news","category-flash-infos"],"yoast_head":"<!-- This site is optimized with the Yoast SEO plugin v19.13 - https:\/\/yoast.com\/wordpress\/plugins\/seo\/ -->\n<title>VISITE DE TRAVAIL DU MINHDU DANS LA VILLE DE DOUALA<\/title>\n<meta name=\"description\" content=\"18 KM de voiries, 10 Km de drains, des immeubles et nouveaux b\u00e2timent de logements sociaux en finission, des \u00e9quipements connexes et des ouvrages inspect\u00e9s et r\u00e9ceptionn\u00e9s par le Minhdu ce 26 ao\u00fbt \u00e0 Douala. C\u00e9lestins Ketcha Courtes en cette occasion a annonc\u00e9 le d\u00e9marrage du Programme de Ville et Gestion Fonci\u00e8re Durable (PVGFM) pour&hellip;\" \/>\n<meta name=\"robots\" content=\"index, follow, max-snippet:-1, max-image-preview:large, max-video-preview:-1\" \/>\n<link rel=\"canonical\" href=\"https:\/\/www.minhdu.gov.cm\/visite-de-travail-du-minhdu-dans-la-ville-de-douala\/\" \/>\n<meta property=\"og:locale\" content=\"en_US\" \/>\n<meta property=\"og:type\" content=\"article\" \/>\n<meta property=\"og:title\" content=\"VISITE DE TRAVAIL DU MINHDU DANS LA VILLE DE DOUALA\" \/>\n<meta property=\"og:description\" content=\"18 KM de voiries, 10 Km de drains, des immeubles et nouveaux b\u00e2timent de logements sociaux en finission, des \u00e9quipements connexes et des ouvrages inspect\u00e9s et r\u00e9ceptionn\u00e9s par le Minhdu ce 26 ao\u00fbt \u00e0 Douala. C\u00e9lestins Ketcha Courtes en cette occasion a annonc\u00e9 le d\u00e9marrage du Programme de Ville et Gestion Fonci\u00e8re Durable (PVGFM) pour&hellip;\" \/>\n<meta property=\"og:url\" content=\"https:\/\/www.minhdu.gov.cm\/visite-de-travail-du-minhdu-dans-la-ville-de-douala\/\" \/>\n<meta property=\"og:site_name\" content=\"MINHDU\" \/>\n<meta property=\"article:publisher\" content=\"https:\/\/www.facebook.com\/cameroun.minhdu\/\" \/>\n<meta property=\"article:published_time\" content=\"2025-08-28T09:42:46+00:00\" \/>\n<meta property=\"article:modified_time\" content=\"2025-08-28T09:42:49+00:00\" \/>\n<meta property=\"og:image\" content=\"https:\/\/www.minhdu.gov.cm\/wp-content\/uploads\/2025\/08\/IMG-1-1.jpeg\" \/>\n\t<meta property=\"og:image:width\" content=\"1020\" \/>\n\t<meta property=\"og:image:height\" content=\"765\" \/>\n\t<meta property=\"og:image:type\" content=\"image\/jpeg\" \/>\n<meta name=\"author\" content=\"Emmanuel OMBANG ENDONG\" \/>\n<meta name=\"twitter:card\" content=\"summary_large_image\" \/>\n<meta name=\"twitter:creator\" content=\"@cameroun_minhdu\" \/>\n<meta name=\"twitter:site\" content=\"@cameroun_minhdu\" \/>\n<meta name=\"twitter:label1\" content=\"Written by\" \/>\n\t<meta name=\"twitter:data1\" content=\"Emmanuel OMBANG ENDONG\" \/>\n\t<meta name=\"twitter:label2\" content=\"Est. reading time\" \/>\n\t<meta name=\"twitter:data2\" content=\"5 minutes\" \/>\n<script type=\"application\/ld+json\" class=\"yoast-schema-graph\">{\"@context\":\"https:\/\/schema.org\",\"@graph\":[{\"@type\":\"Article\",\"@id\":\"https:\/\/www.minhdu.gov.cm\/visite-de-travail-du-minhdu-dans-la-ville-de-douala\/#article\",\"isPartOf\":{\"@id\":\"https:\/\/www.minhdu.gov.cm\/visite-de-travail-du-minhdu-dans-la-ville-de-douala\/\"},\"author\":{\"name\":\"Emmanuel OMBANG ENDONG\",\"@id\":\"https:\/\/www.minhdu.gov.cm\/#\/schema\/person\/cf95f7bdff2edf1cc967c620f5ef8d3c\"},\"headline\":\"VISITE DE TRAVAIL DU MINHDU DANS LA VILLE DE DOUALA\",\"datePublished\":\"2025-08-28T09:42:46+00:00\",\"dateModified\":\"2025-08-28T09:42:49+00:00\",\"mainEntityOfPage\":{\"@id\":\"https:\/\/www.minhdu.gov.cm\/visite-de-travail-du-minhdu-dans-la-ville-de-douala\/\"},\"wordCount\":572,\"commentCount\":0,\"publisher\":{\"@id\":\"https:\/\/www.minhdu.gov.cm\/#organization\"},\"articleSection\":[\"spotlight\",\"Region News\",\"Flash-infos\"],\"inLanguage\":\"en-US\",\"potentialAction\":[{\"@type\":\"CommentAction\",\"name\":\"Comment\",\"target\":[\"https:\/\/www.minhdu.gov.cm\/visite-de-travail-du-minhdu-dans-la-ville-de-douala\/#respond\"]}]},{\"@type\":\"WebPage\",\"@id\":\"https:\/\/www.minhdu.gov.cm\/visite-de-travail-du-minhdu-dans-la-ville-de-douala\/\",\"url\":\"https:\/\/www.minhdu.gov.cm\/visite-de-travail-du-minhdu-dans-la-ville-de-douala\/\",\"name\":\"VISITE DE TRAVAIL DU MINHDU DANS LA VILLE DE DOUALA - MINHDU\",\"isPartOf\":{\"@id\":\"https:\/\/www.minhdu.gov.cm\/#website\"},\"datePublished\":\"2025-08-28T09:42:46+00:00\",\"dateModified\":\"2025-08-28T09:42:49+00:00\",\"breadcrumb\":{\"@id\":\"https:\/\/www.minhdu.gov.cm\/visite-de-travail-du-minhdu-dans-la-ville-de-douala\/#breadcrumb\"},\"inLanguage\":\"en-US\",\"potentialAction\":[{\"@type\":\"ReadAction\",\"target\":[\"https:\/\/www.minhdu.gov.cm\/visite-de-travail-du-minhdu-dans-la-ville-de-douala\/\"]}]},{\"@type\":\"BreadcrumbList\",\"@id\":\"https:\/\/www.minhdu.gov.cm\/visite-de-travail-du-minhdu-dans-la-ville-de-douala\/#breadcrumb\",\"itemListElement\":[{\"@type\":\"ListItem\",\"position\":1,\"name\":\"Home\",\"item\":\"https:\/\/www.minhdu.gov.cm\/\"},{\"@type\":\"ListItem\",\"position\":2,\"name\":\"VISITE DE TRAVAIL DU MINHDU DANS LA VILLE DE DOUALA\"}]},{\"@type\":\"WebSite\",\"@id\":\"https:\/\/www.minhdu.gov.cm\/#website\",\"url\":\"https:\/\/www.minhdu.gov.cm\/\",\"name\":\"MINHDU\",\"description\":\"\",\"publisher\":{\"@id\":\"https:\/\/www.minhdu.gov.cm\/#organization\"},\"potentialAction\":[{\"@type\":\"SearchAction\",\"target\":{\"@type\":\"EntryPoint\",\"urlTemplate\":\"https:\/\/www.minhdu.gov.cm\/?s={search_term_string}\"},\"query-input\":\"required name=search_term_string\"}],\"inLanguage\":\"en-US\"},{\"@type\":\"Organization\",\"@id\":\"https:\/\/www.minhdu.gov.cm\/#organization\",\"name\":\"MINHDU\",\"url\":\"https:\/\/www.minhdu.gov.cm\/\",\"logo\":{\"@type\":\"ImageObject\",\"inLanguage\":\"en-US\",\"@id\":\"https:\/\/www.minhdu.gov.cm\/#\/schema\/logo\/image\/\",\"url\":\"https:\/\/www.minhdu.gov.cm\/wp-content\/uploads\/2022\/06\/minhdu2.png\",\"contentUrl\":\"https:\/\/www.minhdu.gov.cm\/wp-content\/uploads\/2022\/06\/minhdu2.png\",\"width\":250,\"height\":250,\"caption\":\"MINHDU\"},\"image\":{\"@id\":\"https:\/\/www.minhdu.gov.cm\/#\/schema\/logo\/image\/\"},\"sameAs\":[\"https:\/\/www.facebook.com\/cameroun.minhdu\/\",\"https:\/\/twitter.com\/cameroun_minhdu\"]},{\"@type\":\"Person\",\"@id\":\"https:\/\/www.minhdu.gov.cm\/#\/schema\/person\/cf95f7bdff2edf1cc967c620f5ef8d3c\",\"name\":\"Emmanuel OMBANG ENDONG\",\"image\":{\"@type\":\"ImageObject\",\"inLanguage\":\"en-US\",\"@id\":\"https:\/\/www.minhdu.gov.cm\/#\/schema\/person\/image\/\",\"url\":\"https:\/\/secure.gravatar.com\/avatar\/fa068d5c960df4bc0a9f57ab6fba80f76b485bf8ee16609f1a2c512155386489?s=96&d=mm&r=g\",\"contentUrl\":\"https:\/\/secure.gravatar.com\/avatar\/fa068d5c960df4bc0a9f57ab6fba80f76b485bf8ee16609f1a2c512155386489?s=96&d=mm&r=g\",\"caption\":\"Emmanuel OMBANG ENDONG\"},\"url\":\"https:\/\/www.minhdu.gov.cm\/author\/emmanuel\/\"}]}<\/script>\n<!-- \/ Yoast SEO plugin. -->","yoast_head_json":{"title":"VISITE DE TRAVAIL DU MINHDU DANS LA VILLE DE DOUALA","description":"18 KM de voiries, 10 Km de drains, des immeubles et nouveaux b\u00e2timent de logements sociaux en finission, des \u00e9quipements connexes et des ouvrages inspect\u00e9s et r\u00e9ceptionn\u00e9s par le Minhdu ce 26 ao\u00fbt \u00e0 Douala. C\u00e9lestins Ketcha Courtes en cette occasion a annonc\u00e9 le d\u00e9marrage du Programme de Ville et Gestion Fonci\u00e8re Durable (PVGFM) pour&hellip;","robots":{"index":"index","follow":"follow","max-snippet":"max-snippet:-1","max-image-preview":"max-image-preview:large","max-video-preview":"max-video-preview:-1"},"canonical":"https:\/\/www.minhdu.gov.cm\/visite-de-travail-du-minhdu-dans-la-ville-de-douala\/","og_locale":"en_US","og_type":"article","og_title":"VISITE DE TRAVAIL DU MINHDU DANS LA VILLE DE DOUALA","og_description":"18 KM de voiries, 10 Km de drains, des immeubles et nouveaux b\u00e2timent de logements sociaux en finission, des \u00e9quipements connexes et des ouvrages inspect\u00e9s et r\u00e9ceptionn\u00e9s par le Minhdu ce 26 ao\u00fbt \u00e0 Douala. C\u00e9lestins Ketcha Courtes en cette occasion a annonc\u00e9 le d\u00e9marrage du Programme de Ville et Gestion Fonci\u00e8re Durable (PVGFM) pour&hellip;","og_url":"https:\/\/www.minhdu.gov.cm\/visite-de-travail-du-minhdu-dans-la-ville-de-douala\/","og_site_name":"MINHDU","article_publisher":"https:\/\/www.facebook.com\/cameroun.minhdu\/","article_published_time":"2025-08-28T09:42:46+00:00","article_modified_time":"2025-08-28T09:42:49+00:00","og_image":[{"width":1020,"height":765,"url":"https:\/\/www.minhdu.gov.cm\/wp-content\/uploads\/2025\/08\/IMG-1-1.jpeg","type":"image\/jpeg"}],"author":"Emmanuel OMBANG ENDONG","twitter_card":"summary_large_image","twitter_creator":"@cameroun_minhdu","twitter_site":"@cameroun_minhdu","twitter_misc":{"Written by":"Emmanuel OMBANG ENDONG","Est. reading time":"5 minutes"},"schema":{"@context":"https:\/\/schema.org","@graph":[{"@type":"Article","@id":"https:\/\/www.minhdu.gov.cm\/visite-de-travail-du-minhdu-dans-la-ville-de-douala\/#article","isPartOf":{"@id":"https:\/\/www.minhdu.gov.cm\/visite-de-travail-du-minhdu-dans-la-ville-de-douala\/"},"author":{"name":"Emmanuel OMBANG ENDONG","@id":"https:\/\/www.minhdu.gov.cm\/#\/schema\/person\/cf95f7bdff2edf1cc967c620f5ef8d3c"},"headline":"VISITE DE TRAVAIL DU MINHDU DANS LA VILLE DE DOUALA","datePublished":"2025-08-28T09:42:46+00:00","dateModified":"2025-08-28T09:42:49+00:00","mainEntityOfPage":{"@id":"https:\/\/www.minhdu.gov.cm\/visite-de-travail-du-minhdu-dans-la-ville-de-douala\/"},"wordCount":572,"commentCount":0,"publisher":{"@id":"https:\/\/www.minhdu.gov.cm\/#organization"},"articleSection":["spotlight","Region News","Flash-infos"],"inLanguage":"en-US","potentialAction":[{"@type":"CommentAction","name":"Comment","target":["https:\/\/www.minhdu.gov.cm\/visite-de-travail-du-minhdu-dans-la-ville-de-douala\/#respond"]}]},{"@type":"WebPage","@id":"https:\/\/www.minhdu.gov.cm\/visite-de-travail-du-minhdu-dans-la-ville-de-douala\/","url":"https:\/\/www.minhdu.gov.cm\/visite-de-travail-du-minhdu-dans-la-ville-de-douala\/","name":"VISITE DE TRAVAIL DU MINHDU DANS LA VILLE DE DOUALA - MINHDU","isPartOf":{"@id":"https:\/\/www.minhdu.gov.cm\/#website"},"datePublished":"2025-08-28T09:42:46+00:00","dateModified":"2025-08-28T09:42:49+00:00","breadcrumb":{"@id":"https:\/\/www.minhdu.gov.cm\/visite-de-travail-du-minhdu-dans-la-ville-de-douala\/#breadcrumb"},"inLanguage":"en-US","potentialAction":[{"@type":"ReadAction","target":["https:\/\/www.minhdu.gov.cm\/visite-de-travail-du-minhdu-dans-la-ville-de-douala\/"]}]},{"@type":"BreadcrumbList","@id":"https:\/\/www.minhdu.gov.cm\/visite-de-travail-du-minhdu-dans-la-ville-de-douala\/#breadcrumb","itemListElement":[{"@type":"ListItem","position":1,"name":"Home","item":"https:\/\/www.minhdu.gov.cm\/"},{"@type":"ListItem","position":2,"name":"VISITE DE TRAVAIL DU MINHDU DANS LA VILLE DE DOUALA"}]},{"@type":"WebSite","@id":"https:\/\/www.minhdu.gov.cm\/#website","url":"https:\/\/www.minhdu.gov.cm\/","name":"MINHDU","description":"","publisher":{"@id":"https:\/\/www.minhdu.gov.cm\/#organization"},"potentialAction":[{"@type":"SearchAction","target":{"@type":"EntryPoint","urlTemplate":"https:\/\/www.minhdu.gov.cm\/?s={search_term_string}"},"query-input":"required name=search_term_string"}],"inLanguage":"en-US"},{"@type":"Organization","@id":"https:\/\/www.minhdu.gov.cm\/#organization","name":"MINHDU","url":"https:\/\/www.minhdu.gov.cm\/","logo":{"@type":"ImageObject","inLanguage":"en-US","@id":"https:\/\/www.minhdu.gov.cm\/#\/schema\/logo\/image\/","url":"https:\/\/www.minhdu.gov.cm\/wp-content\/uploads\/2022\/06\/minhdu2.png","contentUrl":"https:\/\/www.minhdu.gov.cm\/wp-content\/uploads\/2022\/06\/minhdu2.png","width":250,"height":250,"caption":"MINHDU"},"image":{"@id":"https:\/\/www.minhdu.gov.cm\/#\/schema\/logo\/image\/"},"sameAs":["https:\/\/www.facebook.com\/cameroun.minhdu\/","https:\/\/twitter.com\/cameroun_minhdu"]},{"@type":"Person","@id":"https:\/\/www.minhdu.gov.cm\/#\/schema\/person\/cf95f7bdff2edf1cc967c620f5ef8d3c","name":"Emmanuel OMBANG ENDONG","image":{"@type":"ImageObject","inLanguage":"en-US","@id":"https:\/\/www.minhdu.gov.cm\/#\/schema\/person\/image\/","url":"https:\/\/secure.gravatar.com\/avatar\/fa068d5c960df4bc0a9f57ab6fba80f76b485bf8ee16609f1a2c512155386489?s=96&d=mm&r=g","contentUrl":"https:\/\/secure.gravatar.com\/avatar\/fa068d5c960df4bc0a9f57ab6fba80f76b485bf8ee16609f1a2c512155386489?s=96&d=mm&r=g","caption":"Emmanuel OMBANG ENDONG"},"url":"https:\/\/www.minhdu.gov.cm\/author\/emmanuel\/"}]}},"_links":{"self":[{"href":"https:\/\/www.minhdu.gov.cm\/wp-json\/wp\/v2\/posts\/20570","targetHints":{"allow":["GET"]}}],"collection":[{"href":"https:\/\/www.minhdu.gov.cm\/wp-json\/wp\/v2\/posts"}],"about":[{"href":"https:\/\/www.minhdu.gov.cm\/wp-json\/wp\/v2\/types\/post"}],"author":[{"embeddable":true,"href":"https:\/\/www.minhdu.gov.cm\/wp-json\/wp\/v2\/users\/2"}],"replies":[{"embeddable":true,"href":"https:\/\/www.minhdu.gov.cm\/wp-json\/wp\/v2\/comments?post=20570"}],"version-history":[{"count":1,"href":"https:\/\/www.minhdu.gov.cm\/wp-json\/wp\/v2\/posts\/20570\/revisions"}],"predecessor-version":[{"id":20581,"href":"https:\/\/www.minhdu.gov.cm\/wp-json\/wp\/v2\/posts\/20570\/revisions\/20581"}],"wp:featuredmedia":[{"embeddable":true,"href":"https:\/\/www.minhdu.gov.cm\/wp-json\/wp\/v2\/media\/20580"}],"wp:attachment":[{"href":"https:\/\/www.minhdu.gov.cm\/wp-json\/wp\/v2\/media?parent=20570"}],"wp:term":[{"taxonomy":"category","embeddable":true,"href":"https:\/\/www.minhdu.gov.cm\/wp-json\/wp\/v2\/categories?post=20570"},{"taxonomy":"post_tag","embeddable":true,"href":"https:\/\/www.minhdu.gov.cm\/wp-json\/wp\/v2\/tags?post=20570"},{"taxonomy":"post_folder","embeddable":true,"href":"https:\/\/www.minhdu.gov.cm\/wp-json\/wp\/v2\/post_folder?post=20570"}],"curies":[{"name":"wp","href":"https:\/\/api.w.org\/{rel}","templated":true}]}}