{"id":20593,"date":"2025-08-29T11:58:47","date_gmt":"2025-08-29T09:58:47","guid":{"rendered":"https:\/\/www.minhdu.gov.cm\/?p=20593"},"modified":"2025-08-29T11:58:54","modified_gmt":"2025-08-29T09:58:54","slug":"amelioration-de-la-mobilite-urbaine-dans-la-ville-de-yaounde-le-projet-de-la-voie-de-contournement-de-yaounde-vcy-dans-les-deniers-reglages","status":"publish","type":"post","link":"https:\/\/www.minhdu.gov.cm\/amelioration-de-la-mobilite-urbaine-dans-la-ville-de-yaounde-le-projet-de-la-voie-de-contournement-de-yaounde-vcy-dans-les-deniers-reglages\/","title":{"rendered":"AM\u00c9LIORATION DE LA MOBILIT\u00c9 URBAINE DANS LA VILLE DE YAOUND\u00c9 : LE PROJET DE LA VOIE DE CONTOURNEMENT DE YAOUND\u00c9\u00a0(VCY) DANS LES DENIERS R\u00c9GLAGES"},"content":{"rendered":"\n<p>Le Ministre de l&#8217;Habitat et du D\u00e9veloppement urbain a re\u00e7u en audience, ce jeudi 28 ao\u00fbt 2025, une mission d\u2019instruction du projet de construction du T3 de la voie de contournement de Yaound\u00e9. Une mission conduite par S.E. Monsieur l&#8217;Ambassadeur Chef de la D\u00e9l\u00e9gation de l&#8217;Union Europ\u00e9enne. L&#8217;objectif de cette rencontre \u00e9tait de faire le point sur l&#8217;\u00e9tat de mise en \u0153uvre des recommandations formul\u00e9es \u00e0 l&#8217;issue de la derni\u00e8re mission d&#8217;identification conjointe des bailleurs, tenue du 07 au 11 octobre 2024.<\/p>\n\n\n\n<p><\/p>\n\n\n\n<figure class=\"wp-block-image size-large\"><img loading=\"lazy\" decoding=\"async\" width=\"1024\" height=\"768\" src=\"https:\/\/www.minhdu.gov.cm\/wp-content\/uploads\/2025\/08\/IMG-2-3-1024x768.jpeg\" alt=\"\" class=\"wp-image-20595\"\/><\/figure>\n\n\n\n<p><\/p>\n\n\n\n<p>Ainsi, les \u00e9changes ont port\u00e9 sur le rappel des recommandations de la mission d\u2019identification, et l&#8217;\u00e9tat de mise en \u0153uvre.\u00a0 Un condens\u00e9 des activit\u00e9s men\u00e9es lors de la mission\u00a0(Synth\u00e8se des \u00e9changes, difficult\u00e9s rencontr\u00e9es et perspectives) a \u00e9galement \u00e9t\u00e9 pr\u00e9sent\u00e9.<\/p>\n\n\n\n<p>Cette mission d&#8217;instruction du projet de construction du T3 de la voie de contournement de Yaound\u00e9, pr\u00e9vue par la Banque Europ\u00e9enne d\u2019Investissement (BEI), s\u00e9journe au Cameroun du 25 au 29 ao\u00fbt 2025. Le but est d\u2019effectuer l\u2019\u00e9valuation finale technique, environnementale, sociale et climatique du projet en vue de la finalisation du financement qui passera au Conseil d\u2019Administration en novembre 2025.<\/p>\n\n\n\n<p>Pour rappel, le Gouvernement Camerounais a adopt\u00e9, depuis 2006, un Plan Directeur Routier (PDR) avec l\u2019appui des Partenaires au D\u00e9veloppement, notamment l\u2019Union Europ\u00e9enne, afin de servir de boussole dans la programmation des interventions sur le r\u00e9seau routier national aux horizons 2025-2035 et de pr\u00e9server le patrimoine routier en garantissant la p\u00e9rennit\u00e9 des investissements r\u00e9alis\u00e9s.<\/p>\n\n\n\n<p>Yaound\u00e9, capitale administrative, se trouve au croisement de plusieurs axes de transport de la sous-r\u00e9gion, dont le plus important est celui qui relie les ports de Kribi et Douala d\u2019une part, au Tchad et \u00e0 la Centrafrique d\u2019autre part, en desservant au passage l\u2019hinterland du Cameroun. Malgr\u00e9 la concurrence du rail, la route reste le principal mode de transport des marchandises sur les corridors Douala\/Kribi-Bangui\/Ndjamena, Ndjamena-Yoko-Djoum-Ouesso-Brazzaville et Ndjamena-Yoko-Ambam-Libreville. Yaound\u00e9 est ainsi sujette \u00e0 un important trafic de poids lourds qui la traverse, malgr\u00e9 des restrictions de circulation diurnes.<\/p>\n\n\n\n<p>C\u2019est donc dans l\u2019objectif de d\u00e9congestionner le centre-ville, que le Gouvernement \u00e0 travers le Minist\u00e8re de l\u2019Habitat et du D\u00e9veloppement Urbain, en droite ligne des tr\u00e8s hautes instructions du Pr\u00e9sident de la R\u00e9publique SEM Paul Biya, envisage la construction de la voie de contournement de Yaound\u00e9 et la viabilisation de 04 p\u00f4les de d\u00e9veloppement urbains situ\u00e9s \u00e0 proximit\u00e9 de celle-ci.<\/p>\n\n\n\n<h4 class=\"wp-block-heading\"><strong>S\u2019AGISSANT DU PROJET DE LA VOIE DE CONTOURNEMENT DE YAOUND\u00c9<\/strong><\/h4>\n\n\n\n<p>Le projet de construction de la voie de contournement de Yaound\u00e9 est un projet int\u00e9gr\u00e9, structur\u00e9 autour de deux composantes majeures\u00a0:<\/p>\n\n\n\n<ul class=\"wp-block-list\">\n<li>La r\u00e9alisation d\u2019une infrastructure routi\u00e8re en 2&#215;2 voies, d\u2019une longueur totale de 90,54 km, subdivis\u00e9e en quatre sections. Cette infrastructure traverse les d\u00e9partements du Mfoundi, de la Leki\u00e9, de la Mefou-et-Afamba et de la Mefou-et-Akono. Le co\u00fbt total de cette composante est estim\u00e9 \u00e0 794,7 milliards de FCFA hors taxes\u00a0;<\/li>\n\n\n\n<li>La viabilisation de quatre p\u00f4les de d\u00e9veloppement urbain, repr\u00e9sentant une superficie globale de 1 200 hectares, r\u00e9partis aux quatre points cardinaux de la ville, dans les communes de Mbankomo, Mfou, Soa et Okola, est \u00e9valu\u00e9e \u00e0 469 milliards de FCFA hors taxes.<\/li>\n<\/ul>\n\n\n\n<h4 class=\"wp-block-heading\"><strong>LA STRAT\u00c9GIE DE MISE EN \u0152UVRE DU PROJET<\/strong><\/h4>\n\n\n\n<p>La strat\u00e9gie de mise en \u0153uvre de ce projet d\u2019envergure oriente, dans un premier temps, l\u2019intervention prioritaire du Gouvernement vers la construction de la section T3, reliant Nkozoa, sur la Nationale n\u00b01, \u00e0 l\u2019autoroute Yaound\u00e9-Douala, au niveau de Minkoameyos, sur un lin\u00e9aire de 22,8 km.<\/p>\n\n\n\n<p>Cette premi\u00e8re phase qui n\u00e9cessite la mobilisation de 229 milliards de FCFA Hors Taxes, b\u00e9n\u00e9ficiera d\u2019un accompagnement financier compos\u00e9 d\u2019un don de 26 milliards de l\u2019Union examen minutieux dans les services du PM. L\u2019Union Europ\u00e9enne et la Banque Europ\u00e9enne d\u2019Investissement, qui esp\u00e8rent signer la convention de financement en octobre 2025, restent en attente de ce document ainsi que le visa de maturit\u00e9, pour finaliser la proc\u00e9dure de financement.<\/p>\n<span class=\"et_bloom_bottom_trigger\"><\/span>","protected":false},"excerpt":{"rendered":"<p>Le Ministre de l&#8217;Habitat et du D\u00e9veloppement urbain a re\u00e7u en audience, ce jeudi 28 ao\u00fbt 2025, une mission d\u2019instruction du projet de construction du T3 de la voie de [&hellip;]<\/p>\n","protected":false},"author":2,"featured_media":20594,"comment_status":"open","ping_status":"open","sticky":false,"template":"","format":"standard","meta":{"_et_pb_use_builder":"off","_et_pb_old_content":"","_et_gb_content_width":"","_EventAllDay":false,"_EventTimezone":"","_EventStartDate":"","_EventEndDate":"","_EventStartDateUTC":"","_EventEndDateUTC":"","_EventShowMap":false,"_EventShowMapLink":false,"_EventURL":"","_EventCost":"","_EventCostDescription":"","_EventCurrencySymbol":"","_EventCurrencyCode":"","_EventCurrencyPosition":"","_EventDateTimeSeparator":"","_EventTimeRangeSeparator":"","_EventOrganizerID":[],"_EventVenueID":0,"_OrganizerEmail":"","_OrganizerPhone":"","_OrganizerWebsite":"","_VenueAddress":"","_VenueCity":"","_VenueCountry":"","_VenueProvince":"","_VenueZip":"","_VenuePhone":"","_VenueURL":"","_VenueStateProvince":"","_VenueLat":"","_VenueLng":"","footnotes":""},"categories":[8,115,42],"tags":[],"post_folder":[],"class_list":["post-20593","post","type-post","status-publish","format-standard","has-post-thumbnail","hentry","category-spotlight","category-flash-infos","category-recent-news"],"yoast_head":"<!-- This site is optimized with the Yoast SEO plugin v19.13 - https:\/\/yoast.com\/wordpress\/plugins\/seo\/ -->\n<title>AM\u00c9LIORATION DE LA MOBILIT\u00c9 URBAINE DANS LA VILLE DE YAOUND\u00c9 : LE PROJET DE LA VOIE DE CONTOURNEMENT DE YAOUND\u00c9\u00a0(VCY) DANS LES DENIERS R\u00c9GLAGES<\/title>\n<meta name=\"description\" content=\"Le Ministre de l&#039;Habitat et du D\u00e9veloppement urbain a re\u00e7u en audience, ce jeudi 28 ao\u00fbt 2025, une mission d\u2019instruction du projet de construction du T3 de la voie de contournement de Yaound\u00e9. Une mission conduite par S.E. Monsieur l&#039;Ambassadeur Chef de la D\u00e9l\u00e9gation de l&#039;Union Europ\u00e9enne. L&#039;objectif de cette rencontre \u00e9tait de faire le&hellip;\" \/>\n<meta name=\"robots\" content=\"index, follow, max-snippet:-1, max-image-preview:large, max-video-preview:-1\" \/>\n<link rel=\"canonical\" href=\"https:\/\/www.minhdu.gov.cm\/amelioration-de-la-mobilite-urbaine-dans-la-ville-de-yaounde-le-projet-de-la-voie-de-contournement-de-yaounde-vcy-dans-les-deniers-reglages\/\" \/>\n<meta property=\"og:locale\" content=\"en_US\" \/>\n<meta property=\"og:type\" content=\"article\" \/>\n<meta property=\"og:title\" content=\"AM\u00c9LIORATION DE LA MOBILIT\u00c9 URBAINE DANS LA VILLE DE YAOUND\u00c9 : LE PROJET DE LA VOIE DE CONTOURNEMENT DE YAOUND\u00c9\u00a0(VCY) DANS LES DENIERS R\u00c9GLAGES\" \/>\n<meta property=\"og:description\" content=\"Le Ministre de l&#039;Habitat et du D\u00e9veloppement urbain a re\u00e7u en audience, ce jeudi 28 ao\u00fbt 2025, une mission d\u2019instruction du projet de construction du T3 de la voie de contournement de Yaound\u00e9. Une mission conduite par S.E. Monsieur l&#039;Ambassadeur Chef de la D\u00e9l\u00e9gation de l&#039;Union Europ\u00e9enne. L&#039;objectif de cette rencontre \u00e9tait de faire le&hellip;\" \/>\n<meta property=\"og:url\" content=\"https:\/\/www.minhdu.gov.cm\/amelioration-de-la-mobilite-urbaine-dans-la-ville-de-yaounde-le-projet-de-la-voie-de-contournement-de-yaounde-vcy-dans-les-deniers-reglages\/\" \/>\n<meta property=\"og:site_name\" content=\"MINHDU\" \/>\n<meta property=\"article:publisher\" content=\"https:\/\/www.facebook.com\/cameroun.minhdu\/\" \/>\n<meta property=\"article:published_time\" content=\"2025-08-29T09:58:47+00:00\" \/>\n<meta property=\"article:modified_time\" content=\"2025-08-29T09:58:54+00:00\" \/>\n<meta property=\"og:image\" content=\"https:\/\/www.minhdu.gov.cm\/wp-content\/uploads\/2025\/08\/IMG-1-2.jpeg\" \/>\n\t<meta property=\"og:image:width\" content=\"1080\" \/>\n\t<meta property=\"og:image:height\" content=\"810\" \/>\n\t<meta property=\"og:image:type\" content=\"image\/jpeg\" \/>\n<meta name=\"author\" content=\"Emmanuel OMBANG ENDONG\" \/>\n<meta name=\"twitter:card\" content=\"summary_large_image\" \/>\n<meta name=\"twitter:creator\" content=\"@cameroun_minhdu\" \/>\n<meta name=\"twitter:site\" content=\"@cameroun_minhdu\" \/>\n<meta name=\"twitter:label1\" content=\"Written by\" \/>\n\t<meta name=\"twitter:data1\" content=\"Emmanuel OMBANG ENDONG\" \/>\n\t<meta name=\"twitter:label2\" content=\"Est. reading time\" \/>\n\t<meta name=\"twitter:data2\" content=\"4 minutes\" \/>\n<script type=\"application\/ld+json\" class=\"yoast-schema-graph\">{\"@context\":\"https:\/\/schema.org\",\"@graph\":[{\"@type\":\"Article\",\"@id\":\"https:\/\/www.minhdu.gov.cm\/amelioration-de-la-mobilite-urbaine-dans-la-ville-de-yaounde-le-projet-de-la-voie-de-contournement-de-yaounde-vcy-dans-les-deniers-reglages\/#article\",\"isPartOf\":{\"@id\":\"https:\/\/www.minhdu.gov.cm\/amelioration-de-la-mobilite-urbaine-dans-la-ville-de-yaounde-le-projet-de-la-voie-de-contournement-de-yaounde-vcy-dans-les-deniers-reglages\/\"},\"author\":{\"name\":\"Emmanuel OMBANG ENDONG\",\"@id\":\"https:\/\/www.minhdu.gov.cm\/#\/schema\/person\/cf95f7bdff2edf1cc967c620f5ef8d3c\"},\"headline\":\"AM\u00c9LIORATION DE LA MOBILIT\u00c9 URBAINE DANS LA VILLE DE YAOUND\u00c9 : LE PROJET DE LA VOIE DE CONTOURNEMENT DE YAOUND\u00c9\u00a0(VCY) DANS LES DENIERS R\u00c9GLAGES\",\"datePublished\":\"2025-08-29T09:58:47+00:00\",\"dateModified\":\"2025-08-29T09:58:54+00:00\",\"mainEntityOfPage\":{\"@id\":\"https:\/\/www.minhdu.gov.cm\/amelioration-de-la-mobilite-urbaine-dans-la-ville-de-yaounde-le-projet-de-la-voie-de-contournement-de-yaounde-vcy-dans-les-deniers-reglages\/\"},\"wordCount\":714,\"commentCount\":0,\"publisher\":{\"@id\":\"https:\/\/www.minhdu.gov.cm\/#organization\"},\"articleSection\":[\"spotlight\",\"Flash-infos\",\"Recent News\"],\"inLanguage\":\"en-US\",\"potentialAction\":[{\"@type\":\"CommentAction\",\"name\":\"Comment\",\"target\":[\"https:\/\/www.minhdu.gov.cm\/amelioration-de-la-mobilite-urbaine-dans-la-ville-de-yaounde-le-projet-de-la-voie-de-contournement-de-yaounde-vcy-dans-les-deniers-reglages\/#respond\"]}]},{\"@type\":\"WebPage\",\"@id\":\"https:\/\/www.minhdu.gov.cm\/amelioration-de-la-mobilite-urbaine-dans-la-ville-de-yaounde-le-projet-de-la-voie-de-contournement-de-yaounde-vcy-dans-les-deniers-reglages\/\",\"url\":\"https:\/\/www.minhdu.gov.cm\/amelioration-de-la-mobilite-urbaine-dans-la-ville-de-yaounde-le-projet-de-la-voie-de-contournement-de-yaounde-vcy-dans-les-deniers-reglages\/\",\"name\":\"AM\u00c9LIORATION DE LA MOBILIT\u00c9 URBAINE DANS LA VILLE DE YAOUND\u00c9 : LE PROJET DE LA VOIE DE CONTOURNEMENT DE YAOUND\u00c9\u00a0(VCY) DANS LES DENIERS R\u00c9GLAGES - MINHDU\",\"isPartOf\":{\"@id\":\"https:\/\/www.minhdu.gov.cm\/#website\"},\"datePublished\":\"2025-08-29T09:58:47+00:00\",\"dateModified\":\"2025-08-29T09:58:54+00:00\",\"breadcrumb\":{\"@id\":\"https:\/\/www.minhdu.gov.cm\/amelioration-de-la-mobilite-urbaine-dans-la-ville-de-yaounde-le-projet-de-la-voie-de-contournement-de-yaounde-vcy-dans-les-deniers-reglages\/#breadcrumb\"},\"inLanguage\":\"en-US\",\"potentialAction\":[{\"@type\":\"ReadAction\",\"target\":[\"https:\/\/www.minhdu.gov.cm\/amelioration-de-la-mobilite-urbaine-dans-la-ville-de-yaounde-le-projet-de-la-voie-de-contournement-de-yaounde-vcy-dans-les-deniers-reglages\/\"]}]},{\"@type\":\"BreadcrumbList\",\"@id\":\"https:\/\/www.minhdu.gov.cm\/amelioration-de-la-mobilite-urbaine-dans-la-ville-de-yaounde-le-projet-de-la-voie-de-contournement-de-yaounde-vcy-dans-les-deniers-reglages\/#breadcrumb\",\"itemListElement\":[{\"@type\":\"ListItem\",\"position\":1,\"name\":\"Home\",\"item\":\"https:\/\/www.minhdu.gov.cm\/\"},{\"@type\":\"ListItem\",\"position\":2,\"name\":\"AM\u00c9LIORATION DE LA MOBILIT\u00c9 URBAINE DANS LA VILLE DE YAOUND\u00c9 : LE PROJET DE LA VOIE DE CONTOURNEMENT DE YAOUND\u00c9\u00a0(VCY) DANS LES DENIERS R\u00c9GLAGES\"}]},{\"@type\":\"WebSite\",\"@id\":\"https:\/\/www.minhdu.gov.cm\/#website\",\"url\":\"https:\/\/www.minhdu.gov.cm\/\",\"name\":\"MINHDU\",\"description\":\"\",\"publisher\":{\"@id\":\"https:\/\/www.minhdu.gov.cm\/#organization\"},\"potentialAction\":[{\"@type\":\"SearchAction\",\"target\":{\"@type\":\"EntryPoint\",\"urlTemplate\":\"https:\/\/www.minhdu.gov.cm\/?s={search_term_string}\"},\"query-input\":\"required name=search_term_string\"}],\"inLanguage\":\"en-US\"},{\"@type\":\"Organization\",\"@id\":\"https:\/\/www.minhdu.gov.cm\/#organization\",\"name\":\"MINHDU\",\"url\":\"https:\/\/www.minhdu.gov.cm\/\",\"logo\":{\"@type\":\"ImageObject\",\"inLanguage\":\"en-US\",\"@id\":\"https:\/\/www.minhdu.gov.cm\/#\/schema\/logo\/image\/\",\"url\":\"https:\/\/www.minhdu.gov.cm\/wp-content\/uploads\/2022\/06\/minhdu2.png\",\"contentUrl\":\"https:\/\/www.minhdu.gov.cm\/wp-content\/uploads\/2022\/06\/minhdu2.png\",\"width\":250,\"height\":250,\"caption\":\"MINHDU\"},\"image\":{\"@id\":\"https:\/\/www.minhdu.gov.cm\/#\/schema\/logo\/image\/\"},\"sameAs\":[\"https:\/\/www.facebook.com\/cameroun.minhdu\/\",\"https:\/\/twitter.com\/cameroun_minhdu\"]},{\"@type\":\"Person\",\"@id\":\"https:\/\/www.minhdu.gov.cm\/#\/schema\/person\/cf95f7bdff2edf1cc967c620f5ef8d3c\",\"name\":\"Emmanuel OMBANG ENDONG\",\"image\":{\"@type\":\"ImageObject\",\"inLanguage\":\"en-US\",\"@id\":\"https:\/\/www.minhdu.gov.cm\/#\/schema\/person\/image\/\",\"url\":\"https:\/\/secure.gravatar.com\/avatar\/fa068d5c960df4bc0a9f57ab6fba80f76b485bf8ee16609f1a2c512155386489?s=96&d=mm&r=g\",\"contentUrl\":\"https:\/\/secure.gravatar.com\/avatar\/fa068d5c960df4bc0a9f57ab6fba80f76b485bf8ee16609f1a2c512155386489?s=96&d=mm&r=g\",\"caption\":\"Emmanuel OMBANG ENDONG\"},\"url\":\"https:\/\/www.minhdu.gov.cm\/author\/emmanuel\/\"}]}<\/script>\n<!-- \/ Yoast SEO plugin. -->","yoast_head_json":{"title":"AM\u00c9LIORATION DE LA MOBILIT\u00c9 URBAINE DANS LA VILLE DE YAOUND\u00c9 : LE PROJET DE LA VOIE DE CONTOURNEMENT DE YAOUND\u00c9\u00a0(VCY) DANS LES DENIERS R\u00c9GLAGES","description":"Le Ministre de l'Habitat et du D\u00e9veloppement urbain a re\u00e7u en audience, ce jeudi 28 ao\u00fbt 2025, une mission d\u2019instruction du projet de construction du T3 de la voie de contournement de Yaound\u00e9. Une mission conduite par S.E. Monsieur l'Ambassadeur Chef de la D\u00e9l\u00e9gation de l'Union Europ\u00e9enne. L'objectif de cette rencontre \u00e9tait de faire le&hellip;","robots":{"index":"index","follow":"follow","max-snippet":"max-snippet:-1","max-image-preview":"max-image-preview:large","max-video-preview":"max-video-preview:-1"},"canonical":"https:\/\/www.minhdu.gov.cm\/amelioration-de-la-mobilite-urbaine-dans-la-ville-de-yaounde-le-projet-de-la-voie-de-contournement-de-yaounde-vcy-dans-les-deniers-reglages\/","og_locale":"en_US","og_type":"article","og_title":"AM\u00c9LIORATION DE LA MOBILIT\u00c9 URBAINE DANS LA VILLE DE YAOUND\u00c9 : LE PROJET DE LA VOIE DE CONTOURNEMENT DE YAOUND\u00c9\u00a0(VCY) DANS LES DENIERS R\u00c9GLAGES","og_description":"Le Ministre de l'Habitat et du D\u00e9veloppement urbain a re\u00e7u en audience, ce jeudi 28 ao\u00fbt 2025, une mission d\u2019instruction du projet de construction du T3 de la voie de contournement de Yaound\u00e9. Une mission conduite par S.E. Monsieur l'Ambassadeur Chef de la D\u00e9l\u00e9gation de l'Union Europ\u00e9enne. L'objectif de cette rencontre \u00e9tait de faire le&hellip;","og_url":"https:\/\/www.minhdu.gov.cm\/amelioration-de-la-mobilite-urbaine-dans-la-ville-de-yaounde-le-projet-de-la-voie-de-contournement-de-yaounde-vcy-dans-les-deniers-reglages\/","og_site_name":"MINHDU","article_publisher":"https:\/\/www.facebook.com\/cameroun.minhdu\/","article_published_time":"2025-08-29T09:58:47+00:00","article_modified_time":"2025-08-29T09:58:54+00:00","og_image":[{"width":1080,"height":810,"url":"https:\/\/www.minhdu.gov.cm\/wp-content\/uploads\/2025\/08\/IMG-1-2.jpeg","type":"image\/jpeg"}],"author":"Emmanuel OMBANG ENDONG","twitter_card":"summary_large_image","twitter_creator":"@cameroun_minhdu","twitter_site":"@cameroun_minhdu","twitter_misc":{"Written by":"Emmanuel OMBANG ENDONG","Est. reading time":"4 minutes"},"schema":{"@context":"https:\/\/schema.org","@graph":[{"@type":"Article","@id":"https:\/\/www.minhdu.gov.cm\/amelioration-de-la-mobilite-urbaine-dans-la-ville-de-yaounde-le-projet-de-la-voie-de-contournement-de-yaounde-vcy-dans-les-deniers-reglages\/#article","isPartOf":{"@id":"https:\/\/www.minhdu.gov.cm\/amelioration-de-la-mobilite-urbaine-dans-la-ville-de-yaounde-le-projet-de-la-voie-de-contournement-de-yaounde-vcy-dans-les-deniers-reglages\/"},"author":{"name":"Emmanuel OMBANG ENDONG","@id":"https:\/\/www.minhdu.gov.cm\/#\/schema\/person\/cf95f7bdff2edf1cc967c620f5ef8d3c"},"headline":"AM\u00c9LIORATION DE LA MOBILIT\u00c9 URBAINE DANS LA VILLE DE YAOUND\u00c9 : LE PROJET DE LA VOIE DE CONTOURNEMENT DE YAOUND\u00c9\u00a0(VCY) DANS LES DENIERS R\u00c9GLAGES","datePublished":"2025-08-29T09:58:47+00:00","dateModified":"2025-08-29T09:58:54+00:00","mainEntityOfPage":{"@id":"https:\/\/www.minhdu.gov.cm\/amelioration-de-la-mobilite-urbaine-dans-la-ville-de-yaounde-le-projet-de-la-voie-de-contournement-de-yaounde-vcy-dans-les-deniers-reglages\/"},"wordCount":714,"commentCount":0,"publisher":{"@id":"https:\/\/www.minhdu.gov.cm\/#organization"},"articleSection":["spotlight","Flash-infos","Recent News"],"inLanguage":"en-US","potentialAction":[{"@type":"CommentAction","name":"Comment","target":["https:\/\/www.minhdu.gov.cm\/amelioration-de-la-mobilite-urbaine-dans-la-ville-de-yaounde-le-projet-de-la-voie-de-contournement-de-yaounde-vcy-dans-les-deniers-reglages\/#respond"]}]},{"@type":"WebPage","@id":"https:\/\/www.minhdu.gov.cm\/amelioration-de-la-mobilite-urbaine-dans-la-ville-de-yaounde-le-projet-de-la-voie-de-contournement-de-yaounde-vcy-dans-les-deniers-reglages\/","url":"https:\/\/www.minhdu.gov.cm\/amelioration-de-la-mobilite-urbaine-dans-la-ville-de-yaounde-le-projet-de-la-voie-de-contournement-de-yaounde-vcy-dans-les-deniers-reglages\/","name":"AM\u00c9LIORATION DE LA MOBILIT\u00c9 URBAINE DANS LA VILLE DE YAOUND\u00c9 : LE PROJET DE LA VOIE DE CONTOURNEMENT DE YAOUND\u00c9\u00a0(VCY) DANS LES DENIERS R\u00c9GLAGES - MINHDU","isPartOf":{"@id":"https:\/\/www.minhdu.gov.cm\/#website"},"datePublished":"2025-08-29T09:58:47+00:00","dateModified":"2025-08-29T09:58:54+00:00","breadcrumb":{"@id":"https:\/\/www.minhdu.gov.cm\/amelioration-de-la-mobilite-urbaine-dans-la-ville-de-yaounde-le-projet-de-la-voie-de-contournement-de-yaounde-vcy-dans-les-deniers-reglages\/#breadcrumb"},"inLanguage":"en-US","potentialAction":[{"@type":"ReadAction","target":["https:\/\/www.minhdu.gov.cm\/amelioration-de-la-mobilite-urbaine-dans-la-ville-de-yaounde-le-projet-de-la-voie-de-contournement-de-yaounde-vcy-dans-les-deniers-reglages\/"]}]},{"@type":"BreadcrumbList","@id":"https:\/\/www.minhdu.gov.cm\/amelioration-de-la-mobilite-urbaine-dans-la-ville-de-yaounde-le-projet-de-la-voie-de-contournement-de-yaounde-vcy-dans-les-deniers-reglages\/#breadcrumb","itemListElement":[{"@type":"ListItem","position":1,"name":"Home","item":"https:\/\/www.minhdu.gov.cm\/"},{"@type":"ListItem","position":2,"name":"AM\u00c9LIORATION DE LA MOBILIT\u00c9 URBAINE DANS LA VILLE DE YAOUND\u00c9 : LE PROJET DE LA VOIE DE CONTOURNEMENT DE YAOUND\u00c9\u00a0(VCY) DANS LES DENIERS R\u00c9GLAGES"}]},{"@type":"WebSite","@id":"https:\/\/www.minhdu.gov.cm\/#website","url":"https:\/\/www.minhdu.gov.cm\/","name":"MINHDU","description":"","publisher":{"@id":"https:\/\/www.minhdu.gov.cm\/#organization"},"potentialAction":[{"@type":"SearchAction","target":{"@type":"EntryPoint","urlTemplate":"https:\/\/www.minhdu.gov.cm\/?s={search_term_string}"},"query-input":"required name=search_term_string"}],"inLanguage":"en-US"},{"@type":"Organization","@id":"https:\/\/www.minhdu.gov.cm\/#organization","name":"MINHDU","url":"https:\/\/www.minhdu.gov.cm\/","logo":{"@type":"ImageObject","inLanguage":"en-US","@id":"https:\/\/www.minhdu.gov.cm\/#\/schema\/logo\/image\/","url":"https:\/\/www.minhdu.gov.cm\/wp-content\/uploads\/2022\/06\/minhdu2.png","contentUrl":"https:\/\/www.minhdu.gov.cm\/wp-content\/uploads\/2022\/06\/minhdu2.png","width":250,"height":250,"caption":"MINHDU"},"image":{"@id":"https:\/\/www.minhdu.gov.cm\/#\/schema\/logo\/image\/"},"sameAs":["https:\/\/www.facebook.com\/cameroun.minhdu\/","https:\/\/twitter.com\/cameroun_minhdu"]},{"@type":"Person","@id":"https:\/\/www.minhdu.gov.cm\/#\/schema\/person\/cf95f7bdff2edf1cc967c620f5ef8d3c","name":"Emmanuel OMBANG ENDONG","image":{"@type":"ImageObject","inLanguage":"en-US","@id":"https:\/\/www.minhdu.gov.cm\/#\/schema\/person\/image\/","url":"https:\/\/secure.gravatar.com\/avatar\/fa068d5c960df4bc0a9f57ab6fba80f76b485bf8ee16609f1a2c512155386489?s=96&d=mm&r=g","contentUrl":"https:\/\/secure.gravatar.com\/avatar\/fa068d5c960df4bc0a9f57ab6fba80f76b485bf8ee16609f1a2c512155386489?s=96&d=mm&r=g","caption":"Emmanuel OMBANG ENDONG"},"url":"https:\/\/www.minhdu.gov.cm\/author\/emmanuel\/"}]}},"_links":{"self":[{"href":"https:\/\/www.minhdu.gov.cm\/wp-json\/wp\/v2\/posts\/20593","targetHints":{"allow":["GET"]}}],"collection":[{"href":"https:\/\/www.minhdu.gov.cm\/wp-json\/wp\/v2\/posts"}],"about":[{"href":"https:\/\/www.minhdu.gov.cm\/wp-json\/wp\/v2\/types\/post"}],"author":[{"embeddable":true,"href":"https:\/\/www.minhdu.gov.cm\/wp-json\/wp\/v2\/users\/2"}],"replies":[{"embeddable":true,"href":"https:\/\/www.minhdu.gov.cm\/wp-json\/wp\/v2\/comments?post=20593"}],"version-history":[{"count":1,"href":"https:\/\/www.minhdu.gov.cm\/wp-json\/wp\/v2\/posts\/20593\/revisions"}],"predecessor-version":[{"id":20596,"href":"https:\/\/www.minhdu.gov.cm\/wp-json\/wp\/v2\/posts\/20593\/revisions\/20596"}],"wp:featuredmedia":[{"embeddable":true,"href":"https:\/\/www.minhdu.gov.cm\/wp-json\/wp\/v2\/media\/20594"}],"wp:attachment":[{"href":"https:\/\/www.minhdu.gov.cm\/wp-json\/wp\/v2\/media?parent=20593"}],"wp:term":[{"taxonomy":"category","embeddable":true,"href":"https:\/\/www.minhdu.gov.cm\/wp-json\/wp\/v2\/categories?post=20593"},{"taxonomy":"post_tag","embeddable":true,"href":"https:\/\/www.minhdu.gov.cm\/wp-json\/wp\/v2\/tags?post=20593"},{"taxonomy":"post_folder","embeddable":true,"href":"https:\/\/www.minhdu.gov.cm\/wp-json\/wp\/v2\/post_folder?post=20593"}],"curies":[{"name":"wp","href":"https:\/\/api.w.org\/{rel}","templated":true}]}}