{"id":20733,"date":"2025-09-29T12:35:19","date_gmt":"2025-09-29T10:35:19","guid":{"rendered":"https:\/\/www.minhdu.gov.cm\/?p=20733"},"modified":"2025-09-29T12:44:45","modified_gmt":"2025-09-29T10:44:45","slug":"projet-cite-intelligente-paul-biya-debolowa-le-groupe-wagas-obtient-lonction-du-conseil-regional-du-sud","status":"publish","type":"post","link":"https:\/\/www.minhdu.gov.cm\/projet-cite-intelligente-paul-biya-debolowa-le-groupe-wagas-obtient-lonction-du-conseil-regional-du-sud\/","title":{"rendered":"Projet \"Cit\u00e9 intelligente Paul Biya d'Ebolowa\" : le Groupe WAGAS obtient l'onction du Conseil r\u00e9gional du Sud."},"content":{"rendered":"\n<p>En marge des travaux de la 5\u00e8me session extraordinaire du Conseil r\u00e9gional du Sud, une c\u00e9r\u00e9monie de pr\u00e9sentation du projet port\u00e9 par le Groupe WAGAS a ouvert les travaux, il s\u2019agit du projet &#8220;ville intelligente Paul Biya d&#8217;Ebolowa&#8221; dont le chef-lieu de la r\u00e9gion du Sud abritera la phase pilote. C&#8217;\u00e9tait en pr\u00e9sence du Gouverneur de la r\u00e9gion du Sud, repr\u00e9sentant du Ministre de l\u2019Habitat et du D\u00e9veloppement Urbain, et une d\u00e9l\u00e9gation du MINHDU venue de Yaound\u00e9 conduite par le Conseiller Technique N\u00b02. Au terme des \u00e9changes mod\u00e9r\u00e9s par le Gouverneur, F\u00e9lix Ngu\u00e9l\u00e9 Ngu\u00e9l\u00e9, les conseillers ont marqu\u00e9 une adh\u00e9sion totale pour l&#8217;implantation du projet dans la r\u00e9gion du Sud.<\/p>\n\n\n\n<p>Re\u00e7u en audience par le Ministre de l\u2019Habitat et du D\u00e9veloppement Urbain le 16 septembre 2025, Johnathan Partouche, Pr\u00e9sident Directeur G\u00e9n\u00e9ral du Goupe \u00e9tait accompagn\u00e9 pour la circonstance d&#8217;une d\u00e9l\u00e9gation d&#8217;entreprises chinoises pr\u00eates \u00e0 mettre en \u0153uvre cet important projet qui va r\u00e9sorber le d\u00e9ficit en logements dans notre pays. Au cours de cette audience, le Pr\u00e9sident du Conseil r\u00e9gional du Sud a rassur\u00e9 ces investisseurs, sur la disponibilit\u00e9 fonci\u00e8re dans la r\u00e9gion du Sud pour la mise en \u0153uvre du Projet dans les plus brefs d\u00e9lais.<\/p>\n\n\n\n<p>L&#8217;audience du 16 septembre dernier s&#8217;\u00e9tait achev\u00e9e par la signature d&#8217;un protocole d&#8217;accord, qui officialisait ce partenariat entre le MINHDU et WAGAS GROUP ; et posait ainsi les bases pour un cadre de travail en synergie pour la concr\u00e9tisation et le d\u00e9marrage effectif de la phase pilote \u00e0 Ebolowa.<\/p>\n\n\n\n<p>Notons que le groupe WAGAS est une entreprise multinationale de d\u00e9veloppement \u00e9conomique et technologique, fond\u00e9e en 2019, qui se concentre sur la cr\u00e9ation de souverainet\u00e9 technologique et \u00e9conomique en Afrique, en Asie et en Europe, \u00e0 travers le d\u00e9veloppement de \u00e9cosyst\u00e8mes d&#8217;\u00e9conomie circulaire, de villes intelligentes, d&#8217;innovations deep tech et de mod\u00e8les d&#8217;investissement strat\u00e9giques. Le groupe vise \u00e0 transformer l&#8217;Afrique gr\u00e2ce \u00e0 la technologie, \u00e0 l&#8217;industrialisation locale et au d\u00e9veloppement d&#8217;un \u00e9cosyst\u00e8me d&#8217;innovation.<\/p>\n\n\n\n<p><\/p>\n\n\n\n<figure class=\"wp-block-gallery has-nested-images columns-default is-cropped wp-block-gallery-1 is-layout-flex wp-block-gallery-is-layout-flex\">\n<figure class=\"wp-block-image size-large\"><img loading=\"lazy\" decoding=\"async\" width=\"1024\" height=\"768\" data-id=\"20735\" src=\"https:\/\/www.minhdu.gov.cm\/wp-content\/uploads\/2025\/09\/WhatsApp-Image-2025-09-29-at-10.43.15-1024x768.jpeg\" alt=\"\" class=\"wp-image-20735\"\/><\/figure>\n\n\n\n<figure class=\"wp-block-image size-large\"><img loading=\"lazy\" decoding=\"async\" width=\"1024\" height=\"768\" data-id=\"20740\" src=\"https:\/\/www.minhdu.gov.cm\/wp-content\/uploads\/2025\/09\/WhatsApp-Image-2025-09-29-at-10.43.16-1024x768.jpeg\" alt=\"\" class=\"wp-image-20740\"\/><\/figure>\n\n\n\n<figure class=\"wp-block-image size-large\"><img loading=\"lazy\" decoding=\"async\" width=\"1024\" height=\"768\" data-id=\"20738\" src=\"https:\/\/www.minhdu.gov.cm\/wp-content\/uploads\/2025\/09\/WhatsApp-Image-2025-09-29-at-10.43.17-1024x768.jpeg\" alt=\"\" class=\"wp-image-20738\"\/><\/figure>\n\n\n\n<figure class=\"wp-block-image size-large\"><img loading=\"lazy\" decoding=\"async\" width=\"1024\" height=\"768\" data-id=\"20739\" src=\"https:\/\/www.minhdu.gov.cm\/wp-content\/uploads\/2025\/09\/WhatsApp-Image-2025-09-29-at-10.43.20-1024x768.jpeg\" alt=\"\" class=\"wp-image-20739\"\/><\/figure>\n\n\n\n<figure class=\"wp-block-image size-large\"><img loading=\"lazy\" decoding=\"async\" width=\"1024\" height=\"768\" data-id=\"20737\" src=\"https:\/\/www.minhdu.gov.cm\/wp-content\/uploads\/2025\/09\/WhatsApp-Image-2025-09-29-at-10.43.25-1024x768.jpeg\" alt=\"\" class=\"wp-image-20737\"\/><\/figure>\n\n\n\n<figure class=\"wp-block-image size-large\"><img loading=\"lazy\" decoding=\"async\" width=\"1024\" height=\"768\" data-id=\"20736\" src=\"https:\/\/www.minhdu.gov.cm\/wp-content\/uploads\/2025\/09\/WhatsApp-Image-2025-09-29-at-10.44.56-1024x768.jpeg\" alt=\"\" class=\"wp-image-20736\"\/><\/figure>\n\n\n\n<figure class=\"wp-block-image size-large\"><img loading=\"lazy\" decoding=\"async\" width=\"1024\" height=\"768\" data-id=\"20741\" src=\"https:\/\/www.minhdu.gov.cm\/wp-content\/uploads\/2025\/09\/WhatsApp-Image-2025-09-29-at-10.44.57-1024x768.jpeg\" alt=\"\" class=\"wp-image-20741\"\/><\/figure>\n<\/figure>\n<span class=\"et_bloom_bottom_trigger\"><\/span>","protected":false},"excerpt":{"rendered":"<p>En marge des travaux de la 5\u00e8me session extraordinaire du Conseil r\u00e9gional du Sud, une c\u00e9r\u00e9monie de pr\u00e9sentation du projet port\u00e9 par le Groupe WAGAS a ouvert les travaux, il [&hellip;]<\/p>\n","protected":false},"author":18,"featured_media":20734,"comment_status":"open","ping_status":"open","sticky":false,"template":"","format":"standard","meta":{"_et_pb_use_builder":"off","_et_pb_old_content":"","_et_gb_content_width":"","_EventAllDay":false,"_EventTimezone":"","_EventStartDate":"","_EventEndDate":"","_EventStartDateUTC":"","_EventEndDateUTC":"","_EventShowMap":false,"_EventShowMapLink":false,"_EventURL":"","_EventCost":"","_EventCostDescription":"","_EventCurrencySymbol":"","_EventCurrencyCode":"","_EventCurrencyPosition":"","_EventDateTimeSeparator":"","_EventTimeRangeSeparator":"","_EventOrganizerID":[],"_EventVenueID":0,"_OrganizerEmail":"","_OrganizerPhone":"","_OrganizerWebsite":"","_VenueAddress":"","_VenueCity":"","_VenueCountry":"","_VenueProvince":"","_VenueZip":"","_VenuePhone":"","_VenueURL":"","_VenueStateProvince":"","_VenueLat":"","_VenueLng":"","footnotes":""},"categories":[9,42],"tags":[],"post_folder":[],"class_list":["post-20733","post","type-post","status-publish","format-standard","has-post-thumbnail","hentry","category-region_news","category-recent-news"],"yoast_head":"<!-- This site is optimized with the Yoast SEO plugin v19.13 - https:\/\/yoast.com\/wordpress\/plugins\/seo\/ -->\n<title>Projet &quot;Cit\u00e9 intelligente Paul Biya d&#039;Ebolowa&quot; : le Groupe WAGAS obtient l&#039;onction du Conseil r\u00e9gional du Sud.<\/title>\n<meta name=\"description\" content=\"En marge des travaux de la 5\u00e8me session extraordinaire du Conseil r\u00e9gional du Sud, une c\u00e9r\u00e9monie de pr\u00e9sentation du projet port\u00e9 par le Groupe WAGAS a ouvert les travaux, il s\u2019agit du projet &quot;ville intelligente Paul Biya d&#039;Ebolowa&quot; dont le chef-lieu de la r\u00e9gion du Sud abritera la phase pilote. C&#039;\u00e9tait en pr\u00e9sence du Gouverneur&hellip;\" \/>\n<meta name=\"robots\" content=\"index, follow, max-snippet:-1, max-image-preview:large, max-video-preview:-1\" \/>\n<link rel=\"canonical\" href=\"https:\/\/www.minhdu.gov.cm\/projet-cite-intelligente-paul-biya-debolowa-le-groupe-wagas-obtient-lonction-du-conseil-regional-du-sud\/\" \/>\n<meta property=\"og:locale\" content=\"en_US\" \/>\n<meta property=\"og:type\" content=\"article\" \/>\n<meta property=\"og:title\" content=\"Projet &quot;Cit\u00e9 intelligente Paul Biya d&#039;Ebolowa&quot; : le Groupe WAGAS obtient l&#039;onction du Conseil r\u00e9gional du Sud.\" \/>\n<meta property=\"og:description\" content=\"En marge des travaux de la 5\u00e8me session extraordinaire du Conseil r\u00e9gional du Sud, une c\u00e9r\u00e9monie de pr\u00e9sentation du projet port\u00e9 par le Groupe WAGAS a ouvert les travaux, il s\u2019agit du projet &quot;ville intelligente Paul Biya d&#039;Ebolowa&quot; dont le chef-lieu de la r\u00e9gion du Sud abritera la phase pilote. C&#039;\u00e9tait en pr\u00e9sence du Gouverneur&hellip;\" \/>\n<meta property=\"og:url\" content=\"https:\/\/www.minhdu.gov.cm\/projet-cite-intelligente-paul-biya-debolowa-le-groupe-wagas-obtient-lonction-du-conseil-regional-du-sud\/\" \/>\n<meta property=\"og:site_name\" content=\"MINHDU\" \/>\n<meta property=\"article:publisher\" content=\"https:\/\/www.facebook.com\/cameroun.minhdu\/\" \/>\n<meta property=\"article:published_time\" content=\"2025-09-29T10:35:19+00:00\" \/>\n<meta property=\"article:modified_time\" content=\"2025-09-29T10:44:45+00:00\" \/>\n<meta property=\"og:image\" content=\"https:\/\/www.minhdu.gov.cm\/wp-content\/uploads\/2025\/09\/une.png\" \/>\n\t<meta property=\"og:image:width\" content=\"1273\" \/>\n\t<meta property=\"og:image:height\" content=\"813\" \/>\n\t<meta property=\"og:image:type\" content=\"image\/png\" \/>\n<meta name=\"author\" content=\"cyrille KANMEGNE\" \/>\n<meta name=\"twitter:card\" content=\"summary_large_image\" \/>\n<meta name=\"twitter:creator\" content=\"@cameroun_minhdu\" \/>\n<meta name=\"twitter:site\" content=\"@cameroun_minhdu\" \/>\n<meta name=\"twitter:label1\" content=\"Written by\" \/>\n\t<meta name=\"twitter:data1\" content=\"cyrille KANMEGNE\" \/>\n\t<meta name=\"twitter:label2\" content=\"Est. reading time\" \/>\n\t<meta name=\"twitter:data2\" content=\"4 minutes\" \/>\n<script type=\"application\/ld+json\" class=\"yoast-schema-graph\">{\"@context\":\"https:\/\/schema.org\",\"@graph\":[{\"@type\":\"Article\",\"@id\":\"https:\/\/www.minhdu.gov.cm\/projet-cite-intelligente-paul-biya-debolowa-le-groupe-wagas-obtient-lonction-du-conseil-regional-du-sud\/#article\",\"isPartOf\":{\"@id\":\"https:\/\/www.minhdu.gov.cm\/projet-cite-intelligente-paul-biya-debolowa-le-groupe-wagas-obtient-lonction-du-conseil-regional-du-sud\/\"},\"author\":{\"name\":\"cyrille KANMEGNE\",\"@id\":\"https:\/\/www.minhdu.gov.cm\/#\/schema\/person\/c61df26fe5549240307ce9b94d3cb200\"},\"headline\":\"Projet \\\"Cit\u00e9 intelligente Paul Biya d'Ebolowa\\\" : le Groupe WAGAS obtient l'onction du Conseil r\u00e9gional du Sud.\",\"datePublished\":\"2025-09-29T10:35:19+00:00\",\"dateModified\":\"2025-09-29T10:44:45+00:00\",\"mainEntityOfPage\":{\"@id\":\"https:\/\/www.minhdu.gov.cm\/projet-cite-intelligente-paul-biya-debolowa-le-groupe-wagas-obtient-lonction-du-conseil-regional-du-sud\/\"},\"wordCount\":377,\"commentCount\":0,\"publisher\":{\"@id\":\"https:\/\/www.minhdu.gov.cm\/#organization\"},\"articleSection\":[\"Region News\",\"Recent News\"],\"inLanguage\":\"en-US\",\"potentialAction\":[{\"@type\":\"CommentAction\",\"name\":\"Comment\",\"target\":[\"https:\/\/www.minhdu.gov.cm\/projet-cite-intelligente-paul-biya-debolowa-le-groupe-wagas-obtient-lonction-du-conseil-regional-du-sud\/#respond\"]}]},{\"@type\":\"WebPage\",\"@id\":\"https:\/\/www.minhdu.gov.cm\/projet-cite-intelligente-paul-biya-debolowa-le-groupe-wagas-obtient-lonction-du-conseil-regional-du-sud\/\",\"url\":\"https:\/\/www.minhdu.gov.cm\/projet-cite-intelligente-paul-biya-debolowa-le-groupe-wagas-obtient-lonction-du-conseil-regional-du-sud\/\",\"name\":\"Projet \\\"Cit\u00e9 intelligente Paul Biya d'Ebolowa\\\" : le Groupe WAGAS obtient l'onction du Conseil r\u00e9gional du Sud. - MINHDU\",\"isPartOf\":{\"@id\":\"https:\/\/www.minhdu.gov.cm\/#website\"},\"datePublished\":\"2025-09-29T10:35:19+00:00\",\"dateModified\":\"2025-09-29T10:44:45+00:00\",\"breadcrumb\":{\"@id\":\"https:\/\/www.minhdu.gov.cm\/projet-cite-intelligente-paul-biya-debolowa-le-groupe-wagas-obtient-lonction-du-conseil-regional-du-sud\/#breadcrumb\"},\"inLanguage\":\"en-US\",\"potentialAction\":[{\"@type\":\"ReadAction\",\"target\":[\"https:\/\/www.minhdu.gov.cm\/projet-cite-intelligente-paul-biya-debolowa-le-groupe-wagas-obtient-lonction-du-conseil-regional-du-sud\/\"]}]},{\"@type\":\"BreadcrumbList\",\"@id\":\"https:\/\/www.minhdu.gov.cm\/projet-cite-intelligente-paul-biya-debolowa-le-groupe-wagas-obtient-lonction-du-conseil-regional-du-sud\/#breadcrumb\",\"itemListElement\":[{\"@type\":\"ListItem\",\"position\":1,\"name\":\"Home\",\"item\":\"https:\/\/www.minhdu.gov.cm\/\"},{\"@type\":\"ListItem\",\"position\":2,\"name\":\"Projet \u00ab\u00a0Cit\u00e9 intelligente Paul Biya d&rsquo;Ebolowa\u00a0\u00bb : le Groupe WAGAS obtient l&rsquo;onction du Conseil r\u00e9gional du Sud.\"}]},{\"@type\":\"WebSite\",\"@id\":\"https:\/\/www.minhdu.gov.cm\/#website\",\"url\":\"https:\/\/www.minhdu.gov.cm\/\",\"name\":\"MINHDU\",\"description\":\"\",\"publisher\":{\"@id\":\"https:\/\/www.minhdu.gov.cm\/#organization\"},\"potentialAction\":[{\"@type\":\"SearchAction\",\"target\":{\"@type\":\"EntryPoint\",\"urlTemplate\":\"https:\/\/www.minhdu.gov.cm\/?s={search_term_string}\"},\"query-input\":\"required name=search_term_string\"}],\"inLanguage\":\"en-US\"},{\"@type\":\"Organization\",\"@id\":\"https:\/\/www.minhdu.gov.cm\/#organization\",\"name\":\"MINHDU\",\"url\":\"https:\/\/www.minhdu.gov.cm\/\",\"logo\":{\"@type\":\"ImageObject\",\"inLanguage\":\"en-US\",\"@id\":\"https:\/\/www.minhdu.gov.cm\/#\/schema\/logo\/image\/\",\"url\":\"https:\/\/www.minhdu.gov.cm\/wp-content\/uploads\/2022\/06\/minhdu2.png\",\"contentUrl\":\"https:\/\/www.minhdu.gov.cm\/wp-content\/uploads\/2022\/06\/minhdu2.png\",\"width\":250,\"height\":250,\"caption\":\"MINHDU\"},\"image\":{\"@id\":\"https:\/\/www.minhdu.gov.cm\/#\/schema\/logo\/image\/\"},\"sameAs\":[\"https:\/\/www.facebook.com\/cameroun.minhdu\/\",\"https:\/\/twitter.com\/cameroun_minhdu\"]},{\"@type\":\"Person\",\"@id\":\"https:\/\/www.minhdu.gov.cm\/#\/schema\/person\/c61df26fe5549240307ce9b94d3cb200\",\"name\":\"cyrille KANMEGNE\",\"image\":{\"@type\":\"ImageObject\",\"inLanguage\":\"en-US\",\"@id\":\"https:\/\/www.minhdu.gov.cm\/#\/schema\/person\/image\/\",\"url\":\"https:\/\/secure.gravatar.com\/avatar\/102efbb533371bbc74209b8d3e5249c16429472681935a7ca9544edbeb4e34e9?s=96&d=mm&r=g\",\"contentUrl\":\"https:\/\/secure.gravatar.com\/avatar\/102efbb533371bbc74209b8d3e5249c16429472681935a7ca9544edbeb4e34e9?s=96&d=mm&r=g\",\"caption\":\"cyrille KANMEGNE\"},\"url\":\"https:\/\/www.minhdu.gov.cm\/author\/cyrille\/\"}]}<\/script>\n<!-- \/ Yoast SEO plugin. -->","yoast_head_json":{"title":"Projet \"Cit\u00e9 intelligente Paul Biya d'Ebolowa\" : le Groupe WAGAS obtient l'onction du Conseil r\u00e9gional du Sud.","description":"En marge des travaux de la 5\u00e8me session extraordinaire du Conseil r\u00e9gional du Sud, une c\u00e9r\u00e9monie de pr\u00e9sentation du projet port\u00e9 par le Groupe WAGAS a ouvert les travaux, il s\u2019agit du projet \"ville intelligente Paul Biya d'Ebolowa\" dont le chef-lieu de la r\u00e9gion du Sud abritera la phase pilote. C'\u00e9tait en pr\u00e9sence du Gouverneur&hellip;","robots":{"index":"index","follow":"follow","max-snippet":"max-snippet:-1","max-image-preview":"max-image-preview:large","max-video-preview":"max-video-preview:-1"},"canonical":"https:\/\/www.minhdu.gov.cm\/projet-cite-intelligente-paul-biya-debolowa-le-groupe-wagas-obtient-lonction-du-conseil-regional-du-sud\/","og_locale":"en_US","og_type":"article","og_title":"Projet \"Cit\u00e9 intelligente Paul Biya d'Ebolowa\" : le Groupe WAGAS obtient l'onction du Conseil r\u00e9gional du Sud.","og_description":"En marge des travaux de la 5\u00e8me session extraordinaire du Conseil r\u00e9gional du Sud, une c\u00e9r\u00e9monie de pr\u00e9sentation du projet port\u00e9 par le Groupe WAGAS a ouvert les travaux, il s\u2019agit du projet \"ville intelligente Paul Biya d'Ebolowa\" dont le chef-lieu de la r\u00e9gion du Sud abritera la phase pilote. C'\u00e9tait en pr\u00e9sence du Gouverneur&hellip;","og_url":"https:\/\/www.minhdu.gov.cm\/projet-cite-intelligente-paul-biya-debolowa-le-groupe-wagas-obtient-lonction-du-conseil-regional-du-sud\/","og_site_name":"MINHDU","article_publisher":"https:\/\/www.facebook.com\/cameroun.minhdu\/","article_published_time":"2025-09-29T10:35:19+00:00","article_modified_time":"2025-09-29T10:44:45+00:00","og_image":[{"width":1273,"height":813,"url":"https:\/\/www.minhdu.gov.cm\/wp-content\/uploads\/2025\/09\/une.png","type":"image\/png"}],"author":"cyrille KANMEGNE","twitter_card":"summary_large_image","twitter_creator":"@cameroun_minhdu","twitter_site":"@cameroun_minhdu","twitter_misc":{"Written by":"cyrille KANMEGNE","Est. reading time":"4 minutes"},"schema":{"@context":"https:\/\/schema.org","@graph":[{"@type":"Article","@id":"https:\/\/www.minhdu.gov.cm\/projet-cite-intelligente-paul-biya-debolowa-le-groupe-wagas-obtient-lonction-du-conseil-regional-du-sud\/#article","isPartOf":{"@id":"https:\/\/www.minhdu.gov.cm\/projet-cite-intelligente-paul-biya-debolowa-le-groupe-wagas-obtient-lonction-du-conseil-regional-du-sud\/"},"author":{"name":"cyrille KANMEGNE","@id":"https:\/\/www.minhdu.gov.cm\/#\/schema\/person\/c61df26fe5549240307ce9b94d3cb200"},"headline":"Projet \"Cit\u00e9 intelligente Paul Biya d'Ebolowa\" : le Groupe WAGAS obtient l'onction du Conseil r\u00e9gional du Sud.","datePublished":"2025-09-29T10:35:19+00:00","dateModified":"2025-09-29T10:44:45+00:00","mainEntityOfPage":{"@id":"https:\/\/www.minhdu.gov.cm\/projet-cite-intelligente-paul-biya-debolowa-le-groupe-wagas-obtient-lonction-du-conseil-regional-du-sud\/"},"wordCount":377,"commentCount":0,"publisher":{"@id":"https:\/\/www.minhdu.gov.cm\/#organization"},"articleSection":["Region News","Recent News"],"inLanguage":"en-US","potentialAction":[{"@type":"CommentAction","name":"Comment","target":["https:\/\/www.minhdu.gov.cm\/projet-cite-intelligente-paul-biya-debolowa-le-groupe-wagas-obtient-lonction-du-conseil-regional-du-sud\/#respond"]}]},{"@type":"WebPage","@id":"https:\/\/www.minhdu.gov.cm\/projet-cite-intelligente-paul-biya-debolowa-le-groupe-wagas-obtient-lonction-du-conseil-regional-du-sud\/","url":"https:\/\/www.minhdu.gov.cm\/projet-cite-intelligente-paul-biya-debolowa-le-groupe-wagas-obtient-lonction-du-conseil-regional-du-sud\/","name":"Projet \"Cit\u00e9 intelligente Paul Biya d'Ebolowa\" : le Groupe WAGAS obtient l'onction du Conseil r\u00e9gional du Sud. - MINHDU","isPartOf":{"@id":"https:\/\/www.minhdu.gov.cm\/#website"},"datePublished":"2025-09-29T10:35:19+00:00","dateModified":"2025-09-29T10:44:45+00:00","breadcrumb":{"@id":"https:\/\/www.minhdu.gov.cm\/projet-cite-intelligente-paul-biya-debolowa-le-groupe-wagas-obtient-lonction-du-conseil-regional-du-sud\/#breadcrumb"},"inLanguage":"en-US","potentialAction":[{"@type":"ReadAction","target":["https:\/\/www.minhdu.gov.cm\/projet-cite-intelligente-paul-biya-debolowa-le-groupe-wagas-obtient-lonction-du-conseil-regional-du-sud\/"]}]},{"@type":"BreadcrumbList","@id":"https:\/\/www.minhdu.gov.cm\/projet-cite-intelligente-paul-biya-debolowa-le-groupe-wagas-obtient-lonction-du-conseil-regional-du-sud\/#breadcrumb","itemListElement":[{"@type":"ListItem","position":1,"name":"Home","item":"https:\/\/www.minhdu.gov.cm\/"},{"@type":"ListItem","position":2,"name":"Projet \u00ab\u00a0Cit\u00e9 intelligente Paul Biya d&rsquo;Ebolowa\u00a0\u00bb : le Groupe WAGAS obtient l&rsquo;onction du Conseil r\u00e9gional du Sud."}]},{"@type":"WebSite","@id":"https:\/\/www.minhdu.gov.cm\/#website","url":"https:\/\/www.minhdu.gov.cm\/","name":"MINHDU","description":"","publisher":{"@id":"https:\/\/www.minhdu.gov.cm\/#organization"},"potentialAction":[{"@type":"SearchAction","target":{"@type":"EntryPoint","urlTemplate":"https:\/\/www.minhdu.gov.cm\/?s={search_term_string}"},"query-input":"required name=search_term_string"}],"inLanguage":"en-US"},{"@type":"Organization","@id":"https:\/\/www.minhdu.gov.cm\/#organization","name":"MINHDU","url":"https:\/\/www.minhdu.gov.cm\/","logo":{"@type":"ImageObject","inLanguage":"en-US","@id":"https:\/\/www.minhdu.gov.cm\/#\/schema\/logo\/image\/","url":"https:\/\/www.minhdu.gov.cm\/wp-content\/uploads\/2022\/06\/minhdu2.png","contentUrl":"https:\/\/www.minhdu.gov.cm\/wp-content\/uploads\/2022\/06\/minhdu2.png","width":250,"height":250,"caption":"MINHDU"},"image":{"@id":"https:\/\/www.minhdu.gov.cm\/#\/schema\/logo\/image\/"},"sameAs":["https:\/\/www.facebook.com\/cameroun.minhdu\/","https:\/\/twitter.com\/cameroun_minhdu"]},{"@type":"Person","@id":"https:\/\/www.minhdu.gov.cm\/#\/schema\/person\/c61df26fe5549240307ce9b94d3cb200","name":"cyrille KANMEGNE","image":{"@type":"ImageObject","inLanguage":"en-US","@id":"https:\/\/www.minhdu.gov.cm\/#\/schema\/person\/image\/","url":"https:\/\/secure.gravatar.com\/avatar\/102efbb533371bbc74209b8d3e5249c16429472681935a7ca9544edbeb4e34e9?s=96&d=mm&r=g","contentUrl":"https:\/\/secure.gravatar.com\/avatar\/102efbb533371bbc74209b8d3e5249c16429472681935a7ca9544edbeb4e34e9?s=96&d=mm&r=g","caption":"cyrille KANMEGNE"},"url":"https:\/\/www.minhdu.gov.cm\/author\/cyrille\/"}]}},"_links":{"self":[{"href":"https:\/\/www.minhdu.gov.cm\/wp-json\/wp\/v2\/posts\/20733","targetHints":{"allow":["GET"]}}],"collection":[{"href":"https:\/\/www.minhdu.gov.cm\/wp-json\/wp\/v2\/posts"}],"about":[{"href":"https:\/\/www.minhdu.gov.cm\/wp-json\/wp\/v2\/types\/post"}],"author":[{"embeddable":true,"href":"https:\/\/www.minhdu.gov.cm\/wp-json\/wp\/v2\/users\/18"}],"replies":[{"embeddable":true,"href":"https:\/\/www.minhdu.gov.cm\/wp-json\/wp\/v2\/comments?post=20733"}],"version-history":[{"count":2,"href":"https:\/\/www.minhdu.gov.cm\/wp-json\/wp\/v2\/posts\/20733\/revisions"}],"predecessor-version":[{"id":20743,"href":"https:\/\/www.minhdu.gov.cm\/wp-json\/wp\/v2\/posts\/20733\/revisions\/20743"}],"wp:featuredmedia":[{"embeddable":true,"href":"https:\/\/www.minhdu.gov.cm\/wp-json\/wp\/v2\/media\/20734"}],"wp:attachment":[{"href":"https:\/\/www.minhdu.gov.cm\/wp-json\/wp\/v2\/media?parent=20733"}],"wp:term":[{"taxonomy":"category","embeddable":true,"href":"https:\/\/www.minhdu.gov.cm\/wp-json\/wp\/v2\/categories?post=20733"},{"taxonomy":"post_tag","embeddable":true,"href":"https:\/\/www.minhdu.gov.cm\/wp-json\/wp\/v2\/tags?post=20733"},{"taxonomy":"post_folder","embeddable":true,"href":"https:\/\/www.minhdu.gov.cm\/wp-json\/wp\/v2\/post_folder?post=20733"}],"curies":[{"name":"wp","href":"https:\/\/api.w.org\/{rel}","templated":true}]}}