{"id":21295,"date":"2026-01-27T12:49:06","date_gmt":"2026-01-27T11:49:06","guid":{"rendered":"https:\/\/www.minhdu.gov.cm\/?p=21295"},"modified":"2026-01-28T14:03:18","modified_gmt":"2026-01-28T13:03:18","slug":"hygiene-et-salubrite-en-milieu-urbain-le-minhdu-retrocede-des-balayeuses-mecaniques-aux-communes-de-yaounde-i-et-yaounde-v","status":"publish","type":"post","link":"https:\/\/www.minhdu.gov.cm\/hygiene-et-salubrite-en-milieu-urbain-le-minhdu-retrocede-des-balayeuses-mecaniques-aux-communes-de-yaounde-i-et-yaounde-v\/","title":{"rendered":"Hygi\u00e8ne et salubrit\u00e9 en milieu urbain\u00a0: Le MINHDU r\u00e9troc\u00e8de des balayeuses m\u00e9caniques aux Communes de Yaound\u00e9 I et Yaound\u00e9 V"},"content":{"rendered":"\n<p>Le ministre de l\u2019Habitat et du D\u00e9veloppement urbain a pr\u00e9sid\u00e9, le lundi 26 janvier 2026, la c\u00e9r\u00e9monie de r\u00e9trocession des balayeuses m\u00e9caniques aux Communes de Yaound\u00e9 1<sup>er<\/sup> et Yaound\u00e9 5<sup>\u00e8me<\/sup>.<\/p>\n\n\n\n<p>Une r\u00e9trocession qui participe au renforcement des capacit\u00e9s op\u00e9rationnelles des Collectivit\u00e9s Territoriales D\u00e9centralis\u00e9es en mati\u00e8re d\u2019hygi\u00e8ne et de salubrit\u00e9 publique, et s\u2019inscrivant dans une dynamique qui sera progressivement \u00e9tendue \u00e0 toutes les communes des grandes villes camerounaises.<\/p>\n\n\n\n<p>Ces \u00e9quipements modernes sont destin\u00e9s \u00e0 contribuer efficacement au rehaussement du niveau de propret\u00e9 des voies publiques, \u00e0 l\u2019am\u00e9lioration de la physionomie g\u00e9n\u00e9rale de la ville et, in fine, au bien-\u00eatre des populations.<\/p>\n\n\n\n<p>Dans son discours, C\u00e9lestine Ketcha Court\u00e8s a appel\u00e9 les Maires b\u00e9n\u00e9ficiaires \u00e0 en faire un usage rationnel, optimal et responsable, en veillant \u00e0 leur entretien r\u00e9gulier, afin d\u2019en garantir la durabilit\u00e9 et l\u2019efficacit\u00e9 dans le temps.<\/p>\n\n\n\n<p>Cette c\u00e9r\u00e9monie de r\u00e9trocession repr\u00e9sente un acte fort qui illustre l\u2019engagement constant du Gouvernement \u00e0 am\u00e9liorer durablement le cadre de vie des populations. Elle intervient dans une perspective de r\u00e9solution progressive et durable des crises d\u2019insalubrit\u00e9 et l\u2019assainissement effectif des villes camerounaises. Par ailleurs, cette responsabilit\u00e9 est partag\u00e9e entre les administrations gouvernementales, les Collectivit\u00e9s Territoriales D\u00e9centralis\u00e9es, le secteur priv\u00e9, la soci\u00e9t\u00e9 civile, les partenaires au d\u00e9veloppement et, surtout, les populations elles-m\u00eames, dont les comportements restent d\u00e9terminants.<\/p>\n\n\n\n<figure class=\"wp-block-image size-large\"><img loading=\"lazy\" decoding=\"async\" width=\"1024\" height=\"555\" src=\"https:\/\/www.minhdu.gov.cm\/wp-content\/uploads\/2026\/01\/WhatsApp-Image-2026-01-27-at-11.33.13-1024x555.jpeg\" alt=\"\" class=\"wp-image-21301\"\/><\/figure>\n\n\n\n<p>Madame le MINHDU a tenu \u00e0 saluer les efforts d\u00e9ploy\u00e9s par les autres administrations sectorielles pour la mise en \u0153uvre de la Feuille de Route issue des Etats g\u00e9n\u00e9raux sur la gestion des ressources en d\u00e9chets, pour des villes propres et prosp\u00e8res. Notamment, les actions engag\u00e9es par Monsieur le Ministre de l\u2019Administration Territoriale, visant \u00e0 renforcer l\u2019accompagnement des municipalit\u00e9s par les autorit\u00e9s administratives et \u00e0 assurer l\u2019application effective des mesures et sanctions pr\u00e9vues par les textes.<\/p>\n\n\n\n<p>Il convient d\u2019ajouter que les Communes, tel qu\u2019il a \u00e9t\u00e9 conclu \u00e0 l\u2019issue des Etats G\u00e9n\u00e9raux, sont les entit\u00e9s \u00e0 qui incombe, au premier chef, la mission op\u00e9rationnelle du maintien de la salubrit\u00e9 des espaces publics. En outre, le renforcement des capacit\u00e9s des autorit\u00e9s locales en mati\u00e8re d\u2019assainissement s\u2019inscrit en droite ligne avec les ODD, ainsi qu\u2019avec la SND30 et la vision du Pr\u00e9sident de la R\u00e9publique, S.E. Paul BIYA, pour un Cameroun \u00e9mergent, inclusif et respectueux de son environnement.<\/p>\n\n\n\n<h5 class=\"wp-block-heading\"><strong><u>ACTIVITES DU MINHDU DANS LES DOMAINES DE L\u2019HYGIENE ET DE LA SALUBRITE<\/u><\/strong><\/h5>\n\n\n\n<p>Cette c\u00e9r\u00e9monie de r\u00e9trocession est une articulation d\u2019un processus entam\u00e9 depuis longtemps au Minist\u00e8re de l\u2019Habitat et du D\u00e9veloppement Urbain. Rappelons qu\u2019au regard de la persistance des crises d\u2019insalubrit\u00e9 en milieu urbain, le MINHDU en collaboration avec les administrations concern\u00e9es <strong>a engag\u00e9 un vaste chantier qui permettra \u00e0 terme d\u2019adresser<\/strong> <strong>les limites du syst\u00e8me actuel de gestion des d\u00e9chets urbains<\/strong>, dans ses composantes institutionnelles, juridiques, financi\u00e8res, techniques et sociales. Pour ce qui est de l\u2019am\u00e9lioration de la gouvernance, notamment en ce qui concerne le cadre institutionnel, juridique et strat\u00e9gique.<\/p>\n\n\n\n<ul class=\"wp-block-list\">\n<li><strong>Etats G\u00e9n\u00e9raux sur la gestion des ressources en d\u00e9chets<\/strong> <\/li>\n<\/ul>\n\n\n\n<p>Le MINHDU a dans un premier temps mis l\u2019accent sur l\u2019organisation des concertations entre les acteurs du secteur conform\u00e9ment \u00e0 sa mission de coordination de la gestion des d\u00e9chets en milieu urbain.<\/p>\n\n\n\n<p>C\u2019est dans ce sillage que le MINHDU et le MINDDEVEL ont <strong>coorganis\u00e9 les Etats g\u00e9n\u00e9raux sur la gestion des ressources en d\u00e9chets en mai 2025<\/strong>. Cette concertation nationale visait, \u00e0 travers une approche participative, \u00e0 cr\u00e9er une prise de conscience collective \u00e0 partir desquelles \u00e9mergent des solutions durables pour redonner une image reluisante \u00e0 nos villes.<\/p>\n\n\n\n<p>Trois principaux extrants ont \u00e9t\u00e9 obtenus \u00e0 l\u2019issue de ces assises \u00e0 savoir :<\/p>\n\n\n\n<ul class=\"wp-block-list\">\n<li>Le diagnostic approfondi de la r\u00e9currence de la crise des d\u00e9chets<\/li>\n\n\n\n<li>La Feuille de Route pour des villes propres et prosp\u00e8res gr\u00e2ce \u00e0 leurs ressources en d\u00e9chets ;<\/li>\n\n\n\n<li>Le portefeuille de projets pr\u00e9sent\u00e9s aux Etats G\u00e9n\u00e9raux et recommand\u00e9s aux Gouvernement, aux CTD et aux partenaires au d\u00e9veloppement.<\/li>\n<\/ul>\n\n\n\n<p>Compte tenu des limites d\u2019ordre juridique, <strong>un avant-projet de<\/strong> <strong>loi sur la propret\u00e9 des villes<\/strong> a \u00e9t\u00e9 \u00e9labor\u00e9 sur la base d\u2019un diagnostic robuste, afin de mettre \u00e0 jour les mesures et les sanctions n\u00e9cessaires au maintien de la salubrit\u00e9 en milieu urbain. Ledit avant-projet de loi a \u00e9t\u00e9 examin\u00e9 par les administrations sectorielles concern\u00e9es en d\u00e9cembre 2025 au cours d\u2019un atelier.<\/p>\n\n\n\n<p>Afin de renforcer le cadre strat\u00e9gique de ce sous-secteur, conform\u00e9ment \u00e0 sa mission relative \u00e0 la participation \u00e0 l\u2019\u00e9laboration des politique et strat\u00e9gie en mati\u00e8re d\u2019hygi\u00e8ne et de salubrit\u00e9, l\u2019\u00e9laboration de la politique et la strat\u00e9gie nationale en faveur de l\u2019hygi\u00e8ne, la salubrit\u00e9 et la gestion des d\u00e9chets m\u00e9nagers a \u00e9t\u00e9 initi\u00e9e en 2025. L\u2019examen du rapport diagnostic est pr\u00e9vu en f\u00e9vrier 2025.<\/p>\n\n\n\n<p>En outre, il convient de pr\u00e9ciser que la Feuille de Route pr\u00e9c\u00e9demment cit\u00e9e est \u00e0 ce jour, l\u2019un des documents qui orientent l\u2019\u00e9laboration de cette politique, car ladite Feuille de Route comporte un plan d\u2019actions qui prend en compte tous les aspects de la probl\u00e9matique observ\u00e9e.<\/p>\n\n\n\n<ul class=\"wp-block-list\">\n<li><strong>Appui aux CTD, aux OSC et comit\u00e9s de quartiers<\/strong><\/li>\n<\/ul>\n\n\n\n<p>Toujours dans le cadre de l\u2019am\u00e9lioration de la planification, le MINHDU a apport\u00e9 un appui technique aux communes en vue de l\u2019\u00e9laboration de leurs plans communaux de gestion des d\u00e9chets. A date, une centaine de plans sont \u00e9labor\u00e9s.<\/p>\n\n\n\n<p>Pour ce qui est du renforcement des capacit\u00e9s op\u00e9rationnelles, un programme de construction des infrastructures de gestion des d\u00e9chets a \u00e9t\u00e9 pr\u00e9par\u00e9 afin de combler le d\u00e9ficit observ\u00e9. La phase pilote a d\u00e9marr\u00e9 en 2025 \u00e0 Yaound\u00e9 par la construction des plateformes de regroupement. Elle se poursuivra en 2026 par la construction du 1<sup>er<\/sup> centre de transfert de Yaound\u00e9 et la construction des plateformes de regroupement dans les autres villes.<\/p>\n\n\n\n<p>En vue du d\u00e9veloppement de l\u2019\u00e9conomie circulaire, le MINHDU s\u2019est attel\u00e9 \u00e0 la formation des OSC et des comit\u00e9s de quartiers sur la valorisation des d\u00e9chets et les emplois verts.<\/p>\n\n\n\n<p>Afin de renforcer l\u2019implication des acteurs urbains en g\u00e9n\u00e9ral et des populations en particulier, dans l\u2019entretien du cadre de vie, le MINHDU sous la conduite \u00e9clair\u00e9e de Madame C\u00e9lestine KETCHA COURTES, et suivant les instructions du Premier Ministre Chef du Gouvernement prescrivant la r\u00e9activation de la campagne nationale d\u2019hygi\u00e8ne et de salubrit\u00e9, a initi\u00e9 l\u2019initiative \u00ab\u00a0<strong>Concours villes propres\u00a0\u00bb.<\/strong><\/p>\n\n\n\n<p>Cette campagne d\u2019hygi\u00e8ne et de salubrit\u00e9 qui vise \u00e0 r\u00e9compenser les communes les plus propres afin de susciter l\u2019\u00e9mulation, permet chaque ann\u00e9e de rehausser la prise de conscience et de renforcer la mobilisation citoyenne en faveur de l\u2019assainissement et l\u2019embellissement urbain.<\/p>\n\n\n\n<p>Toujours dans l\u2019objectif de rehausser la prise de conscience, l\u2019\u00e9ducation environnementale ax\u00e9e sur la salubrit\u00e9 publique et la gestion des d\u00e9chets est syst\u00e9matiquement int\u00e9gr\u00e9e dans les projets d\u2019assainissement.<\/p>\n\n\n\n<p>Dans ce sillage, une campagne pilote d\u2019\u00e9ducation sur la gestion durable des d\u00e9chets m\u00e9nagers a \u00e9t\u00e9 organis\u00e9e dans la <strong>Commune d\u2019Arrondissement de Yaound\u00e9 5<\/strong> dans le cadre du projet <strong>Plateforme Urbaine au Cameroun.<\/strong><\/p>\n\n\n\n<p>L\u2019appui \u00e0 la cr\u00e9ation des comit\u00e9s de quartiers et le renforcement de leurs capacit\u00e9s est \u00e9galement l\u2019une des actions r\u00e9alis\u00e9es pour renforcer la mobilisation citoyenne en faveur de l\u2019assainissement.<\/p>\n\n\n\n<p><strong>En somme\u00a0:<\/strong><\/p>\n\n\n\n<ul class=\"wp-block-list\">\n<li>Le maintien de la salubrit\u00e9 est une probl\u00e9matique urbaine au centre des pr\u00e9occupations gouvernementales<\/li>\n\n\n\n<li>Des actions sont engag\u00e9es en vue de la mise en \u0153uvre des solutions durables qui adresseront les limites du syst\u00e8me actuel en prenant en compte toutes les dimensions du probl\u00e8me (aspects juridiques, institutionnels, financiers, technique, op\u00e9rationnel, \u2026)<\/li>\n\n\n\n<li>Pendant que l\u2019impl\u00e9mentation des solutions \u00e0 moyen et long terme suit son cours, il sera n\u00e9cessaire d\u2019intensifier les actions urgentes telles que les op\u00e9rations \u00ab\u00a0coups de poing\u00a0\u00bb.<\/li>\n<\/ul>\n\n\n\n<p><\/p>\n\n\n\n<figure class=\"wp-block-gallery has-nested-images columns-default is-cropped wp-block-gallery-1 is-layout-flex wp-block-gallery-is-layout-flex\">\n<figure class=\"wp-block-image size-large\"><img loading=\"lazy\" decoding=\"async\" width=\"1024\" height=\"768\" data-id=\"21302\" src=\"https:\/\/www.minhdu.gov.cm\/wp-content\/uploads\/2026\/01\/WhatsApp-Image-2026-01-27-at-11.33.15-1024x768.jpeg\" alt=\"\" class=\"wp-image-21302\"\/><\/figure>\n\n\n\n<figure class=\"wp-block-image size-full\"><img loading=\"lazy\" decoding=\"async\" width=\"954\" height=\"559\" data-id=\"21305\" src=\"https:\/\/www.minhdu.gov.cm\/wp-content\/uploads\/2026\/01\/point2.jpeg\" alt=\"\" class=\"wp-image-21305\"\/><\/figure>\n\n\n\n<figure class=\"wp-block-image size-large\"><img loading=\"lazy\" decoding=\"async\" width=\"1024\" height=\"685\" data-id=\"21303\" src=\"https:\/\/www.minhdu.gov.cm\/wp-content\/uploads\/2026\/01\/WhatsApp-Image-2026-01-27-at-11.33.20-1024x685.jpeg\" alt=\"\" class=\"wp-image-21303\"\/><\/figure>\n\n\n\n<figure class=\"wp-block-image size-large\"><img loading=\"lazy\" decoding=\"async\" width=\"1024\" height=\"643\" data-id=\"21304\" src=\"https:\/\/www.minhdu.gov.cm\/wp-content\/uploads\/2026\/01\/WhatsApp-Image-2026-01-27-at-11.33.21-1-1024x643.jpeg\" alt=\"\" class=\"wp-image-21304\"\/><\/figure>\n<\/figure>\n<span class=\"et_bloom_bottom_trigger\"><\/span>","protected":false},"excerpt":{"rendered":"<p>Le ministre de l\u2019Habitat et du D\u00e9veloppement urbain a pr\u00e9sid\u00e9, le lundi 26 janvier 2026, la c\u00e9r\u00e9monie de r\u00e9trocession des balayeuses m\u00e9caniques aux Communes de Yaound\u00e9 1er et Yaound\u00e9 5\u00e8me. [&hellip;]<\/p>\n","protected":false},"author":18,"featured_media":21317,"comment_status":"open","ping_status":"open","sticky":false,"template":"","format":"standard","meta":{"_et_pb_use_builder":"off","_et_pb_old_content":"","_et_gb_content_width":"","_EventAllDay":false,"_EventTimezone":"","_EventStartDate":"","_EventEndDate":"","_EventStartDateUTC":"","_EventEndDateUTC":"","_EventShowMap":false,"_EventShowMapLink":false,"_EventURL":"","_EventCost":"","_EventCostDescription":"","_EventCurrencySymbol":"","_EventCurrencyCode":"","_EventCurrencyPosition":"","_EventDateTimeSeparator":"","_EventTimeRangeSeparator":"","_EventOrganizerID":[],"_EventVenueID":0,"_OrganizerEmail":"","_OrganizerPhone":"","_OrganizerWebsite":"","_VenueAddress":"","_VenueCity":"","_VenueCountry":"","_VenueProvince":"","_VenueZip":"","_VenuePhone":"","_VenueURL":"","_VenueStateProvince":"","_VenueLat":"","_VenueLng":"","footnotes":""},"categories":[8,9,115,42],"tags":[],"post_folder":[],"class_list":["post-21295","post","type-post","status-publish","format-standard","has-post-thumbnail","hentry","category-spotlight","category-region_news","category-flash-infos","category-recent-news"],"yoast_head":"<!-- This site is optimized with the Yoast SEO plugin v19.13 - https:\/\/yoast.com\/wordpress\/plugins\/seo\/ -->\n<title>Hygi\u00e8ne et salubrit\u00e9 en milieu urbain\u00a0: Le MINHDU r\u00e9troc\u00e8de des balayeuses m\u00e9caniques aux Communes de Yaound\u00e9 I et Yaound\u00e9 V<\/title>\n<meta name=\"description\" content=\"Le ministre de l\u2019Habitat et du D\u00e9veloppement urbain a pr\u00e9sid\u00e9, le lundi 26 janvier 2026, la c\u00e9r\u00e9monie de r\u00e9trocession des balayeuses m\u00e9caniques aux Communes de Yaound\u00e9 1er et Yaound\u00e9 5\u00e8me. Une r\u00e9trocession qui participe au renforcement des capacit\u00e9s op\u00e9rationnelles des Collectivit\u00e9s Territoriales D\u00e9centralis\u00e9es en mati\u00e8re d\u2019hygi\u00e8ne et de salubrit\u00e9 publique, et s\u2019inscrivant dans une dynamique&hellip;\" \/>\n<meta name=\"robots\" content=\"index, follow, max-snippet:-1, max-image-preview:large, max-video-preview:-1\" \/>\n<link rel=\"canonical\" href=\"https:\/\/www.minhdu.gov.cm\/hygiene-et-salubrite-en-milieu-urbain-le-minhdu-retrocede-des-balayeuses-mecaniques-aux-communes-de-yaounde-i-et-yaounde-v\/\" \/>\n<meta property=\"og:locale\" content=\"en_US\" \/>\n<meta property=\"og:type\" content=\"article\" \/>\n<meta property=\"og:title\" content=\"Hygi\u00e8ne et salubrit\u00e9 en milieu urbain\u00a0: Le MINHDU r\u00e9troc\u00e8de des balayeuses m\u00e9caniques aux Communes de Yaound\u00e9 I et Yaound\u00e9 V\" \/>\n<meta property=\"og:description\" content=\"Le ministre de l\u2019Habitat et du D\u00e9veloppement urbain a pr\u00e9sid\u00e9, le lundi 26 janvier 2026, la c\u00e9r\u00e9monie de r\u00e9trocession des balayeuses m\u00e9caniques aux Communes de Yaound\u00e9 1er et Yaound\u00e9 5\u00e8me. Une r\u00e9trocession qui participe au renforcement des capacit\u00e9s op\u00e9rationnelles des Collectivit\u00e9s Territoriales D\u00e9centralis\u00e9es en mati\u00e8re d\u2019hygi\u00e8ne et de salubrit\u00e9 publique, et s\u2019inscrivant dans une dynamique&hellip;\" \/>\n<meta property=\"og:url\" content=\"https:\/\/www.minhdu.gov.cm\/hygiene-et-salubrite-en-milieu-urbain-le-minhdu-retrocede-des-balayeuses-mecaniques-aux-communes-de-yaounde-i-et-yaounde-v\/\" \/>\n<meta property=\"og:site_name\" content=\"MINHDU\" \/>\n<meta property=\"article:publisher\" content=\"https:\/\/www.facebook.com\/cameroun.minhdu\/\" \/>\n<meta property=\"article:published_time\" content=\"2026-01-27T11:49:06+00:00\" \/>\n<meta property=\"article:modified_time\" content=\"2026-01-28T13:03:18+00:00\" \/>\n<meta property=\"og:image\" content=\"https:\/\/www.minhdu.gov.cm\/wp-content\/uploads\/2026\/01\/une1-1.jpeg\" \/>\n\t<meta property=\"og:image:width\" content=\"1227\" \/>\n\t<meta property=\"og:image:height\" content=\"628\" \/>\n\t<meta property=\"og:image:type\" content=\"image\/jpeg\" \/>\n<meta name=\"author\" content=\"cyrille KANMEGNE\" \/>\n<meta name=\"twitter:card\" content=\"summary_large_image\" \/>\n<meta name=\"twitter:creator\" content=\"@cameroun_minhdu\" \/>\n<meta name=\"twitter:site\" content=\"@cameroun_minhdu\" \/>\n<meta name=\"twitter:label1\" content=\"Written by\" \/>\n\t<meta name=\"twitter:data1\" content=\"cyrille KANMEGNE\" \/>\n\t<meta name=\"twitter:label2\" content=\"Est. reading time\" \/>\n\t<meta name=\"twitter:data2\" content=\"8 minutes\" \/>\n<script type=\"application\/ld+json\" class=\"yoast-schema-graph\">{\"@context\":\"https:\/\/schema.org\",\"@graph\":[{\"@type\":\"Article\",\"@id\":\"https:\/\/www.minhdu.gov.cm\/hygiene-et-salubrite-en-milieu-urbain-le-minhdu-retrocede-des-balayeuses-mecaniques-aux-communes-de-yaounde-i-et-yaounde-v\/#article\",\"isPartOf\":{\"@id\":\"https:\/\/www.minhdu.gov.cm\/hygiene-et-salubrite-en-milieu-urbain-le-minhdu-retrocede-des-balayeuses-mecaniques-aux-communes-de-yaounde-i-et-yaounde-v\/\"},\"author\":{\"name\":\"cyrille KANMEGNE\",\"@id\":\"https:\/\/www.minhdu.gov.cm\/#\/schema\/person\/c61df26fe5549240307ce9b94d3cb200\"},\"headline\":\"Hygi\u00e8ne et salubrit\u00e9 en milieu urbain\u00a0: Le MINHDU r\u00e9troc\u00e8de des balayeuses m\u00e9caniques aux Communes de Yaound\u00e9 I et Yaound\u00e9 V\",\"datePublished\":\"2026-01-27T11:49:06+00:00\",\"dateModified\":\"2026-01-28T13:03:18+00:00\",\"mainEntityOfPage\":{\"@id\":\"https:\/\/www.minhdu.gov.cm\/hygiene-et-salubrite-en-milieu-urbain-le-minhdu-retrocede-des-balayeuses-mecaniques-aux-communes-de-yaounde-i-et-yaounde-v\/\"},\"wordCount\":1412,\"commentCount\":0,\"publisher\":{\"@id\":\"https:\/\/www.minhdu.gov.cm\/#organization\"},\"articleSection\":[\"spotlight\",\"Region News\",\"Flash-infos\",\"Recent News\"],\"inLanguage\":\"en-US\",\"potentialAction\":[{\"@type\":\"CommentAction\",\"name\":\"Comment\",\"target\":[\"https:\/\/www.minhdu.gov.cm\/hygiene-et-salubrite-en-milieu-urbain-le-minhdu-retrocede-des-balayeuses-mecaniques-aux-communes-de-yaounde-i-et-yaounde-v\/#respond\"]}]},{\"@type\":\"WebPage\",\"@id\":\"https:\/\/www.minhdu.gov.cm\/hygiene-et-salubrite-en-milieu-urbain-le-minhdu-retrocede-des-balayeuses-mecaniques-aux-communes-de-yaounde-i-et-yaounde-v\/\",\"url\":\"https:\/\/www.minhdu.gov.cm\/hygiene-et-salubrite-en-milieu-urbain-le-minhdu-retrocede-des-balayeuses-mecaniques-aux-communes-de-yaounde-i-et-yaounde-v\/\",\"name\":\"Hygi\u00e8ne et salubrit\u00e9 en milieu urbain\u00a0: Le MINHDU r\u00e9troc\u00e8de des balayeuses m\u00e9caniques aux Communes de Yaound\u00e9 I et Yaound\u00e9 V - MINHDU\",\"isPartOf\":{\"@id\":\"https:\/\/www.minhdu.gov.cm\/#website\"},\"datePublished\":\"2026-01-27T11:49:06+00:00\",\"dateModified\":\"2026-01-28T13:03:18+00:00\",\"breadcrumb\":{\"@id\":\"https:\/\/www.minhdu.gov.cm\/hygiene-et-salubrite-en-milieu-urbain-le-minhdu-retrocede-des-balayeuses-mecaniques-aux-communes-de-yaounde-i-et-yaounde-v\/#breadcrumb\"},\"inLanguage\":\"en-US\",\"potentialAction\":[{\"@type\":\"ReadAction\",\"target\":[\"https:\/\/www.minhdu.gov.cm\/hygiene-et-salubrite-en-milieu-urbain-le-minhdu-retrocede-des-balayeuses-mecaniques-aux-communes-de-yaounde-i-et-yaounde-v\/\"]}]},{\"@type\":\"BreadcrumbList\",\"@id\":\"https:\/\/www.minhdu.gov.cm\/hygiene-et-salubrite-en-milieu-urbain-le-minhdu-retrocede-des-balayeuses-mecaniques-aux-communes-de-yaounde-i-et-yaounde-v\/#breadcrumb\",\"itemListElement\":[{\"@type\":\"ListItem\",\"position\":1,\"name\":\"Home\",\"item\":\"https:\/\/www.minhdu.gov.cm\/\"},{\"@type\":\"ListItem\",\"position\":2,\"name\":\"Hygi\u00e8ne et salubrit\u00e9 en milieu urbain\u00a0: Le MINHDU r\u00e9troc\u00e8de des balayeuses m\u00e9caniques aux Communes de Yaound\u00e9 I et Yaound\u00e9 V\"}]},{\"@type\":\"WebSite\",\"@id\":\"https:\/\/www.minhdu.gov.cm\/#website\",\"url\":\"https:\/\/www.minhdu.gov.cm\/\",\"name\":\"MINHDU\",\"description\":\"\",\"publisher\":{\"@id\":\"https:\/\/www.minhdu.gov.cm\/#organization\"},\"potentialAction\":[{\"@type\":\"SearchAction\",\"target\":{\"@type\":\"EntryPoint\",\"urlTemplate\":\"https:\/\/www.minhdu.gov.cm\/?s={search_term_string}\"},\"query-input\":\"required name=search_term_string\"}],\"inLanguage\":\"en-US\"},{\"@type\":\"Organization\",\"@id\":\"https:\/\/www.minhdu.gov.cm\/#organization\",\"name\":\"MINHDU\",\"url\":\"https:\/\/www.minhdu.gov.cm\/\",\"logo\":{\"@type\":\"ImageObject\",\"inLanguage\":\"en-US\",\"@id\":\"https:\/\/www.minhdu.gov.cm\/#\/schema\/logo\/image\/\",\"url\":\"https:\/\/www.minhdu.gov.cm\/wp-content\/uploads\/2022\/06\/minhdu2.png\",\"contentUrl\":\"https:\/\/www.minhdu.gov.cm\/wp-content\/uploads\/2022\/06\/minhdu2.png\",\"width\":250,\"height\":250,\"caption\":\"MINHDU\"},\"image\":{\"@id\":\"https:\/\/www.minhdu.gov.cm\/#\/schema\/logo\/image\/\"},\"sameAs\":[\"https:\/\/www.facebook.com\/cameroun.minhdu\/\",\"https:\/\/twitter.com\/cameroun_minhdu\"]},{\"@type\":\"Person\",\"@id\":\"https:\/\/www.minhdu.gov.cm\/#\/schema\/person\/c61df26fe5549240307ce9b94d3cb200\",\"name\":\"cyrille KANMEGNE\",\"image\":{\"@type\":\"ImageObject\",\"inLanguage\":\"en-US\",\"@id\":\"https:\/\/www.minhdu.gov.cm\/#\/schema\/person\/image\/\",\"url\":\"https:\/\/secure.gravatar.com\/avatar\/102efbb533371bbc74209b8d3e5249c16429472681935a7ca9544edbeb4e34e9?s=96&d=mm&r=g\",\"contentUrl\":\"https:\/\/secure.gravatar.com\/avatar\/102efbb533371bbc74209b8d3e5249c16429472681935a7ca9544edbeb4e34e9?s=96&d=mm&r=g\",\"caption\":\"cyrille KANMEGNE\"},\"url\":\"https:\/\/www.minhdu.gov.cm\/author\/cyrille\/\"}]}<\/script>\n<!-- \/ Yoast SEO plugin. -->","yoast_head_json":{"title":"Hygi\u00e8ne et salubrit\u00e9 en milieu urbain\u00a0: Le MINHDU r\u00e9troc\u00e8de des balayeuses m\u00e9caniques aux Communes de Yaound\u00e9 I et Yaound\u00e9 V","description":"Le ministre de l\u2019Habitat et du D\u00e9veloppement urbain a pr\u00e9sid\u00e9, le lundi 26 janvier 2026, la c\u00e9r\u00e9monie de r\u00e9trocession des balayeuses m\u00e9caniques aux Communes de Yaound\u00e9 1er et Yaound\u00e9 5\u00e8me. Une r\u00e9trocession qui participe au renforcement des capacit\u00e9s op\u00e9rationnelles des Collectivit\u00e9s Territoriales D\u00e9centralis\u00e9es en mati\u00e8re d\u2019hygi\u00e8ne et de salubrit\u00e9 publique, et s\u2019inscrivant dans une dynamique&hellip;","robots":{"index":"index","follow":"follow","max-snippet":"max-snippet:-1","max-image-preview":"max-image-preview:large","max-video-preview":"max-video-preview:-1"},"canonical":"https:\/\/www.minhdu.gov.cm\/hygiene-et-salubrite-en-milieu-urbain-le-minhdu-retrocede-des-balayeuses-mecaniques-aux-communes-de-yaounde-i-et-yaounde-v\/","og_locale":"en_US","og_type":"article","og_title":"Hygi\u00e8ne et salubrit\u00e9 en milieu urbain\u00a0: Le MINHDU r\u00e9troc\u00e8de des balayeuses m\u00e9caniques aux Communes de Yaound\u00e9 I et Yaound\u00e9 V","og_description":"Le ministre de l\u2019Habitat et du D\u00e9veloppement urbain a pr\u00e9sid\u00e9, le lundi 26 janvier 2026, la c\u00e9r\u00e9monie de r\u00e9trocession des balayeuses m\u00e9caniques aux Communes de Yaound\u00e9 1er et Yaound\u00e9 5\u00e8me. Une r\u00e9trocession qui participe au renforcement des capacit\u00e9s op\u00e9rationnelles des Collectivit\u00e9s Territoriales D\u00e9centralis\u00e9es en mati\u00e8re d\u2019hygi\u00e8ne et de salubrit\u00e9 publique, et s\u2019inscrivant dans une dynamique&hellip;","og_url":"https:\/\/www.minhdu.gov.cm\/hygiene-et-salubrite-en-milieu-urbain-le-minhdu-retrocede-des-balayeuses-mecaniques-aux-communes-de-yaounde-i-et-yaounde-v\/","og_site_name":"MINHDU","article_publisher":"https:\/\/www.facebook.com\/cameroun.minhdu\/","article_published_time":"2026-01-27T11:49:06+00:00","article_modified_time":"2026-01-28T13:03:18+00:00","og_image":[{"width":1227,"height":628,"url":"https:\/\/www.minhdu.gov.cm\/wp-content\/uploads\/2026\/01\/une1-1.jpeg","type":"image\/jpeg"}],"author":"cyrille KANMEGNE","twitter_card":"summary_large_image","twitter_creator":"@cameroun_minhdu","twitter_site":"@cameroun_minhdu","twitter_misc":{"Written by":"cyrille KANMEGNE","Est. reading time":"8 minutes"},"schema":{"@context":"https:\/\/schema.org","@graph":[{"@type":"Article","@id":"https:\/\/www.minhdu.gov.cm\/hygiene-et-salubrite-en-milieu-urbain-le-minhdu-retrocede-des-balayeuses-mecaniques-aux-communes-de-yaounde-i-et-yaounde-v\/#article","isPartOf":{"@id":"https:\/\/www.minhdu.gov.cm\/hygiene-et-salubrite-en-milieu-urbain-le-minhdu-retrocede-des-balayeuses-mecaniques-aux-communes-de-yaounde-i-et-yaounde-v\/"},"author":{"name":"cyrille KANMEGNE","@id":"https:\/\/www.minhdu.gov.cm\/#\/schema\/person\/c61df26fe5549240307ce9b94d3cb200"},"headline":"Hygi\u00e8ne et salubrit\u00e9 en milieu urbain\u00a0: Le MINHDU r\u00e9troc\u00e8de des balayeuses m\u00e9caniques aux Communes de Yaound\u00e9 I et Yaound\u00e9 V","datePublished":"2026-01-27T11:49:06+00:00","dateModified":"2026-01-28T13:03:18+00:00","mainEntityOfPage":{"@id":"https:\/\/www.minhdu.gov.cm\/hygiene-et-salubrite-en-milieu-urbain-le-minhdu-retrocede-des-balayeuses-mecaniques-aux-communes-de-yaounde-i-et-yaounde-v\/"},"wordCount":1412,"commentCount":0,"publisher":{"@id":"https:\/\/www.minhdu.gov.cm\/#organization"},"articleSection":["spotlight","Region News","Flash-infos","Recent News"],"inLanguage":"en-US","potentialAction":[{"@type":"CommentAction","name":"Comment","target":["https:\/\/www.minhdu.gov.cm\/hygiene-et-salubrite-en-milieu-urbain-le-minhdu-retrocede-des-balayeuses-mecaniques-aux-communes-de-yaounde-i-et-yaounde-v\/#respond"]}]},{"@type":"WebPage","@id":"https:\/\/www.minhdu.gov.cm\/hygiene-et-salubrite-en-milieu-urbain-le-minhdu-retrocede-des-balayeuses-mecaniques-aux-communes-de-yaounde-i-et-yaounde-v\/","url":"https:\/\/www.minhdu.gov.cm\/hygiene-et-salubrite-en-milieu-urbain-le-minhdu-retrocede-des-balayeuses-mecaniques-aux-communes-de-yaounde-i-et-yaounde-v\/","name":"Hygi\u00e8ne et salubrit\u00e9 en milieu urbain\u00a0: Le MINHDU r\u00e9troc\u00e8de des balayeuses m\u00e9caniques aux Communes de Yaound\u00e9 I et Yaound\u00e9 V - MINHDU","isPartOf":{"@id":"https:\/\/www.minhdu.gov.cm\/#website"},"datePublished":"2026-01-27T11:49:06+00:00","dateModified":"2026-01-28T13:03:18+00:00","breadcrumb":{"@id":"https:\/\/www.minhdu.gov.cm\/hygiene-et-salubrite-en-milieu-urbain-le-minhdu-retrocede-des-balayeuses-mecaniques-aux-communes-de-yaounde-i-et-yaounde-v\/#breadcrumb"},"inLanguage":"en-US","potentialAction":[{"@type":"ReadAction","target":["https:\/\/www.minhdu.gov.cm\/hygiene-et-salubrite-en-milieu-urbain-le-minhdu-retrocede-des-balayeuses-mecaniques-aux-communes-de-yaounde-i-et-yaounde-v\/"]}]},{"@type":"BreadcrumbList","@id":"https:\/\/www.minhdu.gov.cm\/hygiene-et-salubrite-en-milieu-urbain-le-minhdu-retrocede-des-balayeuses-mecaniques-aux-communes-de-yaounde-i-et-yaounde-v\/#breadcrumb","itemListElement":[{"@type":"ListItem","position":1,"name":"Home","item":"https:\/\/www.minhdu.gov.cm\/"},{"@type":"ListItem","position":2,"name":"Hygi\u00e8ne et salubrit\u00e9 en milieu urbain\u00a0: Le MINHDU r\u00e9troc\u00e8de des balayeuses m\u00e9caniques aux Communes de Yaound\u00e9 I et Yaound\u00e9 V"}]},{"@type":"WebSite","@id":"https:\/\/www.minhdu.gov.cm\/#website","url":"https:\/\/www.minhdu.gov.cm\/","name":"MINHDU","description":"","publisher":{"@id":"https:\/\/www.minhdu.gov.cm\/#organization"},"potentialAction":[{"@type":"SearchAction","target":{"@type":"EntryPoint","urlTemplate":"https:\/\/www.minhdu.gov.cm\/?s={search_term_string}"},"query-input":"required name=search_term_string"}],"inLanguage":"en-US"},{"@type":"Organization","@id":"https:\/\/www.minhdu.gov.cm\/#organization","name":"MINHDU","url":"https:\/\/www.minhdu.gov.cm\/","logo":{"@type":"ImageObject","inLanguage":"en-US","@id":"https:\/\/www.minhdu.gov.cm\/#\/schema\/logo\/image\/","url":"https:\/\/www.minhdu.gov.cm\/wp-content\/uploads\/2022\/06\/minhdu2.png","contentUrl":"https:\/\/www.minhdu.gov.cm\/wp-content\/uploads\/2022\/06\/minhdu2.png","width":250,"height":250,"caption":"MINHDU"},"image":{"@id":"https:\/\/www.minhdu.gov.cm\/#\/schema\/logo\/image\/"},"sameAs":["https:\/\/www.facebook.com\/cameroun.minhdu\/","https:\/\/twitter.com\/cameroun_minhdu"]},{"@type":"Person","@id":"https:\/\/www.minhdu.gov.cm\/#\/schema\/person\/c61df26fe5549240307ce9b94d3cb200","name":"cyrille KANMEGNE","image":{"@type":"ImageObject","inLanguage":"en-US","@id":"https:\/\/www.minhdu.gov.cm\/#\/schema\/person\/image\/","url":"https:\/\/secure.gravatar.com\/avatar\/102efbb533371bbc74209b8d3e5249c16429472681935a7ca9544edbeb4e34e9?s=96&d=mm&r=g","contentUrl":"https:\/\/secure.gravatar.com\/avatar\/102efbb533371bbc74209b8d3e5249c16429472681935a7ca9544edbeb4e34e9?s=96&d=mm&r=g","caption":"cyrille KANMEGNE"},"url":"https:\/\/www.minhdu.gov.cm\/author\/cyrille\/"}]}},"_links":{"self":[{"href":"https:\/\/www.minhdu.gov.cm\/wp-json\/wp\/v2\/posts\/21295","targetHints":{"allow":["GET"]}}],"collection":[{"href":"https:\/\/www.minhdu.gov.cm\/wp-json\/wp\/v2\/posts"}],"about":[{"href":"https:\/\/www.minhdu.gov.cm\/wp-json\/wp\/v2\/types\/post"}],"author":[{"embeddable":true,"href":"https:\/\/www.minhdu.gov.cm\/wp-json\/wp\/v2\/users\/18"}],"replies":[{"embeddable":true,"href":"https:\/\/www.minhdu.gov.cm\/wp-json\/wp\/v2\/comments?post=21295"}],"version-history":[{"count":1,"href":"https:\/\/www.minhdu.gov.cm\/wp-json\/wp\/v2\/posts\/21295\/revisions"}],"predecessor-version":[{"id":21306,"href":"https:\/\/www.minhdu.gov.cm\/wp-json\/wp\/v2\/posts\/21295\/revisions\/21306"}],"wp:featuredmedia":[{"embeddable":true,"href":"https:\/\/www.minhdu.gov.cm\/wp-json\/wp\/v2\/media\/21317"}],"wp:attachment":[{"href":"https:\/\/www.minhdu.gov.cm\/wp-json\/wp\/v2\/media?parent=21295"}],"wp:term":[{"taxonomy":"category","embeddable":true,"href":"https:\/\/www.minhdu.gov.cm\/wp-json\/wp\/v2\/categories?post=21295"},{"taxonomy":"post_tag","embeddable":true,"href":"https:\/\/www.minhdu.gov.cm\/wp-json\/wp\/v2\/tags?post=21295"},{"taxonomy":"post_folder","embeddable":true,"href":"https:\/\/www.minhdu.gov.cm\/wp-json\/wp\/v2\/post_folder?post=21295"}],"curies":[{"name":"wp","href":"https:\/\/api.w.org\/{rel}","templated":true}]}}