{"id":21307,"date":"2026-01-28T13:49:51","date_gmt":"2026-01-28T12:49:51","guid":{"rendered":"https:\/\/www.minhdu.gov.cm\/?p=21307"},"modified":"2026-01-28T13:59:19","modified_gmt":"2026-01-28T12:59:19","slug":"voirie-urbaine-le-minhdu-evalue-lavancement-des-travaux-du-projet-yaounde-coeur-de-ville-et-dautres-projets-de-rehabilitation-des-voiries","status":"publish","type":"post","link":"https:\/\/www.minhdu.gov.cm\/voirie-urbaine-le-minhdu-evalue-lavancement-des-travaux-du-projet-yaounde-coeur-de-ville-et-dautres-projets-de-rehabilitation-des-voiries\/","title":{"rendered":"Voirie urbaine : Le MINHDU \u00e9value l\u2019avancement des travaux du Projet \u00ab\u00a0Yaound\u00e9 C\u0153ur de Ville\u00a0\u00bb\u00a0et d\u2019autres projets de r\u00e9habilitation des voiries"},"content":{"rendered":"\n<p>Le Ministre de l\u2019Habitat et du D\u00e9veloppement urbain accompagn\u00e9 de Monsieur l\u2019Ambassadeur de France au Cameroun, Son Excellence \ud835\udc12\ud835\udc32\ud835\udc25\ud835\udc2f\ud835\udc1a\ud835\udc22\ud835\udc27 \ud835\udc11\ud835\udc22\ud835\udc2a\ud835\udc2e\ud835\udc22\ud835\udc1e\ud835\udc2b, a effectu\u00e9, ce 27 janvier 2026, une visite d\u2019inspection et d\u2019\u00e9valuation des chantiers du projet <em>\u00ab Yaound\u00e9 c\u0153ur de ville \u00bb<\/em> et des travaux de r\u00e9habilitation des voiries structurantes dans certains quartiers de la cit\u00e9 capitale.<\/p>\n\n\n\n<p>Cette visite avait pour objectifs de :<\/p>\n\n\n\n<ul class=\"wp-block-list\">\n<li>Proc\u00e9der \u00e0 une inspection technique rigoureuse du niveau d&#8217;avancement physique des travaux (actuellement \u00e9valu\u00e9 \u00e0 12% pour la composante structurante).<\/li>\n\n\n\n<li>\u00c9valuer les contraintes op\u00e9rationnelles, notamment les retards li\u00e9s \u00e0 la lib\u00e9ration des emprises et \u00e0 la mise en \u0153uvre du Plan d&#8217;Action de R\u00e9installation du projet YCV (PAR).<\/li>\n\n\n\n<li>Prescrire des orientations strat\u00e9giques et op\u00e9rationnelles pour garantir le respect des d\u00e9lais contractuels.<\/li>\n<\/ul>\n\n\n\n<p>A l\u2019issue de cette descente, des recommandations ont \u00e9t\u00e9 formul\u00e9es, \u00e0 savoir&nbsp;:<\/p>\n\n\n\n<ul class=\"wp-block-list\">\n<li>Les entreprises doivent \u00e9laborer et transmettre leurs plannings d\u2019ach\u00e8vement des travaux ;<\/li>\n\n\n\n<li>Les entreprises sont invit\u00e9es \u00e0 intensifier la signalisation temporaire des chantiers avec les diff\u00e9rents panneaux usuels, \u00e0 savoir\u00a0: les panneaux de prescription, les panneaux de danger, les panneaux de travaux et les panneaux d\u2019indication.\u00a0<\/li>\n\n\n\n<li>Les maires sont pri\u00e9s de sensibiliser les populations pour une meilleure appropriation des travaux ainsi que le maintien de l\u2019\u00e9tat de salubrit\u00e9 apr\u00e8s les travaux\u00a0;<\/li>\n\n\n\n<li>Le Gouverneur de la R\u00e9gion du Centre et les Pr\u00e9fets sont charg\u00e9s de veiller, en liaison avec les Forces de Maintien de l\u2019ordre \u00e0 la gestion du trafic pendant des travaux afin de diminuer les risques d\u2019embouteillages.<\/li>\n<\/ul>\n\n\n\n<p>Pour rappel, dans l\u2019optique de moderniser la physionomie urbaine et d\u2019optimiser la mobilit\u00e9 au sein de la capitale, le Gouvernement de la R\u00e9publique du Cameroun, en application des hautes directives du Pr\u00e9sident de la R\u00e9publique, \u00e0 travers le Minist\u00e8re de l\u2019Habitat et du D\u00e9veloppement Urbain (MINHDU), a initi\u00e9 un vaste programme de restructuration des infrastructures routi\u00e8res. Ce programme vise \u00e0 pallier la d\u00e9gradation avanc\u00e9e de certains axes n\u00e9vralgiques qui entravent la fluidit\u00e9 du trafic et compromettent la s\u00e9curit\u00e9 des usagers.<\/p>\n\n\n\n<p>Le projet <strong>\u00ab Yaound\u00e9 C\u0153ur de Ville \u00bb (YCDV)<\/strong> constitue la pierre angulaire de cette strat\u00e9gie, b\u00e9n\u00e9ficiant d&#8217;un appui structurel via le Contrat de D\u00e9sendettement et de D\u00e9veloppement (C2D) en partenariat avec la France.<\/p>\n\n\n\n<figure class=\"wp-block-image size-large\"><img loading=\"lazy\" decoding=\"async\" width=\"1024\" height=\"355\" src=\"https:\/\/www.minhdu.gov.cm\/wp-content\/uploads\/2026\/01\/0-1024x355.jpeg\" alt=\"\" class=\"wp-image-21308\"\/><\/figure>\n\n\n\n<p><strong><u>Pr\u00e9sentation du Programme \u00ab&nbsp;Yaound\u00e9 C\u0153ur de Ville&nbsp;\u00bb<\/u><\/strong><\/p>\n\n\n\n<p>Le programme YCDV est structur\u00e9 autour de deux composantes majeures visant une transformation profonde et durable de l&#8217;\u00e9cosyst\u00e8me urbain :<\/p>\n\n\n\n<ul class=\"wp-block-list\">\n<li><strong>Composante 1 : Travaux Structurants (Am\u00e9nagements de grande envergure)<\/strong> Ce volet, confi\u00e9 au Groupement RAZEL CAMEROUN SA \/ RAZEL BEC SAS pour un montant global de <strong>35 889 337 566 FCFA TTC<\/strong> et un d\u00e9lai d&#8217;ex\u00e9cution de 30 mois, cible les points de congestion majeurs de la cit\u00e9.\n<ul class=\"wp-block-list\">\n<li><strong>P\u00f4le Mvan :<\/strong> R\u00e9am\u00e9nagement complet du carrefour avec mise en place de feux de signalisation et requalification des rues adjacentes (8.078, 8.055, 8.162) en <strong>2&#215;2 voies<\/strong> sur des lin\u00e9aires significatifs. Il comprend \u00e9galement la construction d&#8217;une <strong>gare routi\u00e8re moderne de 2 hectares<\/strong> incluant 1 500 m\u00b2 de b\u00e2timents.<\/li>\n\n\n\n<li><strong>P\u00f4le Elig-Effa \/ Messa :<\/strong> R\u00e9alisation d&#8217;un <strong>passage souterrain \u00e0 gabarit r\u00e9duit de 123 m\u00e8tres<\/strong> de long sous la rue 2.700, am\u00e9nagement d&#8217;un giratoire et d&#8217;un square urbain paysager de 3 000 m\u00b2. Une nouvelle gare routi\u00e8re de 8 500 m\u00b2 remplacera l&#8217;existante pour rationaliser le transport vers l&#8217;Ouest.<\/li>\n<\/ul>\n<\/li>\n\n\n\n<li><strong>Composante 2 : Actions \u00e0 Impacts Rapides (Am\u00e9nagements de proximit\u00e9)<\/strong> D\u2019un montant de <strong>3 085 098 390 FCFA TTC<\/strong>, cette composante ex\u00e9cut\u00e9e par RAZEL CAMEROUN vise des r\u00e9sultats imm\u00e9diats sur la fluidit\u00e9 et le confort des citadins.\n<ul class=\"wp-block-list\">\n<li><strong>Optimisation des carrefours :<\/strong> Travaux d&#8217;am\u00e9nagement l\u00e9ger aux carrefours <strong>Awa\u00e9 Escalier<\/strong> et <strong>Sous-Manguier<\/strong>, incluant la r\u00e9fection de la chauss\u00e9e, l&#8217;assainissement, et l&#8217;installation de signalisation lumineuse tricolore.<\/li>\n\n\n\n<li><strong>Infrastructures de transport artisanal :<\/strong> Am\u00e9nagement de terminus et d&#8217;arr\u00eats minibus sur la rue Marcel Jezouin (Tr\u00e9sor) et l&#8217;avenue Mvog Fouda Ada (SOA), dot\u00e9s de quais, d&#8217;auvents et de blocs sanitaires.<\/li>\n\n\n\n<li><strong>Approche Participative :<\/strong> Mise en \u0153uvre de cheminements pi\u00e9tons et d&#8217;acc\u00e8s s\u00e9curis\u00e9s aux \u00e9tablissements scolaires via une m\u00e9thodologie de <strong>\u00ab P\u00e9pini\u00e8re Urbaine \u00bb<\/strong> impliquant les populations locales.<\/li>\n<\/ul>\n<\/li>\n<\/ul>\n\n\n\n<p><strong>Travaux de r\u00e9habilitation du tron\u00e7on \u00ab&nbsp;Entr\u00e9e H\u00f4pital Central \u2013 Carrefour Messa \u2013March\u00e9 Mokolo&nbsp;\u00bb et du tron\u00e7on<\/strong> <strong>\u00ab Carrefour Entr\u00e9e R\u00e9sidence PM \u2013 Entr\u00e9e arri\u00e8re ENAM \u2013 Intersection Rue quartier G\u00e9n\u00e9ral \u00bb par l\u2019entreprise RAZEL<\/strong>.<\/p>\n\n\n\n<p>Ledit projet en cours d\u2019ex\u00e9cution connait un taux d\u2019ex\u00e9cution de 37% sur la tranche ferme. Ce sont des tron\u00e7ons de voie dont la r\u00e9habilitation contribuera \u00e0 faciliter la mobilit\u00e9 et changer l\u2019image de la ville de Yaound\u00e9.<\/p>\n\n\n\n<p><strong><u>Le Projet pilote de construction des points de regroupement des d\u00e9chets dans la ville de Yaound\u00e9<\/u><\/strong><\/p>\n\n\n\n<p>Une enveloppe de 1 100 000 000 FCFA avait \u00e9t\u00e9 allou\u00e9e \u00e0 la construction des points modernes de regroupement des d\u00e9chets dans la ville de Yaound\u00e9. Cette enveloppe a \u00e9t\u00e9 r\u00e9partie comme suit:<\/p>\n\n\n\n<ul class=\"wp-block-list\">\n<li>100 000 000 FCFA en gestion centrale pour la construction de 03 refuges modernes et 02 abris bacs (march\u00e9 Etoudi, march\u00e9 Mokolo, Ahala-Santa Lucia, Immeubles Minist\u00e9riels N\u00b01 et N\u00b02) ;<\/li>\n\n\n\n<li>1 000 000 000 FCFA transf\u00e9r\u00e9 au D\u00e9l\u00e9gu\u00e9 R\u00e9gional MINHDU\/Centre par d\u00e9l\u00e9gation ponctuelle pour l\u2019ex\u00e9cution des travaux de construction des points de regroupement des d\u00e9chets dans les sept (07) Communes d\u2019Arrondissement de Yaound\u00e9 suivant la d\u00e9cision n\u00b00138\/E\/2\/D\/MINHDU\/SG\/DAG\/SDBMM\/SBM du 23 avril 2025.<\/li>\n<\/ul>\n\n\n\n<p>Pour ce qui est des travaux ex\u00e9cut\u00e9s en gestion centrale par le groupement PREST-QUA-SUP\/ESCOM pour un d\u00e9lai initial de 4 mois, le taux d\u2019ex\u00e9cution \u00e0 date est de 49% contre une consommation des d\u00e9lais de 150%. Au regard de ce retard, une lettre d\u2019observation et une mise en demeure ont \u00e9t\u00e9 servies \u00e0 l\u2019entreprise. A ce jour, il convient de relever que les travaux ont repris sur le terrain par la suite de travaux d\u2019ex\u00e9cution du refuge d\u2019Ahala et le d\u00e9marrage du refuge de Mokolo.<\/p>\n\n\n\n<p>En d\u00e9finitive, le projet <strong>Yaound\u00e9 C\u0153ur de Ville<\/strong> agit comme une <strong>intervention chirurgicale sur le syst\u00e8me circulatoire<\/strong> de la capitale. La Composante 1 repr\u00e9sente la reconstruction des &#8220;art\u00e8res principales&#8221; (carrefours et tunnels) pour assurer un flux massif et p\u00e9renne, tandis que la Composante 2 s&#8217;apparente \u00e0 des &#8220;soins de premiers secours&#8221; (am\u00e9nagements rapides) pour soulager imm\u00e9diatement la congestion dans les quartiers et am\u00e9liorer le quotidien des usagers.<\/p>\n\n\n\n<p><\/p>\n\n\n\n<figure class=\"wp-block-gallery has-nested-images columns-default is-cropped wp-block-gallery-1 is-layout-flex wp-block-gallery-is-layout-flex\">\n<figure class=\"wp-block-image size-large\"><img loading=\"lazy\" decoding=\"async\" width=\"1024\" height=\"768\" data-id=\"21311\" src=\"https:\/\/www.minhdu.gov.cm\/wp-content\/uploads\/2026\/01\/3-1024x768.jpeg\" alt=\"\" class=\"wp-image-21311\"\/><\/figure>\n\n\n\n<figure class=\"wp-block-image size-large\"><img loading=\"lazy\" decoding=\"async\" width=\"1024\" height=\"768\" data-id=\"21312\" src=\"https:\/\/www.minhdu.gov.cm\/wp-content\/uploads\/2026\/01\/4-1024x768.jpeg\" alt=\"\" class=\"wp-image-21312\"\/><\/figure>\n\n\n\n<figure class=\"wp-block-image size-large\"><img loading=\"lazy\" decoding=\"async\" width=\"1024\" height=\"768\" data-id=\"21313\" src=\"https:\/\/www.minhdu.gov.cm\/wp-content\/uploads\/2026\/01\/5-1024x768.jpeg\" alt=\"\" class=\"wp-image-21313\"\/><\/figure>\n\n\n\n<figure class=\"wp-block-image size-large\"><img loading=\"lazy\" decoding=\"async\" width=\"1024\" height=\"768\" data-id=\"21310\" src=\"https:\/\/www.minhdu.gov.cm\/wp-content\/uploads\/2026\/01\/2-1024x768.jpeg\" alt=\"\" class=\"wp-image-21310\"\/><\/figure>\n\n\n\n<figure class=\"wp-block-image size-large\"><img loading=\"lazy\" decoding=\"async\" width=\"1024\" height=\"743\" data-id=\"21309\" src=\"https:\/\/www.minhdu.gov.cm\/wp-content\/uploads\/2026\/01\/1-1024x743.jpeg\" alt=\"\" class=\"wp-image-21309\"\/><\/figure>\n<\/figure>\n<span class=\"et_bloom_bottom_trigger\"><\/span>","protected":false},"excerpt":{"rendered":"<p>Le Ministre de l\u2019Habitat et du D\u00e9veloppement urbain accompagn\u00e9 de Monsieur l\u2019Ambassadeur de France au Cameroun, Son Excellence \ud835\udc12\ud835\udc32\ud835\udc25\ud835\udc2f\ud835\udc1a\ud835\udc22\ud835\udc27 \ud835\udc11\ud835\udc22\ud835\udc2a\ud835\udc2e\ud835\udc22\ud835\udc1e\ud835\udc2b, a effectu\u00e9, ce 27 janvier 2026, une visite d\u2019inspection et [&hellip;]<\/p>\n","protected":false},"author":18,"featured_media":21316,"comment_status":"open","ping_status":"open","sticky":false,"template":"","format":"standard","meta":{"_et_pb_use_builder":"off","_et_pb_old_content":"","_et_gb_content_width":"","_EventAllDay":false,"_EventTimezone":"","_EventStartDate":"","_EventEndDate":"","_EventStartDateUTC":"","_EventEndDateUTC":"","_EventShowMap":false,"_EventShowMapLink":false,"_EventURL":"","_EventCost":"","_EventCostDescription":"","_EventCurrencySymbol":"","_EventCurrencyCode":"","_EventCurrencyPosition":"","_EventDateTimeSeparator":"","_EventTimeRangeSeparator":"","_EventOrganizerID":[],"_EventVenueID":0,"_OrganizerEmail":"","_OrganizerPhone":"","_OrganizerWebsite":"","_VenueAddress":"","_VenueCity":"","_VenueCountry":"","_VenueProvince":"","_VenueZip":"","_VenuePhone":"","_VenueURL":"","_VenueStateProvince":"","_VenueLat":"","_VenueLng":"","footnotes":""},"categories":[8,42],"tags":[],"post_folder":[],"class_list":["post-21307","post","type-post","status-publish","format-standard","has-post-thumbnail","hentry","category-spotlight","category-recent-news"],"yoast_head":"<!-- This site is optimized with the Yoast SEO plugin v19.13 - https:\/\/yoast.com\/wordpress\/plugins\/seo\/ -->\n<title>Voirie urbaine : Le MINHDU \u00e9value l\u2019avancement des travaux du Projet \u00ab\u00a0Yaound\u00e9 C\u0153ur de Ville\u00a0\u00bb\u00a0et d\u2019autres projets de r\u00e9habilitation des voiries<\/title>\n<meta name=\"description\" content=\"Le Ministre de l\u2019Habitat et du D\u00e9veloppement urbain accompagn\u00e9 de Monsieur l\u2019Ambassadeur de France au Cameroun, Son Excellence \ud835\udc12\ud835\udc32\ud835\udc25\ud835\udc2f\ud835\udc1a\ud835\udc22\ud835\udc27 \ud835\udc11\ud835\udc22\ud835\udc2a\ud835\udc2e\ud835\udc22\ud835\udc1e\ud835\udc2b, a effectu\u00e9, ce 27 janvier 2026, une visite d\u2019inspection et d\u2019\u00e9valuation des chantiers du projet \u00ab Yaound\u00e9 c\u0153ur de ville \u00bb et des travaux de r\u00e9habilitation des voiries structurantes dans certains quartiers de la cit\u00e9&hellip;\" \/>\n<meta name=\"robots\" content=\"index, follow, max-snippet:-1, max-image-preview:large, max-video-preview:-1\" \/>\n<link rel=\"canonical\" href=\"https:\/\/www.minhdu.gov.cm\/voirie-urbaine-le-minhdu-evalue-lavancement-des-travaux-du-projet-yaounde-coeur-de-ville-et-dautres-projets-de-rehabilitation-des-voiries\/\" \/>\n<meta property=\"og:locale\" content=\"en_US\" \/>\n<meta property=\"og:type\" content=\"article\" \/>\n<meta property=\"og:title\" content=\"Voirie urbaine : Le MINHDU \u00e9value l\u2019avancement des travaux du Projet \u00ab\u00a0Yaound\u00e9 C\u0153ur de Ville\u00a0\u00bb\u00a0et d\u2019autres projets de r\u00e9habilitation des voiries\" \/>\n<meta property=\"og:description\" content=\"Le Ministre de l\u2019Habitat et du D\u00e9veloppement urbain accompagn\u00e9 de Monsieur l\u2019Ambassadeur de France au Cameroun, Son Excellence \ud835\udc12\ud835\udc32\ud835\udc25\ud835\udc2f\ud835\udc1a\ud835\udc22\ud835\udc27 \ud835\udc11\ud835\udc22\ud835\udc2a\ud835\udc2e\ud835\udc22\ud835\udc1e\ud835\udc2b, a effectu\u00e9, ce 27 janvier 2026, une visite d\u2019inspection et d\u2019\u00e9valuation des chantiers du projet \u00ab Yaound\u00e9 c\u0153ur de ville \u00bb et des travaux de r\u00e9habilitation des voiries structurantes dans certains quartiers de la cit\u00e9&hellip;\" \/>\n<meta property=\"og:url\" content=\"https:\/\/www.minhdu.gov.cm\/voirie-urbaine-le-minhdu-evalue-lavancement-des-travaux-du-projet-yaounde-coeur-de-ville-et-dautres-projets-de-rehabilitation-des-voiries\/\" \/>\n<meta property=\"og:site_name\" content=\"MINHDU\" \/>\n<meta property=\"article:publisher\" content=\"https:\/\/www.facebook.com\/cameroun.minhdu\/\" \/>\n<meta property=\"article:published_time\" content=\"2026-01-28T12:49:51+00:00\" \/>\n<meta property=\"article:modified_time\" content=\"2026-01-28T12:59:19+00:00\" \/>\n<meta property=\"og:image\" content=\"https:\/\/www.minhdu.gov.cm\/wp-content\/uploads\/2026\/01\/une1.jpeg\" \/>\n\t<meta property=\"og:image:width\" content=\"1007\" \/>\n\t<meta property=\"og:image:height\" content=\"619\" \/>\n\t<meta property=\"og:image:type\" content=\"image\/jpeg\" \/>\n<meta name=\"author\" content=\"cyrille KANMEGNE\" \/>\n<meta name=\"twitter:card\" content=\"summary_large_image\" \/>\n<meta name=\"twitter:creator\" content=\"@cameroun_minhdu\" \/>\n<meta name=\"twitter:site\" content=\"@cameroun_minhdu\" \/>\n<meta name=\"twitter:label1\" content=\"Written by\" \/>\n\t<meta name=\"twitter:data1\" content=\"cyrille KANMEGNE\" \/>\n\t<meta name=\"twitter:label2\" content=\"Est. reading time\" \/>\n\t<meta name=\"twitter:data2\" content=\"7 minutes\" \/>\n<script type=\"application\/ld+json\" class=\"yoast-schema-graph\">{\"@context\":\"https:\/\/schema.org\",\"@graph\":[{\"@type\":\"Article\",\"@id\":\"https:\/\/www.minhdu.gov.cm\/voirie-urbaine-le-minhdu-evalue-lavancement-des-travaux-du-projet-yaounde-coeur-de-ville-et-dautres-projets-de-rehabilitation-des-voiries\/#article\",\"isPartOf\":{\"@id\":\"https:\/\/www.minhdu.gov.cm\/voirie-urbaine-le-minhdu-evalue-lavancement-des-travaux-du-projet-yaounde-coeur-de-ville-et-dautres-projets-de-rehabilitation-des-voiries\/\"},\"author\":{\"name\":\"cyrille KANMEGNE\",\"@id\":\"https:\/\/www.minhdu.gov.cm\/#\/schema\/person\/c61df26fe5549240307ce9b94d3cb200\"},\"headline\":\"Voirie urbaine : Le MINHDU \u00e9value l\u2019avancement des travaux du Projet \u00ab\u00a0Yaound\u00e9 C\u0153ur de Ville\u00a0\u00bb\u00a0et d\u2019autres projets de r\u00e9habilitation des voiries\",\"datePublished\":\"2026-01-28T12:49:51+00:00\",\"dateModified\":\"2026-01-28T12:59:19+00:00\",\"mainEntityOfPage\":{\"@id\":\"https:\/\/www.minhdu.gov.cm\/voirie-urbaine-le-minhdu-evalue-lavancement-des-travaux-du-projet-yaounde-coeur-de-ville-et-dautres-projets-de-rehabilitation-des-voiries\/\"},\"wordCount\":1088,\"commentCount\":0,\"publisher\":{\"@id\":\"https:\/\/www.minhdu.gov.cm\/#organization\"},\"articleSection\":[\"spotlight\",\"Recent News\"],\"inLanguage\":\"en-US\",\"potentialAction\":[{\"@type\":\"CommentAction\",\"name\":\"Comment\",\"target\":[\"https:\/\/www.minhdu.gov.cm\/voirie-urbaine-le-minhdu-evalue-lavancement-des-travaux-du-projet-yaounde-coeur-de-ville-et-dautres-projets-de-rehabilitation-des-voiries\/#respond\"]}]},{\"@type\":\"WebPage\",\"@id\":\"https:\/\/www.minhdu.gov.cm\/voirie-urbaine-le-minhdu-evalue-lavancement-des-travaux-du-projet-yaounde-coeur-de-ville-et-dautres-projets-de-rehabilitation-des-voiries\/\",\"url\":\"https:\/\/www.minhdu.gov.cm\/voirie-urbaine-le-minhdu-evalue-lavancement-des-travaux-du-projet-yaounde-coeur-de-ville-et-dautres-projets-de-rehabilitation-des-voiries\/\",\"name\":\"Voirie urbaine : Le MINHDU \u00e9value l\u2019avancement des travaux du Projet \u00ab\u00a0Yaound\u00e9 C\u0153ur de Ville\u00a0\u00bb\u00a0et d\u2019autres projets de r\u00e9habilitation des voiries - MINHDU\",\"isPartOf\":{\"@id\":\"https:\/\/www.minhdu.gov.cm\/#website\"},\"datePublished\":\"2026-01-28T12:49:51+00:00\",\"dateModified\":\"2026-01-28T12:59:19+00:00\",\"breadcrumb\":{\"@id\":\"https:\/\/www.minhdu.gov.cm\/voirie-urbaine-le-minhdu-evalue-lavancement-des-travaux-du-projet-yaounde-coeur-de-ville-et-dautres-projets-de-rehabilitation-des-voiries\/#breadcrumb\"},\"inLanguage\":\"en-US\",\"potentialAction\":[{\"@type\":\"ReadAction\",\"target\":[\"https:\/\/www.minhdu.gov.cm\/voirie-urbaine-le-minhdu-evalue-lavancement-des-travaux-du-projet-yaounde-coeur-de-ville-et-dautres-projets-de-rehabilitation-des-voiries\/\"]}]},{\"@type\":\"BreadcrumbList\",\"@id\":\"https:\/\/www.minhdu.gov.cm\/voirie-urbaine-le-minhdu-evalue-lavancement-des-travaux-du-projet-yaounde-coeur-de-ville-et-dautres-projets-de-rehabilitation-des-voiries\/#breadcrumb\",\"itemListElement\":[{\"@type\":\"ListItem\",\"position\":1,\"name\":\"Home\",\"item\":\"https:\/\/www.minhdu.gov.cm\/\"},{\"@type\":\"ListItem\",\"position\":2,\"name\":\"Voirie urbaine : Le MINHDU \u00e9value l\u2019avancement des travaux du Projet \u00ab\u00a0Yaound\u00e9 C\u0153ur de Ville\u00a0\u00bb\u00a0et d\u2019autres projets de r\u00e9habilitation des voiries\"}]},{\"@type\":\"WebSite\",\"@id\":\"https:\/\/www.minhdu.gov.cm\/#website\",\"url\":\"https:\/\/www.minhdu.gov.cm\/\",\"name\":\"MINHDU\",\"description\":\"\",\"publisher\":{\"@id\":\"https:\/\/www.minhdu.gov.cm\/#organization\"},\"potentialAction\":[{\"@type\":\"SearchAction\",\"target\":{\"@type\":\"EntryPoint\",\"urlTemplate\":\"https:\/\/www.minhdu.gov.cm\/?s={search_term_string}\"},\"query-input\":\"required name=search_term_string\"}],\"inLanguage\":\"en-US\"},{\"@type\":\"Organization\",\"@id\":\"https:\/\/www.minhdu.gov.cm\/#organization\",\"name\":\"MINHDU\",\"url\":\"https:\/\/www.minhdu.gov.cm\/\",\"logo\":{\"@type\":\"ImageObject\",\"inLanguage\":\"en-US\",\"@id\":\"https:\/\/www.minhdu.gov.cm\/#\/schema\/logo\/image\/\",\"url\":\"https:\/\/www.minhdu.gov.cm\/wp-content\/uploads\/2022\/06\/minhdu2.png\",\"contentUrl\":\"https:\/\/www.minhdu.gov.cm\/wp-content\/uploads\/2022\/06\/minhdu2.png\",\"width\":250,\"height\":250,\"caption\":\"MINHDU\"},\"image\":{\"@id\":\"https:\/\/www.minhdu.gov.cm\/#\/schema\/logo\/image\/\"},\"sameAs\":[\"https:\/\/www.facebook.com\/cameroun.minhdu\/\",\"https:\/\/twitter.com\/cameroun_minhdu\"]},{\"@type\":\"Person\",\"@id\":\"https:\/\/www.minhdu.gov.cm\/#\/schema\/person\/c61df26fe5549240307ce9b94d3cb200\",\"name\":\"cyrille KANMEGNE\",\"image\":{\"@type\":\"ImageObject\",\"inLanguage\":\"en-US\",\"@id\":\"https:\/\/www.minhdu.gov.cm\/#\/schema\/person\/image\/\",\"url\":\"https:\/\/secure.gravatar.com\/avatar\/102efbb533371bbc74209b8d3e5249c16429472681935a7ca9544edbeb4e34e9?s=96&d=mm&r=g\",\"contentUrl\":\"https:\/\/secure.gravatar.com\/avatar\/102efbb533371bbc74209b8d3e5249c16429472681935a7ca9544edbeb4e34e9?s=96&d=mm&r=g\",\"caption\":\"cyrille KANMEGNE\"},\"url\":\"https:\/\/www.minhdu.gov.cm\/author\/cyrille\/\"}]}<\/script>\n<!-- \/ Yoast SEO plugin. -->","yoast_head_json":{"title":"Voirie urbaine : Le MINHDU \u00e9value l\u2019avancement des travaux du Projet \u00ab\u00a0Yaound\u00e9 C\u0153ur de Ville\u00a0\u00bb\u00a0et d\u2019autres projets de r\u00e9habilitation des voiries","description":"Le Ministre de l\u2019Habitat et du D\u00e9veloppement urbain accompagn\u00e9 de Monsieur l\u2019Ambassadeur de France au Cameroun, Son Excellence \ud835\udc12\ud835\udc32\ud835\udc25\ud835\udc2f\ud835\udc1a\ud835\udc22\ud835\udc27 \ud835\udc11\ud835\udc22\ud835\udc2a\ud835\udc2e\ud835\udc22\ud835\udc1e\ud835\udc2b, a effectu\u00e9, ce 27 janvier 2026, une visite d\u2019inspection et d\u2019\u00e9valuation des chantiers du projet \u00ab Yaound\u00e9 c\u0153ur de ville \u00bb et des travaux de r\u00e9habilitation des voiries structurantes dans certains quartiers de la cit\u00e9&hellip;","robots":{"index":"index","follow":"follow","max-snippet":"max-snippet:-1","max-image-preview":"max-image-preview:large","max-video-preview":"max-video-preview:-1"},"canonical":"https:\/\/www.minhdu.gov.cm\/voirie-urbaine-le-minhdu-evalue-lavancement-des-travaux-du-projet-yaounde-coeur-de-ville-et-dautres-projets-de-rehabilitation-des-voiries\/","og_locale":"en_US","og_type":"article","og_title":"Voirie urbaine : Le MINHDU \u00e9value l\u2019avancement des travaux du Projet \u00ab\u00a0Yaound\u00e9 C\u0153ur de Ville\u00a0\u00bb\u00a0et d\u2019autres projets de r\u00e9habilitation des voiries","og_description":"Le Ministre de l\u2019Habitat et du D\u00e9veloppement urbain accompagn\u00e9 de Monsieur l\u2019Ambassadeur de France au Cameroun, Son Excellence \ud835\udc12\ud835\udc32\ud835\udc25\ud835\udc2f\ud835\udc1a\ud835\udc22\ud835\udc27 \ud835\udc11\ud835\udc22\ud835\udc2a\ud835\udc2e\ud835\udc22\ud835\udc1e\ud835\udc2b, a effectu\u00e9, ce 27 janvier 2026, une visite d\u2019inspection et d\u2019\u00e9valuation des chantiers du projet \u00ab Yaound\u00e9 c\u0153ur de ville \u00bb et des travaux de r\u00e9habilitation des voiries structurantes dans certains quartiers de la cit\u00e9&hellip;","og_url":"https:\/\/www.minhdu.gov.cm\/voirie-urbaine-le-minhdu-evalue-lavancement-des-travaux-du-projet-yaounde-coeur-de-ville-et-dautres-projets-de-rehabilitation-des-voiries\/","og_site_name":"MINHDU","article_publisher":"https:\/\/www.facebook.com\/cameroun.minhdu\/","article_published_time":"2026-01-28T12:49:51+00:00","article_modified_time":"2026-01-28T12:59:19+00:00","og_image":[{"width":1007,"height":619,"url":"https:\/\/www.minhdu.gov.cm\/wp-content\/uploads\/2026\/01\/une1.jpeg","type":"image\/jpeg"}],"author":"cyrille KANMEGNE","twitter_card":"summary_large_image","twitter_creator":"@cameroun_minhdu","twitter_site":"@cameroun_minhdu","twitter_misc":{"Written by":"cyrille KANMEGNE","Est. reading time":"7 minutes"},"schema":{"@context":"https:\/\/schema.org","@graph":[{"@type":"Article","@id":"https:\/\/www.minhdu.gov.cm\/voirie-urbaine-le-minhdu-evalue-lavancement-des-travaux-du-projet-yaounde-coeur-de-ville-et-dautres-projets-de-rehabilitation-des-voiries\/#article","isPartOf":{"@id":"https:\/\/www.minhdu.gov.cm\/voirie-urbaine-le-minhdu-evalue-lavancement-des-travaux-du-projet-yaounde-coeur-de-ville-et-dautres-projets-de-rehabilitation-des-voiries\/"},"author":{"name":"cyrille KANMEGNE","@id":"https:\/\/www.minhdu.gov.cm\/#\/schema\/person\/c61df26fe5549240307ce9b94d3cb200"},"headline":"Voirie urbaine : Le MINHDU \u00e9value l\u2019avancement des travaux du Projet \u00ab\u00a0Yaound\u00e9 C\u0153ur de Ville\u00a0\u00bb\u00a0et d\u2019autres projets de r\u00e9habilitation des voiries","datePublished":"2026-01-28T12:49:51+00:00","dateModified":"2026-01-28T12:59:19+00:00","mainEntityOfPage":{"@id":"https:\/\/www.minhdu.gov.cm\/voirie-urbaine-le-minhdu-evalue-lavancement-des-travaux-du-projet-yaounde-coeur-de-ville-et-dautres-projets-de-rehabilitation-des-voiries\/"},"wordCount":1088,"commentCount":0,"publisher":{"@id":"https:\/\/www.minhdu.gov.cm\/#organization"},"articleSection":["spotlight","Recent News"],"inLanguage":"en-US","potentialAction":[{"@type":"CommentAction","name":"Comment","target":["https:\/\/www.minhdu.gov.cm\/voirie-urbaine-le-minhdu-evalue-lavancement-des-travaux-du-projet-yaounde-coeur-de-ville-et-dautres-projets-de-rehabilitation-des-voiries\/#respond"]}]},{"@type":"WebPage","@id":"https:\/\/www.minhdu.gov.cm\/voirie-urbaine-le-minhdu-evalue-lavancement-des-travaux-du-projet-yaounde-coeur-de-ville-et-dautres-projets-de-rehabilitation-des-voiries\/","url":"https:\/\/www.minhdu.gov.cm\/voirie-urbaine-le-minhdu-evalue-lavancement-des-travaux-du-projet-yaounde-coeur-de-ville-et-dautres-projets-de-rehabilitation-des-voiries\/","name":"Voirie urbaine : Le MINHDU \u00e9value l\u2019avancement des travaux du Projet \u00ab\u00a0Yaound\u00e9 C\u0153ur de Ville\u00a0\u00bb\u00a0et d\u2019autres projets de r\u00e9habilitation des voiries - MINHDU","isPartOf":{"@id":"https:\/\/www.minhdu.gov.cm\/#website"},"datePublished":"2026-01-28T12:49:51+00:00","dateModified":"2026-01-28T12:59:19+00:00","breadcrumb":{"@id":"https:\/\/www.minhdu.gov.cm\/voirie-urbaine-le-minhdu-evalue-lavancement-des-travaux-du-projet-yaounde-coeur-de-ville-et-dautres-projets-de-rehabilitation-des-voiries\/#breadcrumb"},"inLanguage":"en-US","potentialAction":[{"@type":"ReadAction","target":["https:\/\/www.minhdu.gov.cm\/voirie-urbaine-le-minhdu-evalue-lavancement-des-travaux-du-projet-yaounde-coeur-de-ville-et-dautres-projets-de-rehabilitation-des-voiries\/"]}]},{"@type":"BreadcrumbList","@id":"https:\/\/www.minhdu.gov.cm\/voirie-urbaine-le-minhdu-evalue-lavancement-des-travaux-du-projet-yaounde-coeur-de-ville-et-dautres-projets-de-rehabilitation-des-voiries\/#breadcrumb","itemListElement":[{"@type":"ListItem","position":1,"name":"Home","item":"https:\/\/www.minhdu.gov.cm\/"},{"@type":"ListItem","position":2,"name":"Voirie urbaine : Le MINHDU \u00e9value l\u2019avancement des travaux du Projet \u00ab\u00a0Yaound\u00e9 C\u0153ur de Ville\u00a0\u00bb\u00a0et d\u2019autres projets de r\u00e9habilitation des voiries"}]},{"@type":"WebSite","@id":"https:\/\/www.minhdu.gov.cm\/#website","url":"https:\/\/www.minhdu.gov.cm\/","name":"MINHDU","description":"","publisher":{"@id":"https:\/\/www.minhdu.gov.cm\/#organization"},"potentialAction":[{"@type":"SearchAction","target":{"@type":"EntryPoint","urlTemplate":"https:\/\/www.minhdu.gov.cm\/?s={search_term_string}"},"query-input":"required name=search_term_string"}],"inLanguage":"en-US"},{"@type":"Organization","@id":"https:\/\/www.minhdu.gov.cm\/#organization","name":"MINHDU","url":"https:\/\/www.minhdu.gov.cm\/","logo":{"@type":"ImageObject","inLanguage":"en-US","@id":"https:\/\/www.minhdu.gov.cm\/#\/schema\/logo\/image\/","url":"https:\/\/www.minhdu.gov.cm\/wp-content\/uploads\/2022\/06\/minhdu2.png","contentUrl":"https:\/\/www.minhdu.gov.cm\/wp-content\/uploads\/2022\/06\/minhdu2.png","width":250,"height":250,"caption":"MINHDU"},"image":{"@id":"https:\/\/www.minhdu.gov.cm\/#\/schema\/logo\/image\/"},"sameAs":["https:\/\/www.facebook.com\/cameroun.minhdu\/","https:\/\/twitter.com\/cameroun_minhdu"]},{"@type":"Person","@id":"https:\/\/www.minhdu.gov.cm\/#\/schema\/person\/c61df26fe5549240307ce9b94d3cb200","name":"cyrille KANMEGNE","image":{"@type":"ImageObject","inLanguage":"en-US","@id":"https:\/\/www.minhdu.gov.cm\/#\/schema\/person\/image\/","url":"https:\/\/secure.gravatar.com\/avatar\/102efbb533371bbc74209b8d3e5249c16429472681935a7ca9544edbeb4e34e9?s=96&d=mm&r=g","contentUrl":"https:\/\/secure.gravatar.com\/avatar\/102efbb533371bbc74209b8d3e5249c16429472681935a7ca9544edbeb4e34e9?s=96&d=mm&r=g","caption":"cyrille KANMEGNE"},"url":"https:\/\/www.minhdu.gov.cm\/author\/cyrille\/"}]}},"_links":{"self":[{"href":"https:\/\/www.minhdu.gov.cm\/wp-json\/wp\/v2\/posts\/21307","targetHints":{"allow":["GET"]}}],"collection":[{"href":"https:\/\/www.minhdu.gov.cm\/wp-json\/wp\/v2\/posts"}],"about":[{"href":"https:\/\/www.minhdu.gov.cm\/wp-json\/wp\/v2\/types\/post"}],"author":[{"embeddable":true,"href":"https:\/\/www.minhdu.gov.cm\/wp-json\/wp\/v2\/users\/18"}],"replies":[{"embeddable":true,"href":"https:\/\/www.minhdu.gov.cm\/wp-json\/wp\/v2\/comments?post=21307"}],"version-history":[{"count":1,"href":"https:\/\/www.minhdu.gov.cm\/wp-json\/wp\/v2\/posts\/21307\/revisions"}],"predecessor-version":[{"id":21315,"href":"https:\/\/www.minhdu.gov.cm\/wp-json\/wp\/v2\/posts\/21307\/revisions\/21315"}],"wp:featuredmedia":[{"embeddable":true,"href":"https:\/\/www.minhdu.gov.cm\/wp-json\/wp\/v2\/media\/21316"}],"wp:attachment":[{"href":"https:\/\/www.minhdu.gov.cm\/wp-json\/wp\/v2\/media?parent=21307"}],"wp:term":[{"taxonomy":"category","embeddable":true,"href":"https:\/\/www.minhdu.gov.cm\/wp-json\/wp\/v2\/categories?post=21307"},{"taxonomy":"post_tag","embeddable":true,"href":"https:\/\/www.minhdu.gov.cm\/wp-json\/wp\/v2\/tags?post=21307"},{"taxonomy":"post_folder","embeddable":true,"href":"https:\/\/www.minhdu.gov.cm\/wp-json\/wp\/v2\/post_folder?post=21307"}],"curies":[{"name":"wp","href":"https:\/\/api.w.org\/{rel}","templated":true}]}}