{"id":8757,"date":"2022-08-23T14:12:36","date_gmt":"2022-08-23T12:12:36","guid":{"rendered":"http:\/\/192.168.108.1\/?p=8757"},"modified":"2022-08-23T14:29:41","modified_gmt":"2022-08-23T12:29:41","slug":"discours-du-ministre-lors-de-la-signature-des-contrats-de-ville-de-yaounde-et-de-douala-2-2","status":"publish","type":"post","link":"https:\/\/www.minhdu.gov.cm\/discours-du-ministre-lors-de-la-signature-des-contrats-de-ville-de-yaounde-et-de-douala-2-2\/","title":{"rendered":"ALLOCUTION DE MADAME LE MINISTRE DE L\u2019HABITAT ET DU DEVELOPPEMENT URBAIN LORS DE LA  CEREMONIE DE REMISE DES CLES A CERTAINS ACQUEREURS DES LOGEMENTS SOCIAUX A OLEMBE \/ YAOUNDE"},"content":{"rendered":"<p>[et_pb_section fb_built=&#8221;1&#8243; _builder_version=&#8221;4.16&#8243; global_colors_info=&#8221;{}&#8221; theme_builder_area=&#8221;post_content&#8221;][et_pb_row _builder_version=&#8221;4.16&#8243; background_size=&#8221;initial&#8221; background_position=&#8221;top_left&#8221; background_repeat=&#8221;repeat&#8221; global_colors_info=&#8221;{}&#8221; theme_builder_area=&#8221;post_content&#8221;][et_pb_column type=&#8221;4_4&#8243; _builder_version=&#8221;4.16&#8243; custom_padding=&#8221;|||&#8221; global_colors_info=&#8221;{}&#8221; custom_padding__hover=&#8221;|||&#8221; theme_builder_area=&#8221;post_content&#8221;][et_pb_text _builder_version=&#8221;4.18.0&#8243; background_size=&#8221;initial&#8221; background_position=&#8221;top_left&#8221; background_repeat=&#8221;repeat&#8221; hover_enabled=&#8221;0&#8243; global_colors_info=&#8221;{}&#8221; theme_builder_area=&#8221;post_content&#8221; sticky_enabled=&#8221;0&#8243;]<\/p>\n<p><!-- divi:paragraph --><\/p>\n<ul>\n<li><strong>M<\/strong><strong>essieurs les Ministres, Chers Coll\u00e8gues\u00a0; <\/strong><\/li>\n<li><strong>Monsieur le <\/strong><strong>Gouverneur de la R\u00e9gion du <\/strong><strong>Centre <\/strong><strong>;<\/strong><\/li>\n<li><strong>Messieurs les Directeurs G\u00e9n\u00e9raux<\/strong> <strong>;<\/strong><\/li>\n<li><strong>Monsieur le Pr\u00e9fet du D\u00e9partement du <\/strong><strong>Mfoundi <\/strong><strong>;<\/strong><\/li>\n<li><strong>Honorable Pr\u00e9sidente de la Commission des Finances et du Budget \u00e0 l\u2019Assembl\u00e9e Nationale\u00a0;<\/strong><\/li>\n<li><strong>Honorables D\u00e9put\u00e9s \u00e0 l\u2019Assembl\u00e9e\u00a0;<\/strong><\/li>\n<li><strong>Monsieur le Maire de la ville de <\/strong><strong>Yaound\u00e9 <\/strong><strong>;<\/strong><\/li>\n<li><strong>Autorit\u00e9s politique, Traditionnelles, Administratives et Religieuses en vos rangs et grades respectifs\u00a0;<\/strong><\/li>\n<li><strong>Mesdames et Messieurs les acqu\u00e9reurs\u00a0;<\/strong><\/li>\n<li><strong>Distingu\u00e9s invit\u00e9s\u00a0;<\/strong><\/li>\n<li><strong>Chers <\/strong><strong>C<\/strong><strong>collaborateurs\u00a0;<\/strong><\/li>\n<\/ul>\n<p>&nbsp;<\/p>\n<p style=\"text-align: justify;\">C\u2019est avec un plaisir renouvel\u00e9 que je re\u00e7ois les propos aimables prononc\u00e9s tout \u00e0 l\u2019heure par Monsieur le Maire et par les diff\u00e9rents Directeurs G\u00e9n\u00e9raux qui se sont exprim\u00e9s depuis le d\u00e9but de cette c\u00e9r\u00e9monie. En retour, je vous prie de recevoir mes v\u0153ux les meilleurs pour cette ann\u00e9e 2022.<\/p>\n<p style=\"text-align: justify;\">Je voudrais \u00e9galement remercier les Directeurs G\u00e9n\u00e9raux de la SIC, de la MAETUR et du CFC, partenaires privil\u00e9gi\u00e9s de cet important Programme Gouvernemental de construction de 10\u00a0000 logements sociaux et d\u2019am\u00e9nagement de 50\u00a0000 parcelles constructibles pour avoir pr\u00e9sent\u00e9 chacun en ce qui le concerne, les volets de leur implication dans la mise en \u0153uvre de cet important programme, tout en soulignant les solutions d\u00e9ploy\u00e9es pour r\u00e9pondre aux Hautes prescriptions du CHEF DE L\u2019ETAT notamment, celles de loger les Camerounais.<\/p>\n<p><strong>Distinguished guests;<\/strong><\/p>\n<p><strong>Ladies and gentlemen;<\/strong><\/p>\n<p style=\"text-align: justify;\"><em>This is the seventh ceremony of the handing-over of keys to our dear buyers of the social housing that I am presiding over. I am glad to be here today to carry-out this noble duty instructed by the Head of State, His Excellency President <strong>Paul BIYA <\/strong>through this government program for the construction of Social Housing that is dear to Him and supervise by the Prime Minister and Head of Government. While the CAN and the Olemb\u00e9 stadium is sweet to all Cameroonians, it is sweetest to these lucky buyers of the social housing in Olemb\u00e9 thanks to the generosity of His Excellency President Paul BIYA.<\/em><\/p>\n<p><strong>Distingu\u00e9s invit\u00e9s\u00a0;<\/strong><\/p>\n<p><strong>Mesdames et Messieurs;<\/strong><\/p>\n<p style=\"text-align: justify;\">C\u2019est avec une joie immense que je pr\u00e9side encore une fois, ici \u00e0 Olemb\u00e9, cette 7<sup>\u00e8me<\/sup> c\u00e9r\u00e9monie de remise des cl\u00e9s, aux acqu\u00e9reurs de logements sociaux du projet de construction par les PME Camerounaises, de 1675 logements sociaux \u00e0 Yaound\u00e9 et \u00e0 Douala. Ce projet fait partie du vaste programme de construction de 10\u00a0000 logements lanc\u00e9 en 2009 par le Chef de l\u2019Etat, Son Excellence Monsieur Paul Biya. Ce programme a d\u00e9j\u00e0 enregistr\u00e9 la livraison de 1520 logements sociaux dans les villes de Yaound\u00e9, Douala, Bafoussam, Limbe, Bamenda et Sangm\u00e9lima dans le cadre du projet r\u00e9alis\u00e9 par la Coop\u00e9ration Sino-Camerounaise, et de 600 logements dans les villes de Bafoussam, Bertoua, Ebolowa, Ngaound\u00e9r\u00e9, Garoua et Maroua r\u00e9alis\u00e9s dans la cadre du Plan d\u2019Urgence Triennal pour la croissance Economique.<\/p>\n<p style=\"text-align: justify;\">Le projet de construction de 1675 logements sociaux \u00e0 Olemb\u00e9 et Mbanga Bakoko par les PME Camerounaises, a connu des difficult\u00e9s dans sa mise en \u0153uvre, mais qui aujourd\u2019hui sont en train d\u2019\u00eatre progressivement r\u00e9solues.<\/p>\n<p style=\"text-align: justify;\">En effet, au titre des probl\u00e8mes rencontr\u00e9s, on peut relever la faible capacit\u00e9 technique, financi\u00e8re et manag\u00e9riale de certaines PME locales responsables de la construction de ces logements. Cette situation a fortement impact\u00e9 la production attendue des logements et a entra\u00een\u00e9 la r\u00e9siliation de plusieurs contrats. Aujourd\u2019hui, les r\u00e9attributions des contrats r\u00e9sili\u00e9s ont permis de livrer les trois premiers immeubles de 60 logements, objets de la remise des cl\u00e9s de ce jour. C\u2019est pour moi le lieu d\u2019exprimer ma profonde gratitude \u00e0 mon coll\u00e8gue et fr\u00e8re, le Ministre des March\u00e9s Publics, TALBA MALLA qui a bien cern\u00e9 la probl\u00e9matique et les enjeux de ce projet cher au Chef de l\u2019Etat, et qui a autoris\u00e9 la contractualisation par la proc\u00e9dure de gr\u00e9 \u00e0 gr\u00e9, les entreprises aux performances av\u00e9r\u00e9es, pour l\u2019ach\u00e8vement des immeubles. Monsieur le Ministre, les premiers r\u00e9sultats sont devant nous\u00a0! Les autres suivront tr\u00e8s bient\u00f4t. Il suffit de regarder de l\u2019autre c\u00f4t\u00e9 de la voie, pour vous rendre compte que dans quelques mois, nous serons \u00e0 nouveau ici \u00e0 Olemb\u00e9, pour rendre le sourire \u00e0 plusieurs m\u00e9nages. Mes remerciements vont \u00e9galement au Ministre des Domaines, du cadastre et des affaires fonci\u00e8res qui \u00e0 travers la Plateforme MINHDU\/MINDCAF accompagne l\u2019ex\u00e9cution sereine du programme. Messieurs les Ministres ma profonde Gratitude pour ce bel exemple de solidarit\u00e9 Gouvernementale prescrit par le Pr\u00e9sident de la R\u00e9publique.<\/p>\n<p style=\"text-align: justify;\">Le suivi de proximit\u00e9 fait par les diff\u00e9rents acteurs de l\u2019\u00e9quipe de projet, et le contr\u00f4le exerc\u00e9 par les collaborateurs nous permettront ensemble, de donner \u00e0 nos concitoyens, les logements promis par le Chef de l\u2019Etat.<\/p>\n<p style=\"text-align: justify;\">\n<p style=\"text-align: justify;\">Une autre difficult\u00e9 qu\u2019a connue ce projet a \u00e9t\u00e9 au stade de la commercialisation des logements. En effet, la Copropri\u00e9t\u00e9 \u00e9tant un concept nouveau dans notre Pays, le processus de son impl\u00e9mentation a pris du temps. Mais on peut se f\u00e9liciter \u00e0 ce jour de ce que la situation est d\u00e9sormais ma\u00eetris\u00e9e. Les \u00e9tats descriptifs de division sont \u00e9labor\u00e9s, les plans de bornage ont \u00e9t\u00e9 transmis au Minist\u00e8re des Domaines, du cadastre et des affaires fonci\u00e8res pour approbation, les r\u00e8glements de copropri\u00e9t\u00e9 sont r\u00e9dig\u00e9s. Mes services techniques et ceux du MINDCAF sont \u00e0 pied d\u2019\u0153uvre pour que les premiers titres de propri\u00e9t\u00e9 soient produits. Monsieur le Ministre, je sais pouvoir compter sur votre disponibilit\u00e9 habituelle, pour instruire vos collaborateurs \u00e0 l\u2019effet d\u2019acc\u00e9l\u00e9rer la production desdits documents, qui attesteront de la propri\u00e9t\u00e9 juridique et effective des acqu\u00e9reurs de ces logements.<\/p>\n<p style=\"text-align: justify;\">\n<p style=\"text-align: justify;\">Je n\u2019ach\u00e8verai pas l\u2019\u00e9nonc\u00e9 des difficult\u00e9s sans \u00e9voquer les actes de vandalisme perp\u00e9tr\u00e9s par des personnes sans foi ni loi, qui ont emport\u00e9 plusieurs \u00e9quipements dans ces b\u00e2timents, notamment des appareillages de plomberie et d\u2019\u00e9lectricit\u00e9 d\u00e9j\u00e0 install\u00e9s, compromettant ainsi l\u2019habitabilit\u00e9 de ces logements ! Cet incivisme est inacceptable.<\/p>\n<p style=\"text-align: justify;\">\n<p style=\"text-align: justify;\">Seulement, tout ceci ne nous emp\u00eachera pas d\u2019avancer et d\u2019achever ce projet. Mon D\u00e9partement Minist\u00e9riel avait d\u2019importantes contraintes li\u00e9es \u00e0 la construction et la r\u00e9habilitation d\u2019importantes infrastructures de mobilit\u00e9 urbaine, des voies d\u2019acc\u00e8s aux infrastructures sportives et h\u00f4teli\u00e8res devant abriter la CAN 2021. C\u2019est chose faite\u00a0!!! A pr\u00e9sent, nous allons accorder \u00e0 l\u2019ach\u00e8vement de ce projet des financements plus importants, afin de soulager les populations qui ne demandent qu\u2019\u00e0 voir se mat\u00e9rialiser les promesses \u00e0 elles faites par le Chef de l\u2019Etat. Il est imp\u00e9ratif de tout mettre en \u0153uvre pour que nos concitoyens qui ont d\u00e9bours\u00e9 de leur argent pour acqu\u00e9rir ces logements puissent les int\u00e9grer au fur et \u00e0 mesure de leurs livraisons, aussi bien les acqu\u00e9reurs au comptant que les acqu\u00e9reurs ayant sollicit\u00e9 le concours du Cr\u00e9dit Foncier du Cameroun, pour l\u2019acquisition de leurs logements.<\/p>\n<p style=\"text-align: justify;\"><strong>Distinguished guests;<\/strong><\/p>\n<p style=\"text-align: justify;\"><strong>Ladies and gentlemen;<\/strong><\/p>\n<p style=\"text-align: justify;\"><em>After noticing the deficit of decent housing units in the country; the Head of State President Paul BIYA decided to reduce the gap through this governmental program for the construction of 10.000 social housing and the preparation of 50.000 constructible plots all over Cameroon. This program is currently going on in all 10 regions of our beloved country. Access to this housing units are through simple renting, rent to own or buying. An inter-ministerial commission is put in place to examine applicant eligibility. The main condition for application is, to be a Cameroonian by nationality, does not own any land property in town, While priority is given to Youth, Cameroonian from the diaspora, handicap and female applicants. <\/em><\/p>\n<p style=\"text-align: justify;\">\n<p style=\"text-align: justify;\"><strong>Distingu\u00e9s invit\u00e9s\u00a0;<\/strong><\/p>\n<p style=\"text-align: justify;\"><strong>Mesdames et Messieurs;<\/strong><\/p>\n<p style=\"text-align: justify;\">Si nous sommes l\u00e0 aujourd\u2019hui, c\u2019est parce qu\u2019il y a des hommes et des femmes qui ont rendu ces r\u00e9alisations possibles. Une \u00e9quipe multidisciplinaire d\u00e9vou\u00e9e et fortement impliqu\u00e9e dans la mise en \u0153uvre de ce programme, une \u00e9quipe qui travaille sans rel\u00e2che pour trouver des solutions aux difficult\u00e9s rencontr\u00e9es dans la mise en \u0153uvre de ce programme. Je voudrais encore une fois, saisir cette occasion pour saluer les efforts des acteurs en charge des constructions, des am\u00e9nagements, des travaux d\u2019habitabilit\u00e9 et de la commercialisation qui \u0153uvrent pour offrir \u00e0 nos acqu\u00e9reurs des logements convenables. Je voudrais particuli\u00e8rement remercier la MAETUR pour sa disponibilit\u00e9 et son professionnalisme, remercier le Directeur G\u00e9n\u00e9ral du Cr\u00e9dit Foncier, pour la franche collaboration, et pour les mesures d\u00e9ploy\u00e9es afin que les acqu\u00e9reurs qui ont consenti \u00e0 un pr\u00eat dans cette institution, ces acqu\u00e9reurs qui constituent la cible m\u00eame de ce programme, puissent recevoir \u00e9galement leurs cl\u00e9s. Je sais que l\u2019actualisation des dossiers de pr\u00eats continue dans vos diff\u00e9rentes agences de Yaound\u00e9 et Douala.<\/p>\n<p style=\"text-align: justify;\">M\u2019adressant \u00e0 pr\u00e9sent aux concessionnaires de r\u00e9seaux d\u2019eau potable et d\u2019\u00e9lectricit\u00e9, je vous tends la main ce jour, afin de solliciter votre engagement habituel, pour que les facilit\u00e9s li\u00e9es aux connexions de chaque logement en eau et \u00e9lectricit\u00e9 soient possibles pour ces acqu\u00e9reurs dans les meilleurs d\u00e9lais. Je sais que vos \u00e9quipes techniques sont toutes mobilis\u00e9es dans les villes de la CAN avec pour objectif \u00ab\u00a0z\u00e9ro incident\u00a0\u00bb, tout au long de cette belle f\u00eate du football africain. J\u2019\u00e9mets le v\u0153u de voir ces logements \u00eatre aliment\u00e9s aussit\u00f4t la comp\u00e9tition termin\u00e9e, pour le grand bien de nos concitoyens. Je sais pouvoir compter sur votre franche collaboration.<\/p>\n<p style=\"text-align: justify;\">Parlant de la CAN la plus grande F\u00eate sportive de notre Continent, l\u2019Histoire retiendra que le Cameroun a organis\u00e9 la plus belle CAN de tous les temps nous ouvrant les portes de l\u2019organisation de la Coupe du Monde\u00a0; par reconnaissance au Chef de l\u2019Etat et nous trouvant \u00e0 quelques encablures du Stade mythique de l\u2019ouverture de cette CAN, r\u00e9servons un Standing au \u00e0 S.E.M. Paul Biya, Pr\u00e9sident de la R\u00e9publique, Chef de l\u2019Etat.<\/p>\n<p style=\"text-align: justify;\">Progressivement, la cit\u00e9 d\u2019Olemb\u00e9 vit et il faudrait que tous les \u00e9quipements socio-collectifs qui accompagnent une ville nouvelle soient fonctionnels\u00a0! C\u2019est pourquoi, face \u00e0 la taille croissante de la population, j\u2019invite mes services techniques \u00e0 poursuivre les concertations entam\u00e9es avec la MAETUR et la Mairie de la ville, pour rendre op\u00e9rationnels les espaces r\u00e9serv\u00e9s aux \u00e9quipements socio-collectifs pr\u00e9vus dans le plan d\u2019am\u00e9nagement. J\u2019invite \u00e9galement les habitants \u00e0 faire preuve de responsabilit\u00e9 et de civisme, afin d\u2019\u00e9viter l\u2019\u00e9rection anarchique des b\u00e2timents et des espaces marchands. Le d\u00e9sordre urbain ne doit pas \u00eatre l\u2019apanage de nos citoyens et ne doit pas exister dans une nouvelle ville bien trac\u00e9e.<\/p>\n<p style=\"text-align: justify;\"><strong>Distingu\u00e9s invit\u00e9s\u00a0;<\/strong><\/p>\n<p style=\"text-align: justify;\"><strong>Mesdames et Messieurs ;<\/strong><\/p>\n<p style=\"text-align: justify;\">A pr\u00e9sent, permettez-moi de m\u2019adresser \u00e0 ceux pour qui nous sommes l\u00e0, les acqu\u00e9reurs.<\/p>\n<p style=\"text-align: justify;\"><strong>Mesdames et Messieurs les acqu\u00e9reurs. <\/strong><\/p>\n<p style=\"text-align: justify;\">Vous voil\u00e0 propri\u00e9taires de vos cl\u00e9s, de vos logements. L\u2019attente a \u00e9t\u00e9 longue, je le sais. Tr\u00e8s longue m\u00eame pour certains. Mais comme on dit \u00ab\u00a0mieux vaut tard que jamais\u00a0\u00bb. Je vous exhorte \u00e0 dire \u00e0 vos fr\u00e8res et s\u0153urs, amis et connaissances, que votre r\u00eave est devenu r\u00e9alit\u00e9, soyez les Ambassadeurs du Pr\u00e9sident de la R\u00e9publique. Aussi, je invite \u00e0 rassurer ceux qui attendent encore, que les choses sont mises en \u0153uvre pour achever leurs logements. Dites \u00e0 ceux qui n\u2019y croient plus, que votre r\u00eave est devenu une r\u00e9alit\u00e9. Que vous \u00eates propri\u00e9taires de vos logements et d\u00e9sormais libres de les int\u00e9grer. Je vous invite \u00e0 respecter les r\u00e8gles de copropri\u00e9t\u00e9 et surtout les aspects essentiels de la vie en communaut\u00e9. A ce propos, des syndics de copropri\u00e9t\u00e9 ont \u00e9t\u00e9 mobilis\u00e9s, pour vous suivre dans le respect des dispositions li\u00e9es non seulement \u00e0 la gestion des parties communes, mais \u00e9galement des parties privatives.<\/p>\n<p style=\"text-align: justify;\">Les cahiers de charges que vous avez sign\u00e9s il y a quelques instants devront vous guider pour les aspects relatifs \u00e0 la copropri\u00e9t\u00e9 et aux travaux dans vos appartements. Appropriez-vous scrupuleusement ces r\u00e8gles, afin d\u2019\u00e9viter d\u2019\u00e9ventuels d\u00e9sagr\u00e9ments qui pourraient survenir \u00e0 la suite du non-respect des dispositions qui y sont consign\u00e9es. Le respect des parties communes et des parties privatives est une r\u00e8gle d\u2019or de la copropri\u00e9t\u00e9. Il ne vous est pas permis de proc\u00e9der \u00e0 toutes les modifications que vous souhaitez dans ces appartements, bien qu\u2019ils soient les v\u00f4tres\u00a0! Je vous invite \u00e0 \u00eatre respectueux du bien commun, et du bien de l\u2019autre\u00a0!<\/p>\n<p style=\"text-align: justify;\"><strong>Distinguished guests ;<\/strong><\/p>\n<p style=\"text-align: justify;\"><strong>Ladies and gentlemen ;<\/strong><\/p>\n<p style=\"text-align: justify;\"><em>It is with these words of hope that I am going to wish you a beautiful and happy new year 2022 and above all a peaceful and harmonious life in your homes. I hope that living together and the unity of our dear and beautiful country will be reflected in each of your words, in each of your gestures, in each of your actions, in your community life !<\/em><\/p>\n<p style=\"text-align: justify;\"><strong>Vive le Cameroun et son illustre CHEF DE L\u2019ETAT, son Excellence Monsieur Paul Biya\u00a0!<\/strong><\/p>\n<p style=\"text-align: justify;\"><strong>Je vous remercie\u00a0! I Thank you for your kind attention<\/strong><\/p>\n<p><!-- \/divi:paragraph --><\/p>\n<p><!-- divi:paragraph {\"fontSize\":\"small\"} --><\/p>\n<p class=\"has-small-font-size\"><a href=\"https:\/\/www.minhdu.gov.cm\/wp-content\/uploads\/2022\/08\/Allocution-de-Madame-le-ministre-26-janvier-2022-Olembe-ok.pdf\" target=\"_blank\" rel=\"noreferrer noopener\">T\u00e9l\u00e9charger le pdf<\/a><\/p>\n<p><!-- \/divi:paragraph --><\/p>\n<p><!-- divi:paragraph --><\/p>\n<p><!-- \/divi:paragraph --><\/p>\n<p>[\/et_pb_text][\/et_pb_column][\/et_pb_row][\/et_pb_section]<\/p>\n<span class=\"et_bloom_bottom_trigger\"><\/span>","protected":false},"excerpt":{"rendered":"<p>Messieurs les Ministres, Chers Coll\u00e8gues\u00a0; Monsieur le Gouverneur de la R\u00e9gion du Centre ; Messieurs les Directeurs G\u00e9n\u00e9raux ; Monsieur le Pr\u00e9fet du D\u00e9partement du Mfoundi ; Honorable Pr\u00e9sidente de [&hellip;]<\/p>\n","protected":false},"author":3,"featured_media":216,"comment_status":"open","ping_status":"open","sticky":false,"template":"","format":"standard","meta":{"_et_pb_use_builder":"on","_et_pb_old_content":"<!-- wp:paragraph -->\n<p>Je vous salue et vous souhaite la bienvenue en ce lieu, ce jour, \u00e0 l\u2019occasion de la tenue de la deuxi\u00e8me session du comit\u00e9 de pilotage du projet de construction de l\u2019autoroute Yaound\u00e9-Nsimalen. Je vous remercie de votre pr\u00e9sence et vous exprime toute ma reconnaissance pour votre disponibilit\u00e9 et votre engagement \u00e0 accompagner cette \u00e9tape de maturation du projet. Mes remerciements s\u2019adressent particuli\u00e8rement au Ministre des Travaux Publics pour l\u2019encadrement et l\u2019int\u00e9r\u00eat qu\u2019il porte \u00e0 nos travaux. Qu\u2019il me soit permis de lui pr\u00e9senter, en votre nom et \u00e0 mon nom propre, toute ma gratitude. Excellence, Mesdames et Messieurs, La pr\u00e9sente session se situe dans le prolongement de celle du 18 Juin dernier au cours de laquelle des recommandations fortes avaient \u00e9t\u00e9 formul\u00e9es relativement \u00e0 l\u2019exploitation du rapport d\u2019\u00e9tudes de faisabilit\u00e9. Cette s\u00e9ance, je veux l\u2019esp\u00e9rer, nous permettra de marquer un pas positif, un point de plus sur le chemin de la finalisation de la phase pr\u00e9paratoire du projet. En effet, il est question, \u00e0 l\u2019aune du rapport d\u2019\u00e9tudes disponible, d\u2019harmoniser notre compr\u00e9hension de son contenu, identifier les zones d\u2019ombres le cas \u00e9ch\u00e9ant et en apporter toute l\u2019\u00e9clairage souhait\u00e9; toutes choses n\u00e9cessitant l\u2019apport de chacun et pr\u00e9alables \u00e0 la concr\u00e9tisation, du moins au d\u00e9marrage de cet important projet. 3 Excellence, Mesdames et Messieurs, Je voudrai \u00e0 pr\u00e9sent et avec votre permission, rappeler \u00e0 grands traits quelques caract\u00e9ristiques g\u00e9n\u00e9rales du trac\u00e9 du projet. Au fait, le projet de construction de l\u2019autoroute Yaound\u00e9- Nsimalen part de la Poste Centrale, traverse en passage inf\u00e9rieur un carrefour d\u00e9nivel\u00e9 au niveau de \u00ab mont\u00e9e Zo\u00e9 \u00bb, traverse en passage inf\u00e9rieur le carrefour MVOG- MBI en giratoire d\u00e9nivel\u00e9 perc\u00e9, rejoint le carrefour d\u00e9nivel\u00e9 MVAN en passage sup\u00e9rieur, raccorde \u00e0 partir d\u2019un \u00e9changeur au niveau de AHALA la section AHALA- \u00e9changeur au niveau du village MEYO o\u00f9 il rencontre la voie de contournement EST de la ville de Yaound\u00e9 et arrive au carrefour Nsimalen sur un \u00e9changeur. Cette autoroute longue d\u2019environ 18 km, comporte deux sections, \u00e0 savoir : \u2022 Une section dite &lt; en rase campagne &gt; longue de 10,660 km qui part du rond-point en contre bas de l\u2019a\u00e9roport de Nsimalen sur la Nationale RN2 \u00e0 la RN3, \u00e0 environ 200 m de la station MRS de Mvan. \u2022 Une section dite &lt; section urbaine &gt; longue de 8,0385 km, poste centrale (PK0+00)- carrefour MVOG-MBI- carrefour coron- contre bas de l\u2019universit\u00e9 catholique- ancien a\u00e9roport- carrefour Mvan- Echangeur Mvan- jonction avec la premi\u00e8re section (environ 200 m apr\u00e8s la station MRS de MVAN. Au cours de la pr\u00e9sente session, quatre variantes seront pr\u00e9sent\u00e9es ainsi qu\u2019il suit : - La variante A, avec une vitesse de r\u00e9f\u00e9rence de 60 km\/h, passe derri\u00e8re les installations de la brasserie. Le trac\u00e9 \u00e9pouse une route de 1 427 m sur le terrain naturel entre le carrefour coron et les installations de la brasserie. - La variante B, avec une vitesse de r\u00e9f\u00e9rence de 80 km\/h, passe derri\u00e8re les brasseries. Toutefois, il traverse la section carrefour coron- installation de la brasserie, par un pont a\u00e9rien. - La variante C, avec une vitesse de r\u00e9f\u00e9rence de 60 km\/h, passe devant CAMI TOYOTA. Le trac\u00e9 est un d\u00e9doublement de la voie existante, qui va entrainer la d\u00e9molition des installations de la brasserie. - La variante D, avec une vitesse de r\u00e9f\u00e9rence de 80 km\/h, passe devant CAMI TOYOTA. Toutefois, le trac\u00e9 passe par trois ponts a\u00e9riens \u00e0 partir du carrefour Coron. En tout \u00e9tat de cause, la sp\u00e9cificit\u00e9 de ces variantes r\u00e9side sur la section carrefour Coron- Brasseries d\u2019une part, et la vitesse de r\u00e9f\u00e9rence qui est un param\u00e8tre indicatif pour les caract\u00e9ristiques g\u00e9om\u00e9triques d\u2019une route d\u2019autre part. La Cellule Op\u00e9rationnelle a sugg\u00e9r\u00e9, en sa session du 22 mai 2012, la validation de la variante B sous r\u00e9serve du justificatif du co\u00fbt du projet. 4 Par ailleurs, le projet de construction de l\u2019autoroute urbaine est estim\u00e9e \u00e0 112,4 milliards de F CFA HTVA, non compris les d\u00e9placements de r\u00e9seaux et de 61 978 996 000 F CFA HTVA dans sa section en rase campagne Le co\u00fbt du projet est de 174 378 996 000 F CFA HTA, auquel il faut adjoindre les divers et impr\u00e9vus de 3 118 746 077 F CFA HTVA (environ 2% du co\u00fbt du projet) Le Co\u00fbt total provisoire du projet est donc d\u2019environ 177,5 milliards F CFA HTVA, non compris les d\u00e9placements de r\u00e9seaux. Il sera justifi\u00e9 et valid\u00e9 au cours des sessions du Comit\u00e9 de pilotage et de la Cellule Op\u00e9rationnelle, apr\u00e8s la validation du rapport de faisabilit\u00e9. Au cours de cette session, il sera r\u00e9it\u00e9r\u00e9 \u00e0 l\u2019entreprise SINOHYDRO, de faire des propositions en vue de l\u2019am\u00e9nagement du carrefour de la poste centrale qui diffusera le trafic autoroutier venant depuis le carrefour Nsimalen et son raccordement avec le d\u00e9but de l\u2019autoroute Yaound\u00e9- Douala aux environs du village MINKOAMEYOS d\u2019une part, et des points strat\u00e9giques de la ville de Yaound\u00e9 d\u2019autre part. Cet am\u00e9nagement fera l\u2019objet d\u2019un projet sp\u00e9cifique pour \u00e9viter un ench\u00e9rissement de celui-ci. L\u2019ordre du jour appelle, entre autres, notre attention sur l\u2019examen du rapport d\u2019\u00e9tudes de faisabilit\u00e9 du projet. Sa validation \u00e9ventuelle permettra \u00e0 l\u2019entreprise SINOHYDRO d\u2019affiner ses propositions technique et financi\u00e8re. Apr\u00e8s la signature du contrat de service, cette entreprise proc\u00e8dera \u00e0 la recherche du financement aupr\u00e8s d\u2019une banque chinoise. Je vous remercie pour votre bienveillante attention. Si vous convenez, Je vais donc passer la parole au Directeur du D\u00e9veloppement Urbain pour la lecture du compte rendu de la session du 18 juin 2012 du Comit\u00e9 de Pilotage.<\/p>\n<!-- \/wp:paragraph -->\n\n<!-- wp:paragraph {\"fontSize\":\"small\"} -->\n<p class=\"has-small-font-size\"><a href=\"https:\/\/www.minhdu.gov.cm\/wp-content\/uploads\/2022\/07\/1-DiscoursMinhduAtelierdesMairesdu22juillet2014.pdf\" target=\"_blank\" rel=\"noreferrer noopener\">T\u00e9l\u00e9charger le pdf<\/a><\/p>\n<!-- \/wp:paragraph -->\n\n<!-- wp:paragraph -->\n<p><\/p>\n<!-- \/wp:paragraph -->\n\n<!-- wp:divi\/placeholder \/-->","_et_gb_content_width":"","_EventAllDay":false,"_EventTimezone":"","_EventStartDate":"","_EventEndDate":"","_EventStartDateUTC":"","_EventEndDateUTC":"","_EventShowMap":false,"_EventShowMapLink":false,"_EventURL":"","_EventCost":"","_EventCostDescription":"","_EventCurrencySymbol":"","_EventCurrencyCode":"","_EventCurrencyPosition":"","_EventDateTimeSeparator":"","_EventTimeRangeSeparator":"","_EventOrganizerID":[],"_EventVenueID":0,"_OrganizerEmail":"","_OrganizerPhone":"","_OrganizerWebsite":"","_VenueAddress":"","_VenueCity":"","_VenueCountry":"","_VenueProvince":"","_VenueZip":"","_VenuePhone":"","_VenueURL":"","_VenueStateProvince":"","_VenueLat":"","_VenueLng":"","footnotes":""},"categories":[40],"tags":[],"post_folder":[],"class_list":["post-8757","post","type-post","status-publish","format-standard","has-post-thumbnail","hentry","category-speechs"],"yoast_head":"<!-- This site is optimized with the Yoast SEO plugin v19.13 - https:\/\/yoast.com\/wordpress\/plugins\/seo\/ -->\n<title>ALLOCUTION DE MADAME LE MINISTRE DE L\u2019HABITAT ET DU DEVELOPPEMENT URBAIN LORS DE LA CEREMONIE DE REMISE DES CLES A CERTAINS ACQUEREURS DES LOGEMENTS SOCIAUX A OLEMBE \/ YAOUNDE<\/title>\n<meta name=\"description\" content=\"[et_pb_section fb_built=&quot;1&quot; _builder_version=&quot;4.16&quot; global_colors_info=&quot;{}&quot; theme_builder_area=&quot;post_content&quot;][et_pb_row _builder_version=&quot;4.16&quot; background_size=&quot;initial&quot; background_position=&quot;top_left&quot; background_repeat=&quot;repeat&quot; global_colors_info=&quot;{}&quot; theme_builder_area=&quot;post_content&quot;][et_pb_column type=&quot;4_4&quot; _builder_version=&quot;4.16&quot; custom_padding=&quot;|||&quot; global_colors_info=&quot;{}&quot; custom_padding__hover=&quot;|||&quot; theme_builder_area=&quot;post_content&quot;][et_pb_text _builder_version=&quot;4.18.0&quot; background_size=&quot;initial&quot; background_position=&quot;top_left&quot; background_repeat=&quot;repeat&quot; hover_enabled=&quot;0&quot; global_colors_info=&quot;{}&quot; theme_builder_area=&quot;post_content&quot; sticky_enabled=&quot;0&quot;] Messieurs les Ministres, Chers Coll\u00e8gues\u00a0; Monsieur le Gouverneur de la R\u00e9gion du Centre ; Messieurs les Directeurs G\u00e9n\u00e9raux ; Monsieur le Pr\u00e9fet du D\u00e9partement du Mfoundi ; Honorable Pr\u00e9sidente de&hellip;\" \/>\n<meta name=\"robots\" content=\"index, follow, max-snippet:-1, max-image-preview:large, max-video-preview:-1\" \/>\n<link rel=\"canonical\" href=\"https:\/\/www.minhdu.gov.cm\/discours-du-ministre-lors-de-la-signature-des-contrats-de-ville-de-yaounde-et-de-douala-2-2\/\" \/>\n<meta property=\"og:locale\" content=\"en_US\" \/>\n<meta property=\"og:type\" content=\"article\" \/>\n<meta property=\"og:title\" content=\"ALLOCUTION DE MADAME LE MINISTRE DE L\u2019HABITAT ET DU DEVELOPPEMENT URBAIN LORS DE LA CEREMONIE DE REMISE DES CLES A CERTAINS ACQUEREURS DES LOGEMENTS SOCIAUX A OLEMBE \/ YAOUNDE\" \/>\n<meta property=\"og:description\" content=\"[et_pb_section fb_built=&quot;1&quot; _builder_version=&quot;4.16&quot; global_colors_info=&quot;{}&quot; theme_builder_area=&quot;post_content&quot;][et_pb_row _builder_version=&quot;4.16&quot; background_size=&quot;initial&quot; background_position=&quot;top_left&quot; background_repeat=&quot;repeat&quot; global_colors_info=&quot;{}&quot; theme_builder_area=&quot;post_content&quot;][et_pb_column type=&quot;4_4&quot; _builder_version=&quot;4.16&quot; custom_padding=&quot;|||&quot; global_colors_info=&quot;{}&quot; custom_padding__hover=&quot;|||&quot; theme_builder_area=&quot;post_content&quot;][et_pb_text _builder_version=&quot;4.18.0&quot; background_size=&quot;initial&quot; background_position=&quot;top_left&quot; background_repeat=&quot;repeat&quot; hover_enabled=&quot;0&quot; global_colors_info=&quot;{}&quot; theme_builder_area=&quot;post_content&quot; sticky_enabled=&quot;0&quot;] Messieurs les Ministres, Chers Coll\u00e8gues\u00a0; Monsieur le Gouverneur de la R\u00e9gion du Centre ; Messieurs les Directeurs G\u00e9n\u00e9raux ; Monsieur le Pr\u00e9fet du D\u00e9partement du Mfoundi ; Honorable Pr\u00e9sidente de&hellip;\" \/>\n<meta property=\"og:url\" content=\"https:\/\/www.minhdu.gov.cm\/discours-du-ministre-lors-de-la-signature-des-contrats-de-ville-de-yaounde-et-de-douala-2-2\/\" \/>\n<meta property=\"og:site_name\" content=\"MINHDU\" \/>\n<meta property=\"article:publisher\" content=\"https:\/\/www.facebook.com\/cameroun.minhdu\/\" \/>\n<meta property=\"article:published_time\" content=\"2022-08-23T12:12:36+00:00\" \/>\n<meta property=\"article:modified_time\" content=\"2022-08-23T12:29:41+00:00\" \/>\n<meta property=\"og:image\" content=\"https:\/\/www.minhdu.gov.cm\/wp-content\/uploads\/2022\/06\/minhdu2.png\" \/>\n\t<meta property=\"og:image:width\" content=\"250\" \/>\n\t<meta property=\"og:image:height\" content=\"250\" \/>\n\t<meta property=\"og:image:type\" content=\"image\/png\" \/>\n<meta name=\"author\" content=\"Michelle ONDOA\" \/>\n<meta name=\"twitter:card\" content=\"summary_large_image\" \/>\n<meta name=\"twitter:creator\" content=\"@cameroun_minhdu\" \/>\n<meta name=\"twitter:site\" content=\"@cameroun_minhdu\" \/>\n<meta name=\"twitter:label1\" content=\"Written by\" \/>\n\t<meta name=\"twitter:data1\" content=\"Michelle ONDOA\" \/>\n\t<meta name=\"twitter:label2\" content=\"Est. reading time\" \/>\n\t<meta name=\"twitter:data2\" content=\"5 minutes\" \/>\n<script type=\"application\/ld+json\" class=\"yoast-schema-graph\">{\"@context\":\"https:\/\/schema.org\",\"@graph\":[{\"@type\":\"Article\",\"@id\":\"https:\/\/www.minhdu.gov.cm\/discours-du-ministre-lors-de-la-signature-des-contrats-de-ville-de-yaounde-et-de-douala-2-2\/#article\",\"isPartOf\":{\"@id\":\"https:\/\/www.minhdu.gov.cm\/discours-du-ministre-lors-de-la-signature-des-contrats-de-ville-de-yaounde-et-de-douala-2-2\/\"},\"author\":{\"name\":\"Michelle ONDOA\",\"@id\":\"https:\/\/www.minhdu.gov.cm\/#\/schema\/person\/7f9b5a15b2f3c584abe9a7d009c19d79\"},\"headline\":\"ALLOCUTION DE MADAME LE MINISTRE DE L\u2019HABITAT ET DU DEVELOPPEMENT URBAIN LORS DE LA CEREMONIE DE REMISE DES CLES A CERTAINS ACQUEREURS DES LOGEMENTS SOCIAUX A OLEMBE \/ YAOUNDE\",\"datePublished\":\"2022-08-23T12:12:36+00:00\",\"dateModified\":\"2022-08-23T12:29:41+00:00\",\"mainEntityOfPage\":{\"@id\":\"https:\/\/www.minhdu.gov.cm\/discours-du-ministre-lors-de-la-signature-des-contrats-de-ville-de-yaounde-et-de-douala-2-2\/\"},\"wordCount\":2376,\"commentCount\":0,\"publisher\":{\"@id\":\"https:\/\/www.minhdu.gov.cm\/#organization\"},\"articleSection\":[\"Speechs\"],\"inLanguage\":\"en-US\",\"potentialAction\":[{\"@type\":\"CommentAction\",\"name\":\"Comment\",\"target\":[\"https:\/\/www.minhdu.gov.cm\/discours-du-ministre-lors-de-la-signature-des-contrats-de-ville-de-yaounde-et-de-douala-2-2\/#respond\"]}]},{\"@type\":\"WebPage\",\"@id\":\"https:\/\/www.minhdu.gov.cm\/discours-du-ministre-lors-de-la-signature-des-contrats-de-ville-de-yaounde-et-de-douala-2-2\/\",\"url\":\"https:\/\/www.minhdu.gov.cm\/discours-du-ministre-lors-de-la-signature-des-contrats-de-ville-de-yaounde-et-de-douala-2-2\/\",\"name\":\"ALLOCUTION DE MADAME LE MINISTRE DE L\u2019HABITAT ET DU DEVELOPPEMENT URBAIN LORS DE LA CEREMONIE DE REMISE DES CLES A CERTAINS ACQUEREURS DES LOGEMENTS SOCIAUX A OLEMBE \/ YAOUNDE - MINHDU\",\"isPartOf\":{\"@id\":\"https:\/\/www.minhdu.gov.cm\/#website\"},\"datePublished\":\"2022-08-23T12:12:36+00:00\",\"dateModified\":\"2022-08-23T12:29:41+00:00\",\"breadcrumb\":{\"@id\":\"https:\/\/www.minhdu.gov.cm\/discours-du-ministre-lors-de-la-signature-des-contrats-de-ville-de-yaounde-et-de-douala-2-2\/#breadcrumb\"},\"inLanguage\":\"en-US\",\"potentialAction\":[{\"@type\":\"ReadAction\",\"target\":[\"https:\/\/www.minhdu.gov.cm\/discours-du-ministre-lors-de-la-signature-des-contrats-de-ville-de-yaounde-et-de-douala-2-2\/\"]}]},{\"@type\":\"BreadcrumbList\",\"@id\":\"https:\/\/www.minhdu.gov.cm\/discours-du-ministre-lors-de-la-signature-des-contrats-de-ville-de-yaounde-et-de-douala-2-2\/#breadcrumb\",\"itemListElement\":[{\"@type\":\"ListItem\",\"position\":1,\"name\":\"Home\",\"item\":\"https:\/\/www.minhdu.gov.cm\/\"},{\"@type\":\"ListItem\",\"position\":2,\"name\":\"ALLOCUTION DE MADAME LE MINISTRE DE L\u2019HABITAT ET DU DEVELOPPEMENT URBAIN LORS DE LA CEREMONIE DE REMISE DES CLES A CERTAINS ACQUEREURS DES LOGEMENTS SOCIAUX A OLEMBE \/ YAOUNDE\"}]},{\"@type\":\"WebSite\",\"@id\":\"https:\/\/www.minhdu.gov.cm\/#website\",\"url\":\"https:\/\/www.minhdu.gov.cm\/\",\"name\":\"MINHDU\",\"description\":\"\",\"publisher\":{\"@id\":\"https:\/\/www.minhdu.gov.cm\/#organization\"},\"potentialAction\":[{\"@type\":\"SearchAction\",\"target\":{\"@type\":\"EntryPoint\",\"urlTemplate\":\"https:\/\/www.minhdu.gov.cm\/?s={search_term_string}\"},\"query-input\":\"required name=search_term_string\"}],\"inLanguage\":\"en-US\"},{\"@type\":\"Organization\",\"@id\":\"https:\/\/www.minhdu.gov.cm\/#organization\",\"name\":\"MINHDU\",\"url\":\"https:\/\/www.minhdu.gov.cm\/\",\"logo\":{\"@type\":\"ImageObject\",\"inLanguage\":\"en-US\",\"@id\":\"https:\/\/www.minhdu.gov.cm\/#\/schema\/logo\/image\/\",\"url\":\"https:\/\/www.minhdu.gov.cm\/wp-content\/uploads\/2022\/06\/minhdu2.png\",\"contentUrl\":\"https:\/\/www.minhdu.gov.cm\/wp-content\/uploads\/2022\/06\/minhdu2.png\",\"width\":250,\"height\":250,\"caption\":\"MINHDU\"},\"image\":{\"@id\":\"https:\/\/www.minhdu.gov.cm\/#\/schema\/logo\/image\/\"},\"sameAs\":[\"https:\/\/www.facebook.com\/cameroun.minhdu\/\",\"https:\/\/twitter.com\/cameroun_minhdu\"]},{\"@type\":\"Person\",\"@id\":\"https:\/\/www.minhdu.gov.cm\/#\/schema\/person\/7f9b5a15b2f3c584abe9a7d009c19d79\",\"name\":\"Michelle ONDOA\",\"image\":{\"@type\":\"ImageObject\",\"inLanguage\":\"en-US\",\"@id\":\"https:\/\/www.minhdu.gov.cm\/#\/schema\/person\/image\/\",\"url\":\"https:\/\/secure.gravatar.com\/avatar\/46cf1e505199b6f090134a2687116acf8a0e53bd822d5e21a095bd7a64584085?s=96&d=mm&r=g\",\"contentUrl\":\"https:\/\/secure.gravatar.com\/avatar\/46cf1e505199b6f090134a2687116acf8a0e53bd822d5e21a095bd7a64584085?s=96&d=mm&r=g\",\"caption\":\"Michelle ONDOA\"},\"url\":\"https:\/\/www.minhdu.gov.cm\/author\/michelle\/\"}]}<\/script>\n<!-- \/ Yoast SEO plugin. -->","yoast_head_json":{"title":"ALLOCUTION DE MADAME LE MINISTRE DE L\u2019HABITAT ET DU DEVELOPPEMENT URBAIN LORS DE LA CEREMONIE DE REMISE DES CLES A CERTAINS ACQUEREURS DES LOGEMENTS SOCIAUX A OLEMBE \/ YAOUNDE","description":"[et_pb_section fb_built=\"1\" _builder_version=\"4.16\" global_colors_info=\"{}\" theme_builder_area=\"post_content\"][et_pb_row _builder_version=\"4.16\" background_size=\"initial\" background_position=\"top_left\" background_repeat=\"repeat\" global_colors_info=\"{}\" theme_builder_area=\"post_content\"][et_pb_column type=\"4_4\" _builder_version=\"4.16\" custom_padding=\"|||\" global_colors_info=\"{}\" custom_padding__hover=\"|||\" theme_builder_area=\"post_content\"][et_pb_text _builder_version=\"4.18.0\" background_size=\"initial\" background_position=\"top_left\" background_repeat=\"repeat\" hover_enabled=\"0\" global_colors_info=\"{}\" theme_builder_area=\"post_content\" sticky_enabled=\"0\"] Messieurs les Ministres, Chers Coll\u00e8gues\u00a0; Monsieur le Gouverneur de la R\u00e9gion du Centre ; Messieurs les Directeurs G\u00e9n\u00e9raux ; Monsieur le Pr\u00e9fet du D\u00e9partement du Mfoundi ; Honorable Pr\u00e9sidente de&hellip;","robots":{"index":"index","follow":"follow","max-snippet":"max-snippet:-1","max-image-preview":"max-image-preview:large","max-video-preview":"max-video-preview:-1"},"canonical":"https:\/\/www.minhdu.gov.cm\/discours-du-ministre-lors-de-la-signature-des-contrats-de-ville-de-yaounde-et-de-douala-2-2\/","og_locale":"en_US","og_type":"article","og_title":"ALLOCUTION DE MADAME LE MINISTRE DE L\u2019HABITAT ET DU DEVELOPPEMENT URBAIN LORS DE LA CEREMONIE DE REMISE DES CLES A CERTAINS ACQUEREURS DES LOGEMENTS SOCIAUX A OLEMBE \/ YAOUNDE","og_description":"[et_pb_section fb_built=\"1\" _builder_version=\"4.16\" global_colors_info=\"{}\" theme_builder_area=\"post_content\"][et_pb_row _builder_version=\"4.16\" background_size=\"initial\" background_position=\"top_left\" background_repeat=\"repeat\" global_colors_info=\"{}\" theme_builder_area=\"post_content\"][et_pb_column type=\"4_4\" _builder_version=\"4.16\" custom_padding=\"|||\" global_colors_info=\"{}\" custom_padding__hover=\"|||\" theme_builder_area=\"post_content\"][et_pb_text _builder_version=\"4.18.0\" background_size=\"initial\" background_position=\"top_left\" background_repeat=\"repeat\" hover_enabled=\"0\" global_colors_info=\"{}\" theme_builder_area=\"post_content\" sticky_enabled=\"0\"] Messieurs les Ministres, Chers Coll\u00e8gues\u00a0; Monsieur le Gouverneur de la R\u00e9gion du Centre ; Messieurs les Directeurs G\u00e9n\u00e9raux ; Monsieur le Pr\u00e9fet du D\u00e9partement du Mfoundi ; Honorable Pr\u00e9sidente de&hellip;","og_url":"https:\/\/www.minhdu.gov.cm\/discours-du-ministre-lors-de-la-signature-des-contrats-de-ville-de-yaounde-et-de-douala-2-2\/","og_site_name":"MINHDU","article_publisher":"https:\/\/www.facebook.com\/cameroun.minhdu\/","article_published_time":"2022-08-23T12:12:36+00:00","article_modified_time":"2022-08-23T12:29:41+00:00","og_image":[{"width":250,"height":250,"url":"https:\/\/www.minhdu.gov.cm\/wp-content\/uploads\/2022\/06\/minhdu2.png","type":"image\/png"}],"author":"Michelle ONDOA","twitter_card":"summary_large_image","twitter_creator":"@cameroun_minhdu","twitter_site":"@cameroun_minhdu","twitter_misc":{"Written by":"Michelle ONDOA","Est. reading time":"5 minutes"},"schema":{"@context":"https:\/\/schema.org","@graph":[{"@type":"Article","@id":"https:\/\/www.minhdu.gov.cm\/discours-du-ministre-lors-de-la-signature-des-contrats-de-ville-de-yaounde-et-de-douala-2-2\/#article","isPartOf":{"@id":"https:\/\/www.minhdu.gov.cm\/discours-du-ministre-lors-de-la-signature-des-contrats-de-ville-de-yaounde-et-de-douala-2-2\/"},"author":{"name":"Michelle ONDOA","@id":"https:\/\/www.minhdu.gov.cm\/#\/schema\/person\/7f9b5a15b2f3c584abe9a7d009c19d79"},"headline":"ALLOCUTION DE MADAME LE MINISTRE DE L\u2019HABITAT ET DU DEVELOPPEMENT URBAIN LORS DE LA CEREMONIE DE REMISE DES CLES A CERTAINS ACQUEREURS DES LOGEMENTS SOCIAUX A OLEMBE \/ YAOUNDE","datePublished":"2022-08-23T12:12:36+00:00","dateModified":"2022-08-23T12:29:41+00:00","mainEntityOfPage":{"@id":"https:\/\/www.minhdu.gov.cm\/discours-du-ministre-lors-de-la-signature-des-contrats-de-ville-de-yaounde-et-de-douala-2-2\/"},"wordCount":2376,"commentCount":0,"publisher":{"@id":"https:\/\/www.minhdu.gov.cm\/#organization"},"articleSection":["Speechs"],"inLanguage":"en-US","potentialAction":[{"@type":"CommentAction","name":"Comment","target":["https:\/\/www.minhdu.gov.cm\/discours-du-ministre-lors-de-la-signature-des-contrats-de-ville-de-yaounde-et-de-douala-2-2\/#respond"]}]},{"@type":"WebPage","@id":"https:\/\/www.minhdu.gov.cm\/discours-du-ministre-lors-de-la-signature-des-contrats-de-ville-de-yaounde-et-de-douala-2-2\/","url":"https:\/\/www.minhdu.gov.cm\/discours-du-ministre-lors-de-la-signature-des-contrats-de-ville-de-yaounde-et-de-douala-2-2\/","name":"ALLOCUTION DE MADAME LE MINISTRE DE L\u2019HABITAT ET DU DEVELOPPEMENT URBAIN LORS DE LA CEREMONIE DE REMISE DES CLES A CERTAINS ACQUEREURS DES LOGEMENTS SOCIAUX A OLEMBE \/ YAOUNDE - MINHDU","isPartOf":{"@id":"https:\/\/www.minhdu.gov.cm\/#website"},"datePublished":"2022-08-23T12:12:36+00:00","dateModified":"2022-08-23T12:29:41+00:00","breadcrumb":{"@id":"https:\/\/www.minhdu.gov.cm\/discours-du-ministre-lors-de-la-signature-des-contrats-de-ville-de-yaounde-et-de-douala-2-2\/#breadcrumb"},"inLanguage":"en-US","potentialAction":[{"@type":"ReadAction","target":["https:\/\/www.minhdu.gov.cm\/discours-du-ministre-lors-de-la-signature-des-contrats-de-ville-de-yaounde-et-de-douala-2-2\/"]}]},{"@type":"BreadcrumbList","@id":"https:\/\/www.minhdu.gov.cm\/discours-du-ministre-lors-de-la-signature-des-contrats-de-ville-de-yaounde-et-de-douala-2-2\/#breadcrumb","itemListElement":[{"@type":"ListItem","position":1,"name":"Home","item":"https:\/\/www.minhdu.gov.cm\/"},{"@type":"ListItem","position":2,"name":"ALLOCUTION DE MADAME LE MINISTRE DE L\u2019HABITAT ET DU DEVELOPPEMENT URBAIN LORS DE LA CEREMONIE DE REMISE DES CLES A CERTAINS ACQUEREURS DES LOGEMENTS SOCIAUX A OLEMBE \/ YAOUNDE"}]},{"@type":"WebSite","@id":"https:\/\/www.minhdu.gov.cm\/#website","url":"https:\/\/www.minhdu.gov.cm\/","name":"MINHDU","description":"","publisher":{"@id":"https:\/\/www.minhdu.gov.cm\/#organization"},"potentialAction":[{"@type":"SearchAction","target":{"@type":"EntryPoint","urlTemplate":"https:\/\/www.minhdu.gov.cm\/?s={search_term_string}"},"query-input":"required name=search_term_string"}],"inLanguage":"en-US"},{"@type":"Organization","@id":"https:\/\/www.minhdu.gov.cm\/#organization","name":"MINHDU","url":"https:\/\/www.minhdu.gov.cm\/","logo":{"@type":"ImageObject","inLanguage":"en-US","@id":"https:\/\/www.minhdu.gov.cm\/#\/schema\/logo\/image\/","url":"https:\/\/www.minhdu.gov.cm\/wp-content\/uploads\/2022\/06\/minhdu2.png","contentUrl":"https:\/\/www.minhdu.gov.cm\/wp-content\/uploads\/2022\/06\/minhdu2.png","width":250,"height":250,"caption":"MINHDU"},"image":{"@id":"https:\/\/www.minhdu.gov.cm\/#\/schema\/logo\/image\/"},"sameAs":["https:\/\/www.facebook.com\/cameroun.minhdu\/","https:\/\/twitter.com\/cameroun_minhdu"]},{"@type":"Person","@id":"https:\/\/www.minhdu.gov.cm\/#\/schema\/person\/7f9b5a15b2f3c584abe9a7d009c19d79","name":"Michelle ONDOA","image":{"@type":"ImageObject","inLanguage":"en-US","@id":"https:\/\/www.minhdu.gov.cm\/#\/schema\/person\/image\/","url":"https:\/\/secure.gravatar.com\/avatar\/46cf1e505199b6f090134a2687116acf8a0e53bd822d5e21a095bd7a64584085?s=96&d=mm&r=g","contentUrl":"https:\/\/secure.gravatar.com\/avatar\/46cf1e505199b6f090134a2687116acf8a0e53bd822d5e21a095bd7a64584085?s=96&d=mm&r=g","caption":"Michelle ONDOA"},"url":"https:\/\/www.minhdu.gov.cm\/author\/michelle\/"}]}},"_links":{"self":[{"href":"https:\/\/www.minhdu.gov.cm\/wp-json\/wp\/v2\/posts\/8757","targetHints":{"allow":["GET"]}}],"collection":[{"href":"https:\/\/www.minhdu.gov.cm\/wp-json\/wp\/v2\/posts"}],"about":[{"href":"https:\/\/www.minhdu.gov.cm\/wp-json\/wp\/v2\/types\/post"}],"author":[{"embeddable":true,"href":"https:\/\/www.minhdu.gov.cm\/wp-json\/wp\/v2\/users\/3"}],"replies":[{"embeddable":true,"href":"https:\/\/www.minhdu.gov.cm\/wp-json\/wp\/v2\/comments?post=8757"}],"version-history":[{"count":6,"href":"https:\/\/www.minhdu.gov.cm\/wp-json\/wp\/v2\/posts\/8757\/revisions"}],"predecessor-version":[{"id":8769,"href":"https:\/\/www.minhdu.gov.cm\/wp-json\/wp\/v2\/posts\/8757\/revisions\/8769"}],"wp:featuredmedia":[{"embeddable":true,"href":"https:\/\/www.minhdu.gov.cm\/wp-json\/wp\/v2\/media\/216"}],"wp:attachment":[{"href":"https:\/\/www.minhdu.gov.cm\/wp-json\/wp\/v2\/media?parent=8757"}],"wp:term":[{"taxonomy":"category","embeddable":true,"href":"https:\/\/www.minhdu.gov.cm\/wp-json\/wp\/v2\/categories?post=8757"},{"taxonomy":"post_tag","embeddable":true,"href":"https:\/\/www.minhdu.gov.cm\/wp-json\/wp\/v2\/tags?post=8757"},{"taxonomy":"post_folder","embeddable":true,"href":"https:\/\/www.minhdu.gov.cm\/wp-json\/wp\/v2\/post_folder?post=8757"}],"curies":[{"name":"wp","href":"https:\/\/api.w.org\/{rel}","templated":true}]}}