{"id":8803,"date":"2022-08-23T14:55:31","date_gmt":"2022-08-23T12:55:31","guid":{"rendered":"http:\/\/192.168.108.1\/?p=8803"},"modified":"2022-08-23T15:12:14","modified_gmt":"2022-08-23T13:12:14","slug":"discours-du-ministre-lors-de-la-signature-des-contrats-de-ville-de-yaounde-et-de-douala-2-2-2-2-2-2","status":"publish","type":"post","link":"https:\/\/www.minhdu.gov.cm\/discours-du-ministre-lors-de-la-signature-des-contrats-de-ville-de-yaounde-et-de-douala-2-2-2-2-2-2\/","title":{"rendered":"ALLOCUTION DU MINISTRE DE L\u2019HABITAT ET DU DEVELOPPEMENT URBAIN LORS DE LA REUNION DE LANCEMENT DES PROJETS TRANSF\u00c9R\u00c9S PAR LE MINHDU AUX CTD POUR LE COMPTE DE L\u2019EXERCICE BUDGETAIRE 2022"},"content":{"rendered":"<p>[et_pb_section fb_built=&#8221;1&#8243; _builder_version=&#8221;4.16&#8243; global_colors_info=&#8221;{}&#8221; theme_builder_area=&#8221;post_content&#8221;][et_pb_row _builder_version=&#8221;4.16&#8243; background_size=&#8221;initial&#8221; background_position=&#8221;top_left&#8221; background_repeat=&#8221;repeat&#8221; global_colors_info=&#8221;{}&#8221; theme_builder_area=&#8221;post_content&#8221;][et_pb_column type=&#8221;4_4&#8243; _builder_version=&#8221;4.16&#8243; custom_padding=&#8221;|||&#8221; global_colors_info=&#8221;{}&#8221; custom_padding__hover=&#8221;|||&#8221; theme_builder_area=&#8221;post_content&#8221;][et_pb_text _builder_version=&#8221;4.18.0&#8243; background_size=&#8221;initial&#8221; background_position=&#8221;top_left&#8221; background_repeat=&#8221;repeat&#8221; hover_enabled=&#8221;0&#8243; global_colors_info=&#8221;{}&#8221; theme_builder_area=&#8221;post_content&#8221; sticky_enabled=&#8221;0&#8243;]<!-- divi:paragraph --><\/p>\n<ul><\/ul>\n<p>&nbsp;<\/p>\n<ul>\n<li style=\"text-align: justify;\"><strong>Monsieur le Secr\u00e9taire G\u00e9n\u00e9ral du MINHDU\u00a0;<\/strong><\/li>\n<li style=\"text-align: justify;\"><strong>Messieurs les Maires de villes\u00a0; <\/strong><\/li>\n<li style=\"text-align: justify;\"><strong>Mesdames et Messieurs les Maires des Communes et Communes d\u2019Arrondissements\u00a0;<\/strong><\/li>\n<li style=\"text-align: justify;\"><strong>Monsieur le Coordonnateur du r\u00e9seau des Secr\u00e9taires G\u00e9n\u00e9raux des Collectivit\u00e9s Territoriales D\u00e9centralis\u00e9es\u00a0;<\/strong><\/li>\n<li style=\"text-align: justify;\"><strong>Mesdames et Messieurs les Secr\u00e9taires G\u00e9n\u00e9raux des Communaut\u00e9s Urbaines et Mairies\u00a0;<\/strong><\/li>\n<li style=\"text-align: justify;\"><strong>Madame l\u2019inspecteur G\u00e9n\u00e9ral charg\u00e9 des questions Techniques au MINHDU\u00a0;<\/strong><\/li>\n<li style=\"text-align: justify;\"><strong>Chers collaborateurs\u00a0;<\/strong><\/li>\n<li style=\"text-align: justify;\"><strong>Mesdames et Messieurs\u00a0;<\/strong><\/li>\n<\/ul>\n<p style=\"text-align: justify;\">Il m\u2019est agr\u00e9able de prendre la parole ce jour, \u00e0 l\u2019occasion de la r\u00e9union de lancement de l\u2019ex\u00e9cution des dotations du MINHDU pour la mise en \u0153uvre des comp\u00e9tences transf\u00e9r\u00e9es, au titre de l\u2019exercice budg\u00e9taire 2022.<\/p>\n<p style=\"text-align: justify;\">Je voudrais avant tout, vous remercier, vous, acteurs privil\u00e9gi\u00e9s du d\u00e9veloppement local, d\u2019avoir r\u00e9pondu promptement \u00e0 cet appel lanc\u00e9 par mon D\u00e9partement Minist\u00e9riel. En r\u00e9pondant \u00e0 notre invitation malgr\u00e9 vos multiples charges, vous montrez l\u2019int\u00e9r\u00eat particulier que chacun de vous accorde dans le suivi et la mise en \u0153uvre des comp\u00e9tences transf\u00e9r\u00e9es pour lesquelles vous \u00eates les Ma\u00eetres d\u2019Ouvrage.<\/p>\n<p style=\"text-align: justify;\">Oui, chers \u00e9diles, dans le cadre de la migration du Cameroun vers un Etat d\u00e9centralis\u00e9, le Pr\u00e9sident de la R\u00e9publique, Son Excellence Paul BIYA, a promulgu\u00e9 le 24 d\u00e9cembre 2019, la loi portant Code G\u00e9n\u00e9ral des Collectivit\u00e9s Territoriales D\u00e9centralis\u00e9es qui vous place au centre de l\u2019action publique pour la mise en \u0153uvre des projets ayant vocation \u00e0 propulser le d\u00e9veloppement local par la base.<\/p>\n<p style=\"text-align: justify;\">Cette loi rappelle les comp\u00e9tences qui vous sont d\u00e9volues au rang desquelles, une quinzaine relative \u00e0 la planification, l\u2019urbanisme et l\u2019habitat.<\/p>\n<p style=\"text-align: justify;\">Ainsi, dans le cadre de la mise en \u0153uvre de ces comp\u00e9tences, le MINHDU a transf\u00e9r\u00e9, pour le compte de l\u2019exercice budg\u00e9taire 2022, des ressources financi\u00e8res \u00e0 hauteur de 6, 35 milliards de FCFA, \u00e0 71 Communes.<\/p>\n<p style=\"text-align: justify;\">Comme vous le savez, ces ressources sont destin\u00e9es \u00e0\u00a0:<\/p>\n<ul style=\"text-align: justify;\">\n<li>l\u2019\u00e9laboration des documents de planification urbaine notamment les Plans d\u2019occupation des Sols et les Plans Sommaires d\u2019Urbanisme\u00a0;<\/li>\n<li>la r\u00e9habilitation et \/ou l\u2019entretien la voirie urbaine ;<\/li>\n<li>les travaux d\u2019\u00e9clairage public ;<\/li>\n<li>les travaux en Haute Intensit\u00e9 de Main d\u2019\u0152uvre pour certaines op\u00e9rations d\u2019am\u00e9nagement et la viabilisation des espaces habitables dans les quartiers pr\u00e9caires ;<\/li>\n<li>la cr\u00e9ation et l&#8217;am\u00e9nagement d&#8217;espaces publics urbains ;<\/li>\n<\/ul>\n<p style=\"text-align: justify;\">L\u2019ensemble de cette dotation s\u2019appuie au mieux sur les principes cardinaux de la budg\u00e9tisation par comp\u00e9tence et le respect de l\u2019exclusivit\u00e9 de l\u2019exercice des comp\u00e9tences transf\u00e9r\u00e9es.<\/p>\n<p style=\"text-align: justify;\">Depuis 2012, le processus de transfert de cr\u00e9dits engag\u00e9 par le MINHDU va crescendo, en nombre de communes b\u00e9n\u00e9ficiaires, en montant et en activit\u00e9s. C\u2019est ainsi que 54 Communes ont b\u00e9n\u00e9fici\u00e9 en 2019 de transfert de cr\u00e9dit d\u2019un montant global de 4 491 000 000 FCFA. En 2020 et 2021, environ 85 Communes ont \u00e9t\u00e9 b\u00e9n\u00e9ficiaires pour un montant global d\u2019environ 5 milliards de FCFA.<\/p>\n<p style=\"text-align: justify;\">En 2022, avec l\u2019alignement des programmes des administrations publiques aux orientations de la SND30 et l\u2019impl\u00e9mentation du nouveau cadre strat\u00e9gique de performance du Minist\u00e8re, l\u2019appui des CTD pour la mise en \u0153uvre des comp\u00e9tences transf\u00e9r\u00e9es a l\u00e9g\u00e8rement augment\u00e9 et se situe comme mentionn\u00e9 plus haut \u00e0 6 milliards 350 millions.<\/p>\n<p style=\"text-align: justify;\"><strong>Mesdames et Messieurs,<\/strong><\/p>\n<p style=\"text-align: justify;\">La pr\u00e9sente rencontre MINHDU-CTD est organis\u00e9e dans le but de proc\u00e9der au lancement officiel de la mise en \u0153uvre des projets y relatifs pour frayer un chemin de collaboration en vue de mutualiser nos efforts pour am\u00e9liorer le cadre de l\u2019accompagnement technique et financier dont vous b\u00e9n\u00e9ficiez depuis d\u00e9j\u00e0 plusieurs ann\u00e9es.<\/p>\n<p style=\"text-align: justify;\">Cette rencontre se tient en hybride non seulement avec les Maires des Communes concern\u00e9es en pr\u00e9sentiel, mais aussi en visioconf\u00e9rence avec les Secr\u00e9taires G\u00e9n\u00e9raux de ces Mairies, ainsi que les d\u00e9l\u00e9gu\u00e9s r\u00e9gionaux et D\u00e9partementaux, ceci dans le souci de communication et de partage d\u2019information autour de ces projets afin qu\u2019ils b\u00e9n\u00e9ficient d\u2019un meilleur suivi que par le pass\u00e9.<\/p>\n<p style=\"text-align: justify;\">Ce partage est fait \u00e0 dessein, il s\u2019agit pour moi de \u00ab nous \u00bb permettre, oui parce que nous sommes une \u00e9quipe, de corriger les imperfections constat\u00e9es dans la mise en \u0153uvre de ces. En effet, il est observ\u00e9 au cours des exercices budg\u00e9taires ant\u00e9rieures, que les ressources transf\u00e9r\u00e9es aux CTD constituent encore le point faible de la performance du MINHDU.<\/p>\n<p style=\"text-align: justify;\">Cette situation est d\u2019autant plus pr\u00e9occupante qu\u2019il s\u2019agit des dotations annuelles et dont la non consommation entraine la forclusion des cr\u00e9dits. Ce qui fait perdre aux populations b\u00e9n\u00e9ficiaires de ces projets des possibilit\u00e9s d\u2019am\u00e9liorer leur cadre de vie d\u2019une part et baisse les performances du MINHDU d\u2019autre part.<\/p>\n<p style=\"text-align: justify;\">L\u2019explication de ces r\u00e9sultats mitig\u00e9s enregistr\u00e9s chaque ann\u00e9e tient entre autres (i) au\u00a0 retard dans la proc\u00e9dure de passation des march\u00e9s et (ii) \u00e0 la faible voire la mauvaise collaboration qui existent entre les acteurs dans le suivi de ces projets.<\/p>\n<p style=\"text-align: justify;\">Les \u00e9l\u00e9ments de contractualisation des march\u00e9s relatifs \u00e0 chacun de ces projets ont depuis novembre 2021 pour certains et f\u00e9vrier 2022 pour d\u2019autres, \u00e9t\u00e9 transmis aux diff\u00e9rents Maitres d\u2019Ouvrage (les Maires) que vous \u00eates. Si pour certains de ces projets, les march\u00e9s sont en phase finale du processus de passation, pour d\u2019autre par contre, le processus accuse d\u00e9j\u00e0 un grand retard.<\/p>\n<p style=\"text-align: justify;\">C\u2019est le lieu pour les communes qui rencontrent des difficult\u00e9s, de les d\u00e9rouler afin qu\u2019ensemble, nous trouvions des solutions efficientes pour permettre une mise en \u0153uvre sereine de ces projets.<\/p>\n<p style=\"text-align: justify;\">Cette c\u00e9r\u00e9monie s\u2019inscrit \u00e9galement dans la logique du n\u00e9cessaire de renforcement des capacit\u00e9s des CTD afin qu\u2019elles puissent conduire efficacement le processus de d\u00e9veloppement local. C\u2019est ainsi qu\u2019il est pr\u00e9vu trois communications sur des th\u00e9matiques essentielles relatives \u00e0 la mise en \u0153uvre des comp\u00e9tences transf\u00e9r\u00e9es aux CTD par mon d\u00e9partement minist\u00e9riel.<\/p>\n<p style=\"text-align: justify;\"><strong>Mesdames et Messieurs les Maires,<\/strong><\/p>\n<p style=\"text-align: justify;\"><strong>Mesdames et Messieurs les Secr\u00e9taires G\u00e9n\u00e9raux,<\/strong><\/p>\n<p style=\"text-align: justify;\">Le <strong>Pr\u00e9sident de la R\u00e9publique, Son Excellence Monsieur Paul Biya, <\/strong>dans son allocution au si\u00e8ge des Nations Unies\u00a0 \u00e0 New York en 2016, dans le cadre du d\u00e9bat sur la mise en \u0153uvre des Objectifs de D\u00e9veloppement Durable, a relev\u00e9 que ce programme \u00a0ambitieux demande la franche implication de tous.<\/p>\n<p style=\"text-align: justify;\">Aussi, je nous exhorte \u00e0 une bonne synergie dans la r\u00e9alisation de ces projets. Ce n\u2019est qu\u2019ainsi que nous r\u00e9ussirons \u00e0 atteindre une meilleure performance pour la satisfaction de nos populations.<\/p>\n<p style=\"text-align: justify;\"><strong>Mesdames et Messieurs,\u00a0 \u00a0<\/strong><\/p>\n<p style=\"text-align: justify;\">Tout en vous souhaitant de nouveau un chaleureux s\u00e9jour dans votre maison, le MINHDU, je vous invite \u00e0 suivre avec la plus grande attention lesdites communications.<\/p>\n<p style=\"text-align: justify;\">Elles vont permettre \u00e0 co\u00fbt s\u00fbr d\u2019am\u00e9liorer la gouvernance de vos municipalit\u00e9s et la mise en \u0153uvre des comp\u00e9tences transf\u00e9r\u00e9es aussi bien par le MINHDU que par d\u2019autres d\u00e9partements minist\u00e9riels.<\/p>\n<p style=\"text-align: justify;\">Je vous remercie pour votre attention soutenue.<\/p>\n<p>&nbsp;<\/p>\n<p>&nbsp;<\/p>\n<p><!-- \/divi:paragraph --><\/p>\n<p><!-- divi:paragraph {\"fontSize\":\"small\"} --><\/p>\n<p class=\"has-small-font-size\"><a href=\"https:\/\/www.minhdu.gov.cm\/wp-content\/uploads\/2022\/08\/DISCOURS-reunion-de-lancement.pdf\" target=\"_blank\" rel=\"noreferrer noopener\">T\u00e9l\u00e9charger le pdf<\/a><\/p>\n<p><!-- \/divi:paragraph --><\/p>\n<p><!-- divi:paragraph --><\/p>\n<p><!-- \/divi:paragraph -->[\/et_pb_text][\/et_pb_column][\/et_pb_row][\/et_pb_section]<\/p>\n<span class=\"et_bloom_bottom_trigger\"><\/span>","protected":false},"excerpt":{"rendered":"<p>&nbsp; Monsieur le Secr\u00e9taire G\u00e9n\u00e9ral du MINHDU\u00a0; Messieurs les Maires de villes\u00a0; Mesdames et Messieurs les Maires des Communes et Communes d\u2019Arrondissements\u00a0; Monsieur le Coordonnateur du r\u00e9seau des Secr\u00e9taires G\u00e9n\u00e9raux [&hellip;]<\/p>\n","protected":false},"author":3,"featured_media":216,"comment_status":"open","ping_status":"open","sticky":false,"template":"","format":"standard","meta":{"_et_pb_use_builder":"on","_et_pb_old_content":"<!-- wp:paragraph -->\n<p>Je vous salue et vous souhaite la bienvenue en ce lieu, ce jour, \u00e0 l\u2019occasion de la tenue de la deuxi\u00e8me session du comit\u00e9 de pilotage du projet de construction de l\u2019autoroute Yaound\u00e9-Nsimalen. Je vous remercie de votre pr\u00e9sence et vous exprime toute ma reconnaissance pour votre disponibilit\u00e9 et votre engagement \u00e0 accompagner cette \u00e9tape de maturation du projet. Mes remerciements s\u2019adressent particuli\u00e8rement au Ministre des Travaux Publics pour l\u2019encadrement et l\u2019int\u00e9r\u00eat qu\u2019il porte \u00e0 nos travaux. Qu\u2019il me soit permis de lui pr\u00e9senter, en votre nom et \u00e0 mon nom propre, toute ma gratitude. Excellence, Mesdames et Messieurs, La pr\u00e9sente session se situe dans le prolongement de celle du 18 Juin dernier au cours de laquelle des recommandations fortes avaient \u00e9t\u00e9 formul\u00e9es relativement \u00e0 l\u2019exploitation du rapport d\u2019\u00e9tudes de faisabilit\u00e9. Cette s\u00e9ance, je veux l\u2019esp\u00e9rer, nous permettra de marquer un pas positif, un point de plus sur le chemin de la finalisation de la phase pr\u00e9paratoire du projet. En effet, il est question, \u00e0 l\u2019aune du rapport d\u2019\u00e9tudes disponible, d\u2019harmoniser notre compr\u00e9hension de son contenu, identifier les zones d\u2019ombres le cas \u00e9ch\u00e9ant et en apporter toute l\u2019\u00e9clairage souhait\u00e9; toutes choses n\u00e9cessitant l\u2019apport de chacun et pr\u00e9alables \u00e0 la concr\u00e9tisation, du moins au d\u00e9marrage de cet important projet. 3 Excellence, Mesdames et Messieurs, Je voudrai \u00e0 pr\u00e9sent et avec votre permission, rappeler \u00e0 grands traits quelques caract\u00e9ristiques g\u00e9n\u00e9rales du trac\u00e9 du projet. Au fait, le projet de construction de l\u2019autoroute Yaound\u00e9- Nsimalen part de la Poste Centrale, traverse en passage inf\u00e9rieur un carrefour d\u00e9nivel\u00e9 au niveau de \u00ab mont\u00e9e Zo\u00e9 \u00bb, traverse en passage inf\u00e9rieur le carrefour MVOG- MBI en giratoire d\u00e9nivel\u00e9 perc\u00e9, rejoint le carrefour d\u00e9nivel\u00e9 MVAN en passage sup\u00e9rieur, raccorde \u00e0 partir d\u2019un \u00e9changeur au niveau de AHALA la section AHALA- \u00e9changeur au niveau du village MEYO o\u00f9 il rencontre la voie de contournement EST de la ville de Yaound\u00e9 et arrive au carrefour Nsimalen sur un \u00e9changeur. Cette autoroute longue d\u2019environ 18 km, comporte deux sections, \u00e0 savoir : \u2022 Une section dite &lt; en rase campagne &gt; longue de 10,660 km qui part du rond-point en contre bas de l\u2019a\u00e9roport de Nsimalen sur la Nationale RN2 \u00e0 la RN3, \u00e0 environ 200 m de la station MRS de Mvan. \u2022 Une section dite &lt; section urbaine &gt; longue de 8,0385 km, poste centrale (PK0+00)- carrefour MVOG-MBI- carrefour coron- contre bas de l\u2019universit\u00e9 catholique- ancien a\u00e9roport- carrefour Mvan- Echangeur Mvan- jonction avec la premi\u00e8re section (environ 200 m apr\u00e8s la station MRS de MVAN. Au cours de la pr\u00e9sente session, quatre variantes seront pr\u00e9sent\u00e9es ainsi qu\u2019il suit : - La variante A, avec une vitesse de r\u00e9f\u00e9rence de 60 km\/h, passe derri\u00e8re les installations de la brasserie. Le trac\u00e9 \u00e9pouse une route de 1 427 m sur le terrain naturel entre le carrefour coron et les installations de la brasserie. - La variante B, avec une vitesse de r\u00e9f\u00e9rence de 80 km\/h, passe derri\u00e8re les brasseries. Toutefois, il traverse la section carrefour coron- installation de la brasserie, par un pont a\u00e9rien. - La variante C, avec une vitesse de r\u00e9f\u00e9rence de 60 km\/h, passe devant CAMI TOYOTA. Le trac\u00e9 est un d\u00e9doublement de la voie existante, qui va entrainer la d\u00e9molition des installations de la brasserie. - La variante D, avec une vitesse de r\u00e9f\u00e9rence de 80 km\/h, passe devant CAMI TOYOTA. Toutefois, le trac\u00e9 passe par trois ponts a\u00e9riens \u00e0 partir du carrefour Coron. En tout \u00e9tat de cause, la sp\u00e9cificit\u00e9 de ces variantes r\u00e9side sur la section carrefour Coron- Brasseries d\u2019une part, et la vitesse de r\u00e9f\u00e9rence qui est un param\u00e8tre indicatif pour les caract\u00e9ristiques g\u00e9om\u00e9triques d\u2019une route d\u2019autre part. La Cellule Op\u00e9rationnelle a sugg\u00e9r\u00e9, en sa session du 22 mai 2012, la validation de la variante B sous r\u00e9serve du justificatif du co\u00fbt du projet. 4 Par ailleurs, le projet de construction de l\u2019autoroute urbaine est estim\u00e9e \u00e0 112,4 milliards de F CFA HTVA, non compris les d\u00e9placements de r\u00e9seaux et de 61 978 996 000 F CFA HTVA dans sa section en rase campagne Le co\u00fbt du projet est de 174 378 996 000 F CFA HTA, auquel il faut adjoindre les divers et impr\u00e9vus de 3 118 746 077 F CFA HTVA (environ 2% du co\u00fbt du projet) Le Co\u00fbt total provisoire du projet est donc d\u2019environ 177,5 milliards F CFA HTVA, non compris les d\u00e9placements de r\u00e9seaux. Il sera justifi\u00e9 et valid\u00e9 au cours des sessions du Comit\u00e9 de pilotage et de la Cellule Op\u00e9rationnelle, apr\u00e8s la validation du rapport de faisabilit\u00e9. Au cours de cette session, il sera r\u00e9it\u00e9r\u00e9 \u00e0 l\u2019entreprise SINOHYDRO, de faire des propositions en vue de l\u2019am\u00e9nagement du carrefour de la poste centrale qui diffusera le trafic autoroutier venant depuis le carrefour Nsimalen et son raccordement avec le d\u00e9but de l\u2019autoroute Yaound\u00e9- Douala aux environs du village MINKOAMEYOS d\u2019une part, et des points strat\u00e9giques de la ville de Yaound\u00e9 d\u2019autre part. Cet am\u00e9nagement fera l\u2019objet d\u2019un projet sp\u00e9cifique pour \u00e9viter un ench\u00e9rissement de celui-ci. L\u2019ordre du jour appelle, entre autres, notre attention sur l\u2019examen du rapport d\u2019\u00e9tudes de faisabilit\u00e9 du projet. Sa validation \u00e9ventuelle permettra \u00e0 l\u2019entreprise SINOHYDRO d\u2019affiner ses propositions technique et financi\u00e8re. Apr\u00e8s la signature du contrat de service, cette entreprise proc\u00e8dera \u00e0 la recherche du financement aupr\u00e8s d\u2019une banque chinoise. Je vous remercie pour votre bienveillante attention. Si vous convenez, Je vais donc passer la parole au Directeur du D\u00e9veloppement Urbain pour la lecture du compte rendu de la session du 18 juin 2012 du Comit\u00e9 de Pilotage.<\/p>\n<!-- \/wp:paragraph -->\n\n<!-- wp:paragraph {\"fontSize\":\"small\"} -->\n<p class=\"has-small-font-size\"><a href=\"https:\/\/www.minhdu.gov.cm\/wp-content\/uploads\/2022\/07\/1-DiscoursMinhduAtelierdesMairesdu22juillet2014.pdf\" target=\"_blank\" rel=\"noreferrer noopener\">T\u00e9l\u00e9charger le pdf<\/a><\/p>\n<!-- \/wp:paragraph -->\n\n<!-- wp:paragraph -->\n<p><\/p>\n<!-- \/wp:paragraph -->\n\n<!-- wp:divi\/placeholder \/-->","_et_gb_content_width":"","_EventAllDay":false,"_EventTimezone":"","_EventStartDate":"","_EventEndDate":"","_EventStartDateUTC":"","_EventEndDateUTC":"","_EventShowMap":false,"_EventShowMapLink":false,"_EventURL":"","_EventCost":"","_EventCostDescription":"","_EventCurrencySymbol":"","_EventCurrencyCode":"","_EventCurrencyPosition":"","_EventDateTimeSeparator":"","_EventTimeRangeSeparator":"","_EventOrganizerID":[],"_EventVenueID":0,"_OrganizerEmail":"","_OrganizerPhone":"","_OrganizerWebsite":"","_VenueAddress":"","_VenueCity":"","_VenueCountry":"","_VenueProvince":"","_VenueZip":"","_VenuePhone":"","_VenueURL":"","_VenueStateProvince":"","_VenueLat":"","_VenueLng":"","footnotes":""},"categories":[40],"tags":[],"post_folder":[],"class_list":["post-8803","post","type-post","status-publish","format-standard","has-post-thumbnail","hentry","category-speechs"],"yoast_head":"<!-- This site is optimized with the Yoast SEO plugin v19.13 - https:\/\/yoast.com\/wordpress\/plugins\/seo\/ -->\n<title>ALLOCUTION DU MINISTRE DE L\u2019HABITAT ET DU DEVELOPPEMENT URBAIN LORS DE LA REUNION DE LANCEMENT DES PROJETS TRANSF\u00c9R\u00c9S PAR LE MINHDU AUX CTD POUR LE COMPTE DE L\u2019EXERCICE BUDGETAIRE 2022<\/title>\n<meta name=\"description\" content=\"[et_pb_section fb_built=&quot;1&quot; _builder_version=&quot;4.16&quot; global_colors_info=&quot;{}&quot; theme_builder_area=&quot;post_content&quot;][et_pb_row _builder_version=&quot;4.16&quot; background_size=&quot;initial&quot; background_position=&quot;top_left&quot; background_repeat=&quot;repeat&quot; global_colors_info=&quot;{}&quot; theme_builder_area=&quot;post_content&quot;][et_pb_column type=&quot;4_4&quot; _builder_version=&quot;4.16&quot; custom_padding=&quot;|||&quot; global_colors_info=&quot;{}&quot; custom_padding__hover=&quot;|||&quot; theme_builder_area=&quot;post_content&quot;][et_pb_text _builder_version=&quot;4.18.0&quot; background_size=&quot;initial&quot; background_position=&quot;top_left&quot; background_repeat=&quot;repeat&quot; hover_enabled=&quot;0&quot; global_colors_info=&quot;{}&quot; theme_builder_area=&quot;post_content&quot; sticky_enabled=&quot;0&quot;] &nbsp; Monsieur le Secr\u00e9taire G\u00e9n\u00e9ral du MINHDU\u00a0; Messieurs les Maires de villes\u00a0; Mesdames et Messieurs les Maires des Communes et Communes d\u2019Arrondissements\u00a0; Monsieur le Coordonnateur du r\u00e9seau des Secr\u00e9taires G\u00e9n\u00e9raux&hellip;\" \/>\n<meta name=\"robots\" content=\"index, follow, max-snippet:-1, max-image-preview:large, max-video-preview:-1\" \/>\n<link rel=\"canonical\" href=\"https:\/\/www.minhdu.gov.cm\/discours-du-ministre-lors-de-la-signature-des-contrats-de-ville-de-yaounde-et-de-douala-2-2-2-2-2-2\/\" \/>\n<meta property=\"og:locale\" content=\"en_US\" \/>\n<meta property=\"og:type\" content=\"article\" \/>\n<meta property=\"og:title\" content=\"ALLOCUTION DU MINISTRE DE L\u2019HABITAT ET DU DEVELOPPEMENT URBAIN LORS DE LA REUNION DE LANCEMENT DES PROJETS TRANSF\u00c9R\u00c9S PAR LE MINHDU AUX CTD POUR LE COMPTE DE L\u2019EXERCICE BUDGETAIRE 2022\" \/>\n<meta property=\"og:description\" content=\"[et_pb_section fb_built=&quot;1&quot; _builder_version=&quot;4.16&quot; global_colors_info=&quot;{}&quot; theme_builder_area=&quot;post_content&quot;][et_pb_row _builder_version=&quot;4.16&quot; background_size=&quot;initial&quot; background_position=&quot;top_left&quot; background_repeat=&quot;repeat&quot; global_colors_info=&quot;{}&quot; theme_builder_area=&quot;post_content&quot;][et_pb_column type=&quot;4_4&quot; _builder_version=&quot;4.16&quot; custom_padding=&quot;|||&quot; global_colors_info=&quot;{}&quot; custom_padding__hover=&quot;|||&quot; theme_builder_area=&quot;post_content&quot;][et_pb_text _builder_version=&quot;4.18.0&quot; background_size=&quot;initial&quot; background_position=&quot;top_left&quot; background_repeat=&quot;repeat&quot; hover_enabled=&quot;0&quot; global_colors_info=&quot;{}&quot; theme_builder_area=&quot;post_content&quot; sticky_enabled=&quot;0&quot;] &nbsp; Monsieur le Secr\u00e9taire G\u00e9n\u00e9ral du MINHDU\u00a0; Messieurs les Maires de villes\u00a0; Mesdames et Messieurs les Maires des Communes et Communes d\u2019Arrondissements\u00a0; Monsieur le Coordonnateur du r\u00e9seau des Secr\u00e9taires G\u00e9n\u00e9raux&hellip;\" \/>\n<meta property=\"og:url\" content=\"https:\/\/www.minhdu.gov.cm\/discours-du-ministre-lors-de-la-signature-des-contrats-de-ville-de-yaounde-et-de-douala-2-2-2-2-2-2\/\" \/>\n<meta property=\"og:site_name\" content=\"MINHDU\" \/>\n<meta property=\"article:publisher\" content=\"https:\/\/www.facebook.com\/cameroun.minhdu\/\" \/>\n<meta property=\"article:published_time\" content=\"2022-08-23T12:55:31+00:00\" \/>\n<meta property=\"article:modified_time\" content=\"2022-08-23T13:12:14+00:00\" \/>\n<meta property=\"og:image\" content=\"https:\/\/www.minhdu.gov.cm\/wp-content\/uploads\/2022\/06\/minhdu2.png\" \/>\n\t<meta property=\"og:image:width\" content=\"250\" \/>\n\t<meta property=\"og:image:height\" content=\"250\" \/>\n\t<meta property=\"og:image:type\" content=\"image\/png\" \/>\n<meta name=\"author\" content=\"Michelle ONDOA\" \/>\n<meta name=\"twitter:card\" content=\"summary_large_image\" \/>\n<meta name=\"twitter:creator\" content=\"@cameroun_minhdu\" \/>\n<meta name=\"twitter:site\" content=\"@cameroun_minhdu\" \/>\n<meta name=\"twitter:label1\" content=\"Written by\" \/>\n\t<meta name=\"twitter:data1\" content=\"Michelle ONDOA\" \/>\n\t<meta name=\"twitter:label2\" content=\"Est. reading time\" \/>\n\t<meta name=\"twitter:data2\" content=\"6 minutes\" \/>\n<script type=\"application\/ld+json\" class=\"yoast-schema-graph\">{\"@context\":\"https:\/\/schema.org\",\"@graph\":[{\"@type\":\"Article\",\"@id\":\"https:\/\/www.minhdu.gov.cm\/discours-du-ministre-lors-de-la-signature-des-contrats-de-ville-de-yaounde-et-de-douala-2-2-2-2-2-2\/#article\",\"isPartOf\":{\"@id\":\"https:\/\/www.minhdu.gov.cm\/discours-du-ministre-lors-de-la-signature-des-contrats-de-ville-de-yaounde-et-de-douala-2-2-2-2-2-2\/\"},\"author\":{\"name\":\"Michelle ONDOA\",\"@id\":\"https:\/\/www.minhdu.gov.cm\/#\/schema\/person\/7f9b5a15b2f3c584abe9a7d009c19d79\"},\"headline\":\"ALLOCUTION DU MINISTRE DE L\u2019HABITAT ET DU DEVELOPPEMENT URBAIN LORS DE LA REUNION DE LANCEMENT DES PROJETS TRANSF\u00c9R\u00c9S PAR LE MINHDU AUX CTD POUR LE COMPTE DE L\u2019EXERCICE BUDGETAIRE 2022\",\"datePublished\":\"2022-08-23T12:55:31+00:00\",\"dateModified\":\"2022-08-23T13:12:14+00:00\",\"mainEntityOfPage\":{\"@id\":\"https:\/\/www.minhdu.gov.cm\/discours-du-ministre-lors-de-la-signature-des-contrats-de-ville-de-yaounde-et-de-douala-2-2-2-2-2-2\/\"},\"wordCount\":1352,\"commentCount\":0,\"publisher\":{\"@id\":\"https:\/\/www.minhdu.gov.cm\/#organization\"},\"articleSection\":[\"Speechs\"],\"inLanguage\":\"en-US\",\"potentialAction\":[{\"@type\":\"CommentAction\",\"name\":\"Comment\",\"target\":[\"https:\/\/www.minhdu.gov.cm\/discours-du-ministre-lors-de-la-signature-des-contrats-de-ville-de-yaounde-et-de-douala-2-2-2-2-2-2\/#respond\"]}]},{\"@type\":\"WebPage\",\"@id\":\"https:\/\/www.minhdu.gov.cm\/discours-du-ministre-lors-de-la-signature-des-contrats-de-ville-de-yaounde-et-de-douala-2-2-2-2-2-2\/\",\"url\":\"https:\/\/www.minhdu.gov.cm\/discours-du-ministre-lors-de-la-signature-des-contrats-de-ville-de-yaounde-et-de-douala-2-2-2-2-2-2\/\",\"name\":\"ALLOCUTION DU MINISTRE DE L\u2019HABITAT ET DU DEVELOPPEMENT URBAIN LORS DE LA REUNION DE LANCEMENT DES PROJETS TRANSF\u00c9R\u00c9S PAR LE MINHDU AUX CTD POUR LE COMPTE DE L\u2019EXERCICE BUDGETAIRE 2022 - MINHDU\",\"isPartOf\":{\"@id\":\"https:\/\/www.minhdu.gov.cm\/#website\"},\"datePublished\":\"2022-08-23T12:55:31+00:00\",\"dateModified\":\"2022-08-23T13:12:14+00:00\",\"breadcrumb\":{\"@id\":\"https:\/\/www.minhdu.gov.cm\/discours-du-ministre-lors-de-la-signature-des-contrats-de-ville-de-yaounde-et-de-douala-2-2-2-2-2-2\/#breadcrumb\"},\"inLanguage\":\"en-US\",\"potentialAction\":[{\"@type\":\"ReadAction\",\"target\":[\"https:\/\/www.minhdu.gov.cm\/discours-du-ministre-lors-de-la-signature-des-contrats-de-ville-de-yaounde-et-de-douala-2-2-2-2-2-2\/\"]}]},{\"@type\":\"BreadcrumbList\",\"@id\":\"https:\/\/www.minhdu.gov.cm\/discours-du-ministre-lors-de-la-signature-des-contrats-de-ville-de-yaounde-et-de-douala-2-2-2-2-2-2\/#breadcrumb\",\"itemListElement\":[{\"@type\":\"ListItem\",\"position\":1,\"name\":\"Home\",\"item\":\"https:\/\/www.minhdu.gov.cm\/\"},{\"@type\":\"ListItem\",\"position\":2,\"name\":\"ALLOCUTION DU MINISTRE DE L\u2019HABITAT ET DU DEVELOPPEMENT URBAIN LORS DE LA REUNION DE LANCEMENT DES PROJETS TRANSF\u00c9R\u00c9S PAR LE MINHDU AUX CTD POUR LE COMPTE DE L\u2019EXERCICE BUDGETAIRE 2022\"}]},{\"@type\":\"WebSite\",\"@id\":\"https:\/\/www.minhdu.gov.cm\/#website\",\"url\":\"https:\/\/www.minhdu.gov.cm\/\",\"name\":\"MINHDU\",\"description\":\"\",\"publisher\":{\"@id\":\"https:\/\/www.minhdu.gov.cm\/#organization\"},\"potentialAction\":[{\"@type\":\"SearchAction\",\"target\":{\"@type\":\"EntryPoint\",\"urlTemplate\":\"https:\/\/www.minhdu.gov.cm\/?s={search_term_string}\"},\"query-input\":\"required name=search_term_string\"}],\"inLanguage\":\"en-US\"},{\"@type\":\"Organization\",\"@id\":\"https:\/\/www.minhdu.gov.cm\/#organization\",\"name\":\"MINHDU\",\"url\":\"https:\/\/www.minhdu.gov.cm\/\",\"logo\":{\"@type\":\"ImageObject\",\"inLanguage\":\"en-US\",\"@id\":\"https:\/\/www.minhdu.gov.cm\/#\/schema\/logo\/image\/\",\"url\":\"https:\/\/www.minhdu.gov.cm\/wp-content\/uploads\/2022\/06\/minhdu2.png\",\"contentUrl\":\"https:\/\/www.minhdu.gov.cm\/wp-content\/uploads\/2022\/06\/minhdu2.png\",\"width\":250,\"height\":250,\"caption\":\"MINHDU\"},\"image\":{\"@id\":\"https:\/\/www.minhdu.gov.cm\/#\/schema\/logo\/image\/\"},\"sameAs\":[\"https:\/\/www.facebook.com\/cameroun.minhdu\/\",\"https:\/\/twitter.com\/cameroun_minhdu\"]},{\"@type\":\"Person\",\"@id\":\"https:\/\/www.minhdu.gov.cm\/#\/schema\/person\/7f9b5a15b2f3c584abe9a7d009c19d79\",\"name\":\"Michelle ONDOA\",\"image\":{\"@type\":\"ImageObject\",\"inLanguage\":\"en-US\",\"@id\":\"https:\/\/www.minhdu.gov.cm\/#\/schema\/person\/image\/\",\"url\":\"https:\/\/secure.gravatar.com\/avatar\/46cf1e505199b6f090134a2687116acf8a0e53bd822d5e21a095bd7a64584085?s=96&d=mm&r=g\",\"contentUrl\":\"https:\/\/secure.gravatar.com\/avatar\/46cf1e505199b6f090134a2687116acf8a0e53bd822d5e21a095bd7a64584085?s=96&d=mm&r=g\",\"caption\":\"Michelle ONDOA\"},\"url\":\"https:\/\/www.minhdu.gov.cm\/author\/michelle\/\"}]}<\/script>\n<!-- \/ Yoast SEO plugin. -->","yoast_head_json":{"title":"ALLOCUTION DU MINISTRE DE L\u2019HABITAT ET DU DEVELOPPEMENT URBAIN LORS DE LA REUNION DE LANCEMENT DES PROJETS TRANSF\u00c9R\u00c9S PAR LE MINHDU AUX CTD POUR LE COMPTE DE L\u2019EXERCICE BUDGETAIRE 2022","description":"[et_pb_section fb_built=\"1\" _builder_version=\"4.16\" global_colors_info=\"{}\" theme_builder_area=\"post_content\"][et_pb_row _builder_version=\"4.16\" background_size=\"initial\" background_position=\"top_left\" background_repeat=\"repeat\" global_colors_info=\"{}\" theme_builder_area=\"post_content\"][et_pb_column type=\"4_4\" _builder_version=\"4.16\" custom_padding=\"|||\" global_colors_info=\"{}\" custom_padding__hover=\"|||\" theme_builder_area=\"post_content\"][et_pb_text _builder_version=\"4.18.0\" background_size=\"initial\" background_position=\"top_left\" background_repeat=\"repeat\" hover_enabled=\"0\" global_colors_info=\"{}\" theme_builder_area=\"post_content\" sticky_enabled=\"0\"] &nbsp; Monsieur le Secr\u00e9taire G\u00e9n\u00e9ral du MINHDU\u00a0; Messieurs les Maires de villes\u00a0; Mesdames et Messieurs les Maires des Communes et Communes d\u2019Arrondissements\u00a0; Monsieur le Coordonnateur du r\u00e9seau des Secr\u00e9taires G\u00e9n\u00e9raux&hellip;","robots":{"index":"index","follow":"follow","max-snippet":"max-snippet:-1","max-image-preview":"max-image-preview:large","max-video-preview":"max-video-preview:-1"},"canonical":"https:\/\/www.minhdu.gov.cm\/discours-du-ministre-lors-de-la-signature-des-contrats-de-ville-de-yaounde-et-de-douala-2-2-2-2-2-2\/","og_locale":"en_US","og_type":"article","og_title":"ALLOCUTION DU MINISTRE DE L\u2019HABITAT ET DU DEVELOPPEMENT URBAIN LORS DE LA REUNION DE LANCEMENT DES PROJETS TRANSF\u00c9R\u00c9S PAR LE MINHDU AUX CTD POUR LE COMPTE DE L\u2019EXERCICE BUDGETAIRE 2022","og_description":"[et_pb_section fb_built=\"1\" _builder_version=\"4.16\" global_colors_info=\"{}\" theme_builder_area=\"post_content\"][et_pb_row _builder_version=\"4.16\" background_size=\"initial\" background_position=\"top_left\" background_repeat=\"repeat\" global_colors_info=\"{}\" theme_builder_area=\"post_content\"][et_pb_column type=\"4_4\" _builder_version=\"4.16\" custom_padding=\"|||\" global_colors_info=\"{}\" custom_padding__hover=\"|||\" theme_builder_area=\"post_content\"][et_pb_text _builder_version=\"4.18.0\" background_size=\"initial\" background_position=\"top_left\" background_repeat=\"repeat\" hover_enabled=\"0\" global_colors_info=\"{}\" theme_builder_area=\"post_content\" sticky_enabled=\"0\"] &nbsp; Monsieur le Secr\u00e9taire G\u00e9n\u00e9ral du MINHDU\u00a0; Messieurs les Maires de villes\u00a0; Mesdames et Messieurs les Maires des Communes et Communes d\u2019Arrondissements\u00a0; Monsieur le Coordonnateur du r\u00e9seau des Secr\u00e9taires G\u00e9n\u00e9raux&hellip;","og_url":"https:\/\/www.minhdu.gov.cm\/discours-du-ministre-lors-de-la-signature-des-contrats-de-ville-de-yaounde-et-de-douala-2-2-2-2-2-2\/","og_site_name":"MINHDU","article_publisher":"https:\/\/www.facebook.com\/cameroun.minhdu\/","article_published_time":"2022-08-23T12:55:31+00:00","article_modified_time":"2022-08-23T13:12:14+00:00","og_image":[{"width":250,"height":250,"url":"https:\/\/www.minhdu.gov.cm\/wp-content\/uploads\/2022\/06\/minhdu2.png","type":"image\/png"}],"author":"Michelle ONDOA","twitter_card":"summary_large_image","twitter_creator":"@cameroun_minhdu","twitter_site":"@cameroun_minhdu","twitter_misc":{"Written by":"Michelle ONDOA","Est. reading time":"6 minutes"},"schema":{"@context":"https:\/\/schema.org","@graph":[{"@type":"Article","@id":"https:\/\/www.minhdu.gov.cm\/discours-du-ministre-lors-de-la-signature-des-contrats-de-ville-de-yaounde-et-de-douala-2-2-2-2-2-2\/#article","isPartOf":{"@id":"https:\/\/www.minhdu.gov.cm\/discours-du-ministre-lors-de-la-signature-des-contrats-de-ville-de-yaounde-et-de-douala-2-2-2-2-2-2\/"},"author":{"name":"Michelle ONDOA","@id":"https:\/\/www.minhdu.gov.cm\/#\/schema\/person\/7f9b5a15b2f3c584abe9a7d009c19d79"},"headline":"ALLOCUTION DU MINISTRE DE L\u2019HABITAT ET DU DEVELOPPEMENT URBAIN LORS DE LA REUNION DE LANCEMENT DES PROJETS TRANSF\u00c9R\u00c9S PAR LE MINHDU AUX CTD POUR LE COMPTE DE L\u2019EXERCICE BUDGETAIRE 2022","datePublished":"2022-08-23T12:55:31+00:00","dateModified":"2022-08-23T13:12:14+00:00","mainEntityOfPage":{"@id":"https:\/\/www.minhdu.gov.cm\/discours-du-ministre-lors-de-la-signature-des-contrats-de-ville-de-yaounde-et-de-douala-2-2-2-2-2-2\/"},"wordCount":1352,"commentCount":0,"publisher":{"@id":"https:\/\/www.minhdu.gov.cm\/#organization"},"articleSection":["Speechs"],"inLanguage":"en-US","potentialAction":[{"@type":"CommentAction","name":"Comment","target":["https:\/\/www.minhdu.gov.cm\/discours-du-ministre-lors-de-la-signature-des-contrats-de-ville-de-yaounde-et-de-douala-2-2-2-2-2-2\/#respond"]}]},{"@type":"WebPage","@id":"https:\/\/www.minhdu.gov.cm\/discours-du-ministre-lors-de-la-signature-des-contrats-de-ville-de-yaounde-et-de-douala-2-2-2-2-2-2\/","url":"https:\/\/www.minhdu.gov.cm\/discours-du-ministre-lors-de-la-signature-des-contrats-de-ville-de-yaounde-et-de-douala-2-2-2-2-2-2\/","name":"ALLOCUTION DU MINISTRE DE L\u2019HABITAT ET DU DEVELOPPEMENT URBAIN LORS DE LA REUNION DE LANCEMENT DES PROJETS TRANSF\u00c9R\u00c9S PAR LE MINHDU AUX CTD POUR LE COMPTE DE L\u2019EXERCICE BUDGETAIRE 2022 - MINHDU","isPartOf":{"@id":"https:\/\/www.minhdu.gov.cm\/#website"},"datePublished":"2022-08-23T12:55:31+00:00","dateModified":"2022-08-23T13:12:14+00:00","breadcrumb":{"@id":"https:\/\/www.minhdu.gov.cm\/discours-du-ministre-lors-de-la-signature-des-contrats-de-ville-de-yaounde-et-de-douala-2-2-2-2-2-2\/#breadcrumb"},"inLanguage":"en-US","potentialAction":[{"@type":"ReadAction","target":["https:\/\/www.minhdu.gov.cm\/discours-du-ministre-lors-de-la-signature-des-contrats-de-ville-de-yaounde-et-de-douala-2-2-2-2-2-2\/"]}]},{"@type":"BreadcrumbList","@id":"https:\/\/www.minhdu.gov.cm\/discours-du-ministre-lors-de-la-signature-des-contrats-de-ville-de-yaounde-et-de-douala-2-2-2-2-2-2\/#breadcrumb","itemListElement":[{"@type":"ListItem","position":1,"name":"Home","item":"https:\/\/www.minhdu.gov.cm\/"},{"@type":"ListItem","position":2,"name":"ALLOCUTION DU MINISTRE DE L\u2019HABITAT ET DU DEVELOPPEMENT URBAIN LORS DE LA REUNION DE LANCEMENT DES PROJETS TRANSF\u00c9R\u00c9S PAR LE MINHDU AUX CTD POUR LE COMPTE DE L\u2019EXERCICE BUDGETAIRE 2022"}]},{"@type":"WebSite","@id":"https:\/\/www.minhdu.gov.cm\/#website","url":"https:\/\/www.minhdu.gov.cm\/","name":"MINHDU","description":"","publisher":{"@id":"https:\/\/www.minhdu.gov.cm\/#organization"},"potentialAction":[{"@type":"SearchAction","target":{"@type":"EntryPoint","urlTemplate":"https:\/\/www.minhdu.gov.cm\/?s={search_term_string}"},"query-input":"required name=search_term_string"}],"inLanguage":"en-US"},{"@type":"Organization","@id":"https:\/\/www.minhdu.gov.cm\/#organization","name":"MINHDU","url":"https:\/\/www.minhdu.gov.cm\/","logo":{"@type":"ImageObject","inLanguage":"en-US","@id":"https:\/\/www.minhdu.gov.cm\/#\/schema\/logo\/image\/","url":"https:\/\/www.minhdu.gov.cm\/wp-content\/uploads\/2022\/06\/minhdu2.png","contentUrl":"https:\/\/www.minhdu.gov.cm\/wp-content\/uploads\/2022\/06\/minhdu2.png","width":250,"height":250,"caption":"MINHDU"},"image":{"@id":"https:\/\/www.minhdu.gov.cm\/#\/schema\/logo\/image\/"},"sameAs":["https:\/\/www.facebook.com\/cameroun.minhdu\/","https:\/\/twitter.com\/cameroun_minhdu"]},{"@type":"Person","@id":"https:\/\/www.minhdu.gov.cm\/#\/schema\/person\/7f9b5a15b2f3c584abe9a7d009c19d79","name":"Michelle ONDOA","image":{"@type":"ImageObject","inLanguage":"en-US","@id":"https:\/\/www.minhdu.gov.cm\/#\/schema\/person\/image\/","url":"https:\/\/secure.gravatar.com\/avatar\/46cf1e505199b6f090134a2687116acf8a0e53bd822d5e21a095bd7a64584085?s=96&d=mm&r=g","contentUrl":"https:\/\/secure.gravatar.com\/avatar\/46cf1e505199b6f090134a2687116acf8a0e53bd822d5e21a095bd7a64584085?s=96&d=mm&r=g","caption":"Michelle ONDOA"},"url":"https:\/\/www.minhdu.gov.cm\/author\/michelle\/"}]}},"_links":{"self":[{"href":"https:\/\/www.minhdu.gov.cm\/wp-json\/wp\/v2\/posts\/8803","targetHints":{"allow":["GET"]}}],"collection":[{"href":"https:\/\/www.minhdu.gov.cm\/wp-json\/wp\/v2\/posts"}],"about":[{"href":"https:\/\/www.minhdu.gov.cm\/wp-json\/wp\/v2\/types\/post"}],"author":[{"embeddable":true,"href":"https:\/\/www.minhdu.gov.cm\/wp-json\/wp\/v2\/users\/3"}],"replies":[{"embeddable":true,"href":"https:\/\/www.minhdu.gov.cm\/wp-json\/wp\/v2\/comments?post=8803"}],"version-history":[{"count":3,"href":"https:\/\/www.minhdu.gov.cm\/wp-json\/wp\/v2\/posts\/8803\/revisions"}],"predecessor-version":[{"id":8847,"href":"https:\/\/www.minhdu.gov.cm\/wp-json\/wp\/v2\/posts\/8803\/revisions\/8847"}],"wp:featuredmedia":[{"embeddable":true,"href":"https:\/\/www.minhdu.gov.cm\/wp-json\/wp\/v2\/media\/216"}],"wp:attachment":[{"href":"https:\/\/www.minhdu.gov.cm\/wp-json\/wp\/v2\/media?parent=8803"}],"wp:term":[{"taxonomy":"category","embeddable":true,"href":"https:\/\/www.minhdu.gov.cm\/wp-json\/wp\/v2\/categories?post=8803"},{"taxonomy":"post_tag","embeddable":true,"href":"https:\/\/www.minhdu.gov.cm\/wp-json\/wp\/v2\/tags?post=8803"},{"taxonomy":"post_folder","embeddable":true,"href":"https:\/\/www.minhdu.gov.cm\/wp-json\/wp\/v2\/post_folder?post=8803"}],"curies":[{"name":"wp","href":"https:\/\/api.w.org\/{rel}","templated":true}]}}