{"id":8858,"date":"2022-08-23T15:27:17","date_gmt":"2022-08-23T13:27:17","guid":{"rendered":"http:\/\/192.168.108.1\/?p=8858"},"modified":"2022-08-23T16:00:33","modified_gmt":"2022-08-23T14:00:33","slug":"discours-du-ministre-lors-de-la-signature-des-contrats-de-ville-de-yaounde-et-de-douala-2-2-2-2-2-2-2-2","status":"publish","type":"post","link":"https:\/\/www.minhdu.gov.cm\/discours-du-ministre-lors-de-la-signature-des-contrats-de-ville-de-yaounde-et-de-douala-2-2-2-2-2-2-2-2\/","title":{"rendered":"CEREMONIE D\u2019INAUGURATION OFFICIELLE DU MONUMENT \u2018\u2019PATRIOTE\u2019\u2019 AU BOULEVARD DU 20 MAI,MOT DE MADAME CELESTINE KETCHA EPSE COURTES, MINISTRE DE L\u2019HABITAT ET DU DEVELOPPEMENT URBAIN REPRESENTANTE PERSONNELLE DU CHEF DE L\u2019ETAT, SON EXCELLENCE PAUL BIYA"},"content":{"rendered":"<p>[et_pb_section fb_built=&#8221;1&#8243; _builder_version=&#8221;4.16&#8243; global_colors_info=&#8221;{}&#8221; theme_builder_area=&#8221;post_content&#8221;][et_pb_row _builder_version=&#8221;4.16&#8243; background_size=&#8221;initial&#8221; background_position=&#8221;top_left&#8221; background_repeat=&#8221;repeat&#8221; global_colors_info=&#8221;{}&#8221; theme_builder_area=&#8221;post_content&#8221;][et_pb_column type=&#8221;4_4&#8243; _builder_version=&#8221;4.16&#8243; custom_padding=&#8221;|||&#8221; global_colors_info=&#8221;{}&#8221; custom_padding__hover=&#8221;|||&#8221; theme_builder_area=&#8221;post_content&#8221;][et_pb_text _builder_version=&#8221;4.18.0&#8243; background_size=&#8221;initial&#8221; background_position=&#8221;top_left&#8221; background_repeat=&#8221;repeat&#8221; hover_enabled=&#8221;0&#8243; global_colors_info=&#8221;{}&#8221; theme_builder_area=&#8221;post_content&#8221; sticky_enabled=&#8221;0&#8243;]<\/p>\n<ul>\n<li style=\"text-align: justify;\"><strong>Messieurs les Ministres d\u2019Etat,<\/strong><\/li>\n<li style=\"text-align: justify;\"><strong>Mesdames et Messieurs les Membres du Gouvernement et assimil\u00e9s,<\/strong><\/li>\n<li style=\"text-align: justify;\"><strong>Monsieur le Gouverneur de la R\u00e9gion du Centre,<\/strong><\/li>\n<li style=\"text-align: justify;\"><strong>Monsieur le Pr\u00e9fet du Mfoundi,<\/strong><\/li>\n<li style=\"text-align: justify;\"><strong>Monsieur le Pr\u00e9sident du Conseil R\u00e9gional du Centre,<\/strong><\/li>\n<li style=\"text-align: justify;\"><strong>Monsieur le Maire de la Ville de Yaound\u00e9,<\/strong><\/li>\n<li style=\"text-align: justify;\"><strong>Mesdames et Messieurs les Maires des Communes d\u2019arrondissement,<\/strong><\/li>\n<li style=\"text-align: justify;\"><strong>Honorables Parlementaires,<\/strong><\/li>\n<li style=\"text-align: justify;\"><strong>Mesdames et Messieurs les Directeurs G\u00e9n\u00e9raux, <\/strong><\/li>\n<li style=\"text-align: justify;\"><strong>Officiers Sup\u00e9rieurs,<\/strong><\/li>\n<li style=\"text-align: justify;\"><strong>Leur Majest\u00e9s les Chefs Sup\u00e9rieurs ;<\/strong><\/li>\n<li style=\"text-align: justify;\"><strong>Autorit\u00e9s Religieuses et Traditionnelles ;<\/strong><\/li>\n<li style=\"text-align: justify;\"><strong>Mesdames et Messieurs<\/strong><\/li>\n<\/ul>\n<p style=\"text-align: justify;\">Permettez-moi de m\u2019acquitter, avec humilit\u00e9, d\u2019un agr\u00e9able devoir de d\u00e9f\u00e9rence \u00e0 Son Excellence Paul BIYA, Pr\u00e9sident de la R\u00e9publique, Chef de l\u2019Etat, pour la confiance renouvel\u00e9e en ma modeste personne \u00e0 l\u2019occasion de cette c\u00e9r\u00e9monie solennelle de l\u2019inauguration du Monument \u2018\u2019PATRIOTE\u2019\u2019. J\u2019interpr\u00e8te cette marque de confiance comme un appel \u00e0 une fid\u00e9lit\u00e9 sans faille aux id\u00e9aux nobles et exaltants d\u2019unit\u00e9, de paix et de progr\u00e8s pr\u00f4n\u00e9s par le Pr\u00e9sident de la R\u00e9publique.<\/p>\n<p style=\"text-align: justify;\"><strong>Monsieur le Maire de la Ville de Yaound\u00e9,<\/strong><\/p>\n<p style=\"text-align: justify;\">Je tiens \u00e0 vous remercier pour les propos aimables et chaleureux \u00e0 mon endroit et \u00e0 la Tr\u00e8s Haute attention du Pr\u00e9sident de la R\u00e9publique. Je voudrais saluer la pr\u00e9sence des nombreuses personnalit\u00e9s ici rassembl\u00e9es pour cette c\u00e9r\u00e9monie organis\u00e9e alors que se d\u00e9roulent les activit\u00e9s marquant la c\u00e9l\u00e9bration du cinquantenaire de la f\u00eate de l\u2019Unit\u00e9.<\/p>\n<p style=\"text-align: justify;\">En l\u2019espace de quelques mois nous inaugurons le Monument \u2018<strong>\u2019PATRIOTE\u2019\u2019<\/strong> apr\u00e8s celui de <strong>L\u2019UNITE<\/strong>. Monsieur le Maire de la Ville, je vous adresse mes f\u00e9licitations pour la r\u00e9alisation de ce joyau architectural qui apporte un \u00e9clat particulier \u00e0 l\u2019embellissement de cette place strat\u00e9gique, situ\u00e9e \u00e0 un point n\u00e9vralgique de la ville de Yaound\u00e9. Le Monument \u2018\u2019PATRIOTE\u2019\u2019 qui se dresse majestueusement devant nous est construit sur un lieu plein de symboles. Il est construit devant le si\u00e8ge du Gouvernement de la R\u00e9publique du Cameroun, entour\u00e9 d\u2019un grand nombre de d\u00e9partements minist\u00e9riels, d\u2019un h\u00f4tel de renomm\u00e9e internationale, des Directions G\u00e9n\u00e9rales des Soci\u00e9t\u00e9s, d\u2019une institution financi\u00e8re de l\u2019Afrique Centrale sans oublier, le boulevard du 20 mai qui accueillera dans deux jours seulement la belle parade des 50 ans de notre Unit\u00e9 Nationale.<\/p>\n<p style=\"text-align: justify;\">C\u2019est \u00e9galement \u00e0 cet endroit que Le Saint Pape Jean Paul II a dit sa messe, le dimanche 11 ao\u00fbt 1985, lors de sa premi\u00e8re visite pastorale au Cameroun.<\/p>\n<p style=\"text-align: justify;\">Il ne fait l\u2019ombre d\u2019aucun doute que, ce monument que nous inaugurons aujourd\u2019hui sera un point d\u2019attractions diverses des populations de Yaound\u00e9, du Cameroun tout entier et surtout des touristes.<\/p>\n<p style=\"text-align: justify;\"><strong>Mesdames et Messieurs,<\/strong><\/p>\n<p style=\"text-align: justify;\">En choisissant \u2018<strong>\u2019PATRIOTE\u2019\u2019<\/strong> comme nom de bapt\u00eame de ce Monument, le Conseil de la Communaut\u00e9 urbaine de Yaound\u00e9 confirme le statut de Capitale politique et si\u00e8ge des institutions de la R\u00e9publique de la ville aux sept collines. Le patriotisme qui s\u2019entend comme l\u2019amour de son pays, le d\u00e9sir de le d\u00e9fendre et de le servir sans attendre en retour un b\u00e9n\u00e9fice particulier, est exalt\u00e9 par le Pr\u00e9sident de la R\u00e9publique Chef de l\u2019Etat, son Excellence Paul BIYA. \u2018<strong>\u2019Ne vous demandez pas qu\u2019est-ce que le Cameroun a fait pour vous, mais demandez plut\u00f4t ce que vous avez fait pour votre pays\u2019\u2019, <\/strong><\/p>\n<p style=\"text-align: justify;\">Dans notre hymne national il est bien question de notre ch\u00e8re patrie et donc de patriotisme. Un Patriote est un citoyen qui aime son pays et le sert avec passion, amour et abn\u00e9gation. Une personne qui ne transige pas avec les embl\u00e8mes du pays tels le drapeau tricolore : <strong>vert-rouge-jaune<\/strong> ou notre hymne national : \u2018<strong>\u2019\u00d4 Cameroun\u2019\u2019<\/strong> ou encore celui qui incarne les Institutions R\u00e9publicaines, pour quelque raison que ce soit. Un patriote est dispos\u00e9 \u00e0 sacrifier parfois sa vie pour son pays, son pays qui est son point d\u2019encrage bref son Pays qui est son identit\u00e9. C\u2019est le cas de nos valeureux soldats qui se donnent pour la protection de l\u2019int\u00e9grit\u00e9 territoriale de notre cher et beau pays. L\u2019acc\u00e8s du Cameroun \u00e0 la souverainet\u00e9 internationale l\u2019a \u00e9t\u00e9 au prix de la vie de nombreux patriotes, reconnus comme des h\u00e9ros nationaux.<\/p>\n<p style=\"text-align: justify;\">\u00ab Le patriotisme, disait le Chef de l\u2019Etat \u00e0 la jeunesse, <strong>est une vertu que certains pourraient trouver pass\u00e9iste, mais ce serait \u00e0 tort<\/strong>. \u00bb Aujourd\u2019hui encore, il demeure, pour la Nation, la marque d\u2019une citoyennet\u00e9 responsable et dignement assum\u00e9e. Il est bon quel que soit votre r\u00f4le dans la soci\u00e9t\u00e9, de savoir faire preuve de patriotisme, pour m\u00e9riter de la Nation : l\u2019agriculteur dans son champ, l\u2019\u00e9l\u00e8ve ou l\u2019\u00e9tudiant dans leurs \u00e9tudes, l\u2019ouvrier dans son chantier, l\u2019instituteur dans sa salle de classe, le m\u00e9decin ou l\u2019infirmi\u00e8re \u00e0 l\u2019h\u00f4pital, l\u2019avocat au pr\u00e9toire dans la voix des sans voix, le chercheur dans son laboratoire, le fonctionnaire dans son bureau, le commer\u00e7ant dans sa boutique, le m\u00e9canicien dans son garage, le balayeur \u00e0 son poste de travail, le transporteur aux commandes de son engin, le Peuple dans ses activit\u00e9s\u00a0 citoyennes et quotidiennes, le journaliste dans ses chroniques et \u00e9crits responsables. Que chacun accomplisse sa t\u00e2che avec l\u2019amour de la Patrie. Alors seulement nous serons la force de la Force de notre cher et beau\u00a0 pays pour son Emergence et sa prosp\u00e9rit\u00e9 appel\u00e9s de tous ses V\u0153ux par le Pr\u00e9sident de la R\u00e9publique S.E.M. Paul Biya.<\/p>\n<p style=\"text-align: justify;\"><em>&#8221;I Love my Country Cameroon&#8221;. <\/em><em>\u00ab J\u2019aime mon pays le Cameroun \u00bb. <\/em><em>I\u2019m sure you too love your country, we all love our Cameroon, our identity. Yes, this is the motivation that should push each of us not to spare our energy to make our cities in general, and Yaounde in particular, which hosted this architectural jewel that we used to see elsewhere, to no longer be the scene of lack of public spirit that feeds urban disorder. The populations of the capital city are expected to show a patriotic spirit in the responsible use of this monument.<\/em><\/p>\n<p style=\"text-align: justify;\">Les victoires remport\u00e9es par nos sportifs, en g\u00e9n\u00e9ral, et les joueurs de notre \u00e9quipe nationale de football, les Lions indomptables ne sont possibles qu\u2019avec un engagement patriotique incandescent avec la remontada ; oui puisons au plus profond de nous pour faire jaillir l\u2019Amour de ce Pays Berceau de nos anc\u00eatres, qui nous a vu na\u00eetre ; qui a vu na\u00eetre nos enfants et qui verra na\u00eetre nos arri\u00e8res petits-enfants.<\/p>\n<p style=\"text-align: justify;\"><em>Yes. The victories won by our Indomitable Lions, are only possible with an incandescent patriotic commitment manifested by the remontada; Yes. Let us draw from the depths of our being and bring out our Love for this Country, the Cradle of our Fathers, which witnessed our birth; the birth of our children and which will witness the birth of our great grand-children.<\/em><\/p>\n<p style=\"text-align: justify;\"><strong>Excellences Mesdames et Messieurs<\/strong>, l\u2019am\u00e9nagement de la place \u00e9toile n\u2019est pas un acte isol\u00e9. Il s\u2019inscrit dans un vaste mouvement d\u2019urbanisation engag\u00e9 dans nos villes sous la haute impulsion du Chef de l\u2019Etat. Le chef-d\u2019\u0153uvre architectural que nous inaugurons ce jour rencontre la pr\u00e9occupation de l\u2019Objectif de d\u00e9veloppement Durable (ODD) num\u00e9ro 11 repris sur le plan National dans la SND30 qui vise \u00e0 \u00ab <strong>Faire en sorte que les villes et les \u00e9tablissements humains soient ouverts \u00e0 tous, s\u00fbrs, r\u00e9silients et durables<\/strong> \u00bb. Cet Objectif de vise \u00e0 r\u00e9habiliter et \u00e0 planifier les villes, ou tout autre \u00e9tablissement humain, de mani\u00e8re \u00e0 ce qu\u2019elles puissent offrir en plus de l\u2019acc\u00e8s aux services de base, \u00e0 l\u2019\u00e9nergie, au logement, au transport, des espaces publics verts et des places et jardins, tout en am\u00e9liorant l\u2019utilisation des ressources et r\u00e9duisant les impacts environnementaux. Ce Monument Patriote s\u2019int\u00e9grera donc avec harmonie au sein de l\u2019\u00e9changeur pr\u00e9vu \u00e0 cet endroit dans le cadre de la construction de la Section Urbaine de l\u2019autoroute Yaound\u00e9-Nsimalen. J\u2019avais d\u00e8s le d\u00e9but de ce chantier instruit Les Bureaux d\u2019\u00e9tudes STUDY et Louis Berger d\u2019actualiser les \u00e9tudes en vue d\u2019int\u00e9grer cette place.<\/p>\n<p style=\"text-align: justify;\">En effet en mati\u00e8re d&#8217;am\u00e9nagement urbain, on tend \u00e0 sous-estimer souvent l&#8217;importance de l&#8217;esth\u00e9tique, des espaces et des infrastructures publiques et on ne mesure pas vraiment la relation entre qualit\u00e9 de vie, progr\u00e8s social et autres \u00e9l\u00e9ments constitutifs du bien-\u00eatre et du bien-vivre. Pourtant, les villes attrayantes ont davantage de chances d&#8217;attirer une population active, cr\u00e9ative, innovatrice, en bonne sant\u00e9 et qualifi\u00e9e, ainsi que les investissements et investisseurs indispensables \u00e0 l&#8217;\u00e9conomie urbaine. Malheureusement, m\u00eame quand ceci est bien compris, le manque de moyens fait souvent passer l&#8217;am\u00e9nagement urbain au second plan, en faveur des besoins prioritaires comme la fourniture des services \u00e9l\u00e9mentaires.<\/p>\n<p style=\"text-align: justify;\">Les instances urbaines doivent de ce fait activement et imp\u00e9rativement repenser les espaces publics tels que les parcs, les espaces verts etc., bien con\u00e7us pour contribuer non seulement \u00e0 am\u00e9liorer l&#8217;esth\u00e9tique g\u00e9n\u00e9rale, mais aussi le dynamisme \u00e9conomique et l&#8217;ergonomie des villes.<\/p>\n<p style=\"text-align: justify;\"><em>Furthermore, the creation of pedestrian-friendly environments and public facilities where city populations\u00a0 can come together promotes social cohesion and diversity and thus makes cities more cohesive, more lively and ultimately more attractive for residents and investors.<\/em><\/p>\n<p style=\"text-align: justify;\">La strat\u00e9gie d\u2019embellissement des villes camerounaises \u00e9labor\u00e9e par le Minist\u00e8re de l\u2019Habitat et du D\u00e9veloppement Urbain s\u2019articule autour de trois axes principaux, \u00e0 savoir :<\/p>\n<ul style=\"text-align: justify;\">\n<li><strong>La mobilisation, la participation active des populations et l\u2019impl\u00e9mentation des bonnes pratiques ; <\/strong><\/li>\n<li><strong>La mise en \u0153uvre des activit\u00e9s d\u2019embellissement, d\u2019hygi\u00e8ne, de salubrit\u00e9 et d\u2019\u00e9radication du d\u00e9sordre urbain dans les Collectivit\u00e9s Territoriales D\u00e9centralis\u00e9es ;<\/strong><\/li>\n<li><strong>La synergie d\u2019actions entre les acteurs et la gouvernance.<\/strong><\/li>\n<\/ul>\n<p style=\"text-align: justify;\">Un ouvrage d\u2019art de l\u2019envergure du Monument \u2018<strong>\u2019PATRIOTE\u2019\u2019<\/strong> que nous inaugurons ce jour est une contribution \u00e0 l\u2019attractivit\u00e9 de la ville de Yaound\u00e9, pr\u00e9vue dans le Programme de Modernisation Urbaine de la Strat\u00e9gie Nationale de D\u00e9veloppement \u00e0 l\u2019horizon 2030 (SND30). Le succ\u00e8s de ce plan n\u2019est possible qu\u2019avec la synergie d\u2019action Etat-Collectivit\u00e9s Territoriales D\u00e9centralis\u00e9es- Secteur priv\u00e9.<\/p>\n<p style=\"text-align: justify;\"><strong>Vive le Pr\u00e9sident de la R\u00e9publique, Chef de l\u2019Etat, Son Excellence Monsieur Paul BIYA, Promoteur de la D\u00e9centralisation ;<\/strong><\/p>\n<p style=\"text-align: justify;\"><strong>Vive le Cameroun.<\/strong><\/p>\n<p style=\"text-align: justify;\"><strong>Je vous remercie, Thanks for your Kind attention<\/strong><\/p>\n<p style=\"text-align: justify;\"><!-- \/divi:paragraph --><\/p>\n<p style=\"text-align: justify;\"><!-- divi:paragraph {\"fontSize\":\"small\"} --><\/p>\n<p class=\"has-small-font-size\" style=\"text-align: justify;\"><a href=\"https:\/\/www.minhdu.gov.cm\/wp-content\/uploads\/2022\/08\/Mot-Minhdu-PATRIOTE.pdf\" target=\"_blank\" rel=\"noreferrer noopener\">T\u00e9l\u00e9charger le pdf<\/a><\/p>\n<p><!-- \/divi:paragraph --><\/p>\n<p><!-- divi:paragraph --><\/p>\n<p><!-- \/divi:paragraph --><\/p>\n<p>[\/et_pb_text][\/et_pb_column][\/et_pb_row][\/et_pb_section]<\/p>\n<span class=\"et_bloom_bottom_trigger\"><\/span>","protected":false},"excerpt":{"rendered":"<p>Messieurs les Ministres d\u2019Etat, Mesdames et Messieurs les Membres du Gouvernement et assimil\u00e9s, Monsieur le Gouverneur de la R\u00e9gion du Centre, Monsieur le Pr\u00e9fet du Mfoundi, Monsieur le Pr\u00e9sident du [&hellip;]<\/p>\n","protected":false},"author":3,"featured_media":8881,"comment_status":"open","ping_status":"open","sticky":false,"template":"","format":"standard","meta":{"_et_pb_use_builder":"on","_et_pb_old_content":"<!-- wp:paragraph -->\n<p>Je vous salue et vous souhaite la bienvenue en ce lieu, ce jour, \u00e0 l\u2019occasion de la tenue de la deuxi\u00e8me session du comit\u00e9 de pilotage du projet de construction de l\u2019autoroute Yaound\u00e9-Nsimalen. Je vous remercie de votre pr\u00e9sence et vous exprime toute ma reconnaissance pour votre disponibilit\u00e9 et votre engagement \u00e0 accompagner cette \u00e9tape de maturation du projet. Mes remerciements s\u2019adressent particuli\u00e8rement au Ministre des Travaux Publics pour l\u2019encadrement et l\u2019int\u00e9r\u00eat qu\u2019il porte \u00e0 nos travaux. Qu\u2019il me soit permis de lui pr\u00e9senter, en votre nom et \u00e0 mon nom propre, toute ma gratitude. Excellence, Mesdames et Messieurs, La pr\u00e9sente session se situe dans le prolongement de celle du 18 Juin dernier au cours de laquelle des recommandations fortes avaient \u00e9t\u00e9 formul\u00e9es relativement \u00e0 l\u2019exploitation du rapport d\u2019\u00e9tudes de faisabilit\u00e9. Cette s\u00e9ance, je veux l\u2019esp\u00e9rer, nous permettra de marquer un pas positif, un point de plus sur le chemin de la finalisation de la phase pr\u00e9paratoire du projet. En effet, il est question, \u00e0 l\u2019aune du rapport d\u2019\u00e9tudes disponible, d\u2019harmoniser notre compr\u00e9hension de son contenu, identifier les zones d\u2019ombres le cas \u00e9ch\u00e9ant et en apporter toute l\u2019\u00e9clairage souhait\u00e9; toutes choses n\u00e9cessitant l\u2019apport de chacun et pr\u00e9alables \u00e0 la concr\u00e9tisation, du moins au d\u00e9marrage de cet important projet. 3 Excellence, Mesdames et Messieurs, Je voudrai \u00e0 pr\u00e9sent et avec votre permission, rappeler \u00e0 grands traits quelques caract\u00e9ristiques g\u00e9n\u00e9rales du trac\u00e9 du projet. Au fait, le projet de construction de l\u2019autoroute Yaound\u00e9- Nsimalen part de la Poste Centrale, traverse en passage inf\u00e9rieur un carrefour d\u00e9nivel\u00e9 au niveau de \u00ab mont\u00e9e Zo\u00e9 \u00bb, traverse en passage inf\u00e9rieur le carrefour MVOG- MBI en giratoire d\u00e9nivel\u00e9 perc\u00e9, rejoint le carrefour d\u00e9nivel\u00e9 MVAN en passage sup\u00e9rieur, raccorde \u00e0 partir d\u2019un \u00e9changeur au niveau de AHALA la section AHALA- \u00e9changeur au niveau du village MEYO o\u00f9 il rencontre la voie de contournement EST de la ville de Yaound\u00e9 et arrive au carrefour Nsimalen sur un \u00e9changeur. Cette autoroute longue d\u2019environ 18 km, comporte deux sections, \u00e0 savoir : \u2022 Une section dite &lt; en rase campagne &gt; longue de 10,660 km qui part du rond-point en contre bas de l\u2019a\u00e9roport de Nsimalen sur la Nationale RN2 \u00e0 la RN3, \u00e0 environ 200 m de la station MRS de Mvan. \u2022 Une section dite &lt; section urbaine &gt; longue de 8,0385 km, poste centrale (PK0+00)- carrefour MVOG-MBI- carrefour coron- contre bas de l\u2019universit\u00e9 catholique- ancien a\u00e9roport- carrefour Mvan- Echangeur Mvan- jonction avec la premi\u00e8re section (environ 200 m apr\u00e8s la station MRS de MVAN. Au cours de la pr\u00e9sente session, quatre variantes seront pr\u00e9sent\u00e9es ainsi qu\u2019il suit : - La variante A, avec une vitesse de r\u00e9f\u00e9rence de 60 km\/h, passe derri\u00e8re les installations de la brasserie. Le trac\u00e9 \u00e9pouse une route de 1 427 m sur le terrain naturel entre le carrefour coron et les installations de la brasserie. - La variante B, avec une vitesse de r\u00e9f\u00e9rence de 80 km\/h, passe derri\u00e8re les brasseries. Toutefois, il traverse la section carrefour coron- installation de la brasserie, par un pont a\u00e9rien. - La variante C, avec une vitesse de r\u00e9f\u00e9rence de 60 km\/h, passe devant CAMI TOYOTA. Le trac\u00e9 est un d\u00e9doublement de la voie existante, qui va entrainer la d\u00e9molition des installations de la brasserie. - La variante D, avec une vitesse de r\u00e9f\u00e9rence de 80 km\/h, passe devant CAMI TOYOTA. Toutefois, le trac\u00e9 passe par trois ponts a\u00e9riens \u00e0 partir du carrefour Coron. En tout \u00e9tat de cause, la sp\u00e9cificit\u00e9 de ces variantes r\u00e9side sur la section carrefour Coron- Brasseries d\u2019une part, et la vitesse de r\u00e9f\u00e9rence qui est un param\u00e8tre indicatif pour les caract\u00e9ristiques g\u00e9om\u00e9triques d\u2019une route d\u2019autre part. La Cellule Op\u00e9rationnelle a sugg\u00e9r\u00e9, en sa session du 22 mai 2012, la validation de la variante B sous r\u00e9serve du justificatif du co\u00fbt du projet. 4 Par ailleurs, le projet de construction de l\u2019autoroute urbaine est estim\u00e9e \u00e0 112,4 milliards de F CFA HTVA, non compris les d\u00e9placements de r\u00e9seaux et de 61 978 996 000 F CFA HTVA dans sa section en rase campagne Le co\u00fbt du projet est de 174 378 996 000 F CFA HTA, auquel il faut adjoindre les divers et impr\u00e9vus de 3 118 746 077 F CFA HTVA (environ 2% du co\u00fbt du projet) Le Co\u00fbt total provisoire du projet est donc d\u2019environ 177,5 milliards F CFA HTVA, non compris les d\u00e9placements de r\u00e9seaux. Il sera justifi\u00e9 et valid\u00e9 au cours des sessions du Comit\u00e9 de pilotage et de la Cellule Op\u00e9rationnelle, apr\u00e8s la validation du rapport de faisabilit\u00e9. Au cours de cette session, il sera r\u00e9it\u00e9r\u00e9 \u00e0 l\u2019entreprise SINOHYDRO, de faire des propositions en vue de l\u2019am\u00e9nagement du carrefour de la poste centrale qui diffusera le trafic autoroutier venant depuis le carrefour Nsimalen et son raccordement avec le d\u00e9but de l\u2019autoroute Yaound\u00e9- Douala aux environs du village MINKOAMEYOS d\u2019une part, et des points strat\u00e9giques de la ville de Yaound\u00e9 d\u2019autre part. Cet am\u00e9nagement fera l\u2019objet d\u2019un projet sp\u00e9cifique pour \u00e9viter un ench\u00e9rissement de celui-ci. L\u2019ordre du jour appelle, entre autres, notre attention sur l\u2019examen du rapport d\u2019\u00e9tudes de faisabilit\u00e9 du projet. Sa validation \u00e9ventuelle permettra \u00e0 l\u2019entreprise SINOHYDRO d\u2019affiner ses propositions technique et financi\u00e8re. Apr\u00e8s la signature du contrat de service, cette entreprise proc\u00e8dera \u00e0 la recherche du financement aupr\u00e8s d\u2019une banque chinoise. Je vous remercie pour votre bienveillante attention. Si vous convenez, Je vais donc passer la parole au Directeur du D\u00e9veloppement Urbain pour la lecture du compte rendu de la session du 18 juin 2012 du Comit\u00e9 de Pilotage.<\/p>\n<!-- \/wp:paragraph -->\n\n<!-- wp:paragraph {\"fontSize\":\"small\"} -->\n<p class=\"has-small-font-size\"><a href=\"https:\/\/www.minhdu.gov.cm\/wp-content\/uploads\/2022\/07\/1-DiscoursMinhduAtelierdesMairesdu22juillet2014.pdf\" target=\"_blank\" rel=\"noreferrer noopener\">T\u00e9l\u00e9charger le pdf<\/a><\/p>\n<!-- \/wp:paragraph -->\n\n<!-- wp:paragraph -->\n<p><\/p>\n<!-- \/wp:paragraph -->","_et_gb_content_width":"","_EventAllDay":false,"_EventTimezone":"","_EventStartDate":"","_EventEndDate":"","_EventStartDateUTC":"","_EventEndDateUTC":"","_EventShowMap":false,"_EventShowMapLink":false,"_EventURL":"","_EventCost":"","_EventCostDescription":"","_EventCurrencySymbol":"","_EventCurrencyCode":"","_EventCurrencyPosition":"","_EventDateTimeSeparator":"","_EventTimeRangeSeparator":"","_EventOrganizerID":[],"_EventVenueID":0,"_OrganizerEmail":"","_OrganizerPhone":"","_OrganizerWebsite":"","_VenueAddress":"","_VenueCity":"","_VenueCountry":"","_VenueProvince":"","_VenueZip":"","_VenuePhone":"","_VenueURL":"","_VenueStateProvince":"","_VenueLat":"","_VenueLng":"","footnotes":""},"categories":[40],"tags":[],"post_folder":[],"class_list":["post-8858","post","type-post","status-publish","format-standard","has-post-thumbnail","hentry","category-speechs"],"yoast_head":"<!-- This site is optimized with the Yoast SEO plugin v19.13 - https:\/\/yoast.com\/wordpress\/plugins\/seo\/ -->\n<title>CEREMONIE D\u2019INAUGURATION OFFICIELLE DU MONUMENT \u2018\u2019PATRIOTE\u2019\u2019 AU BOULEVARD DU 20 MAI,MOT DE MADAME CELESTINE KETCHA EPSE COURTES, MINISTRE DE L\u2019HABITAT ET DU DEVELOPPEMENT URBAIN REPRESENTANTE PERSONNELLE DU CHEF DE L\u2019ETAT, SON EXCELLENCE PAUL BIYA<\/title>\n<meta name=\"description\" content=\"[et_pb_section fb_built=&quot;1&quot; _builder_version=&quot;4.16&quot; global_colors_info=&quot;{}&quot; theme_builder_area=&quot;post_content&quot;][et_pb_row _builder_version=&quot;4.16&quot; background_size=&quot;initial&quot; background_position=&quot;top_left&quot; background_repeat=&quot;repeat&quot; global_colors_info=&quot;{}&quot; theme_builder_area=&quot;post_content&quot;][et_pb_column type=&quot;4_4&quot; _builder_version=&quot;4.16&quot; custom_padding=&quot;|||&quot; global_colors_info=&quot;{}&quot; custom_padding__hover=&quot;|||&quot; theme_builder_area=&quot;post_content&quot;][et_pb_text _builder_version=&quot;4.18.0&quot; background_size=&quot;initial&quot; background_position=&quot;top_left&quot; background_repeat=&quot;repeat&quot; hover_enabled=&quot;0&quot; global_colors_info=&quot;{}&quot; theme_builder_area=&quot;post_content&quot; sticky_enabled=&quot;0&quot;] Messieurs les Ministres d\u2019Etat, Mesdames et Messieurs les Membres du Gouvernement et assimil\u00e9s, Monsieur le Gouverneur de la R\u00e9gion du Centre, Monsieur le Pr\u00e9fet du Mfoundi, Monsieur le Pr\u00e9sident du&hellip;\" \/>\n<meta name=\"robots\" content=\"index, follow, max-snippet:-1, max-image-preview:large, max-video-preview:-1\" \/>\n<link rel=\"canonical\" href=\"https:\/\/www.minhdu.gov.cm\/discours-du-ministre-lors-de-la-signature-des-contrats-de-ville-de-yaounde-et-de-douala-2-2-2-2-2-2-2-2\/\" \/>\n<meta property=\"og:locale\" content=\"en_US\" \/>\n<meta property=\"og:type\" content=\"article\" \/>\n<meta property=\"og:title\" content=\"CEREMONIE D\u2019INAUGURATION OFFICIELLE DU MONUMENT \u2018\u2019PATRIOTE\u2019\u2019 AU BOULEVARD DU 20 MAI,MOT DE MADAME CELESTINE KETCHA EPSE COURTES, MINISTRE DE L\u2019HABITAT ET DU DEVELOPPEMENT URBAIN REPRESENTANTE PERSONNELLE DU CHEF DE L\u2019ETAT, SON EXCELLENCE PAUL BIYA\" \/>\n<meta property=\"og:description\" content=\"[et_pb_section fb_built=&quot;1&quot; _builder_version=&quot;4.16&quot; global_colors_info=&quot;{}&quot; theme_builder_area=&quot;post_content&quot;][et_pb_row _builder_version=&quot;4.16&quot; background_size=&quot;initial&quot; background_position=&quot;top_left&quot; background_repeat=&quot;repeat&quot; global_colors_info=&quot;{}&quot; theme_builder_area=&quot;post_content&quot;][et_pb_column type=&quot;4_4&quot; _builder_version=&quot;4.16&quot; custom_padding=&quot;|||&quot; global_colors_info=&quot;{}&quot; custom_padding__hover=&quot;|||&quot; theme_builder_area=&quot;post_content&quot;][et_pb_text _builder_version=&quot;4.18.0&quot; background_size=&quot;initial&quot; background_position=&quot;top_left&quot; background_repeat=&quot;repeat&quot; hover_enabled=&quot;0&quot; global_colors_info=&quot;{}&quot; theme_builder_area=&quot;post_content&quot; sticky_enabled=&quot;0&quot;] Messieurs les Ministres d\u2019Etat, Mesdames et Messieurs les Membres du Gouvernement et assimil\u00e9s, Monsieur le Gouverneur de la R\u00e9gion du Centre, Monsieur le Pr\u00e9fet du Mfoundi, Monsieur le Pr\u00e9sident du&hellip;\" \/>\n<meta property=\"og:url\" content=\"https:\/\/www.minhdu.gov.cm\/discours-du-ministre-lors-de-la-signature-des-contrats-de-ville-de-yaounde-et-de-douala-2-2-2-2-2-2-2-2\/\" \/>\n<meta property=\"og:site_name\" content=\"MINHDU\" \/>\n<meta property=\"article:publisher\" content=\"https:\/\/www.facebook.com\/cameroun.minhdu\/\" \/>\n<meta property=\"article:published_time\" content=\"2022-08-23T13:27:17+00:00\" \/>\n<meta property=\"article:modified_time\" content=\"2022-08-23T14:00:33+00:00\" \/>\n<meta property=\"og:image\" content=\"https:\/\/www.minhdu.gov.cm\/wp-content\/uploads\/2022\/08\/patriote5.jpg\" \/>\n\t<meta property=\"og:image:width\" content=\"300\" \/>\n\t<meta property=\"og:image:height\" content=\"168\" \/>\n\t<meta property=\"og:image:type\" content=\"image\/jpeg\" \/>\n<meta name=\"author\" content=\"Michelle ONDOA\" \/>\n<meta name=\"twitter:card\" content=\"summary_large_image\" \/>\n<meta name=\"twitter:creator\" content=\"@cameroun_minhdu\" \/>\n<meta name=\"twitter:site\" content=\"@cameroun_minhdu\" \/>\n<meta name=\"twitter:label1\" content=\"Written by\" \/>\n\t<meta name=\"twitter:data1\" content=\"Michelle ONDOA\" \/>\n\t<meta name=\"twitter:label2\" content=\"Est. reading time\" \/>\n\t<meta name=\"twitter:data2\" content=\"5 minutes\" \/>\n<script type=\"application\/ld+json\" class=\"yoast-schema-graph\">{\"@context\":\"https:\/\/schema.org\",\"@graph\":[{\"@type\":\"Article\",\"@id\":\"https:\/\/www.minhdu.gov.cm\/discours-du-ministre-lors-de-la-signature-des-contrats-de-ville-de-yaounde-et-de-douala-2-2-2-2-2-2-2-2\/#article\",\"isPartOf\":{\"@id\":\"https:\/\/www.minhdu.gov.cm\/discours-du-ministre-lors-de-la-signature-des-contrats-de-ville-de-yaounde-et-de-douala-2-2-2-2-2-2-2-2\/\"},\"author\":{\"name\":\"Michelle ONDOA\",\"@id\":\"https:\/\/www.minhdu.gov.cm\/#\/schema\/person\/7f9b5a15b2f3c584abe9a7d009c19d79\"},\"headline\":\"CEREMONIE D\u2019INAUGURATION OFFICIELLE DU MONUMENT \u2018\u2019PATRIOTE\u2019\u2019 AU BOULEVARD DU 20 MAI,MOT DE MADAME CELESTINE KETCHA EPSE COURTES, MINISTRE DE L\u2019HABITAT ET DU DEVELOPPEMENT URBAIN REPRESENTANTE PERSONNELLE DU CHEF DE L\u2019ETAT, SON EXCELLENCE PAUL BIYA\",\"datePublished\":\"2022-08-23T13:27:17+00:00\",\"dateModified\":\"2022-08-23T14:00:33+00:00\",\"mainEntityOfPage\":{\"@id\":\"https:\/\/www.minhdu.gov.cm\/discours-du-ministre-lors-de-la-signature-des-contrats-de-ville-de-yaounde-et-de-douala-2-2-2-2-2-2-2-2\/\"},\"wordCount\":1916,\"commentCount\":0,\"publisher\":{\"@id\":\"https:\/\/www.minhdu.gov.cm\/#organization\"},\"articleSection\":[\"Speechs\"],\"inLanguage\":\"en-US\",\"potentialAction\":[{\"@type\":\"CommentAction\",\"name\":\"Comment\",\"target\":[\"https:\/\/www.minhdu.gov.cm\/discours-du-ministre-lors-de-la-signature-des-contrats-de-ville-de-yaounde-et-de-douala-2-2-2-2-2-2-2-2\/#respond\"]}]},{\"@type\":\"WebPage\",\"@id\":\"https:\/\/www.minhdu.gov.cm\/discours-du-ministre-lors-de-la-signature-des-contrats-de-ville-de-yaounde-et-de-douala-2-2-2-2-2-2-2-2\/\",\"url\":\"https:\/\/www.minhdu.gov.cm\/discours-du-ministre-lors-de-la-signature-des-contrats-de-ville-de-yaounde-et-de-douala-2-2-2-2-2-2-2-2\/\",\"name\":\"CEREMONIE D\u2019INAUGURATION OFFICIELLE DU MONUMENT \u2018\u2019PATRIOTE\u2019\u2019 AU BOULEVARD DU 20 MAI,MOT DE MADAME CELESTINE KETCHA EPSE COURTES, MINISTRE DE L\u2019HABITAT ET DU DEVELOPPEMENT URBAIN REPRESENTANTE PERSONNELLE DU CHEF DE L\u2019ETAT, SON EXCELLENCE PAUL BIYA - MINHDU\",\"isPartOf\":{\"@id\":\"https:\/\/www.minhdu.gov.cm\/#website\"},\"datePublished\":\"2022-08-23T13:27:17+00:00\",\"dateModified\":\"2022-08-23T14:00:33+00:00\",\"breadcrumb\":{\"@id\":\"https:\/\/www.minhdu.gov.cm\/discours-du-ministre-lors-de-la-signature-des-contrats-de-ville-de-yaounde-et-de-douala-2-2-2-2-2-2-2-2\/#breadcrumb\"},\"inLanguage\":\"en-US\",\"potentialAction\":[{\"@type\":\"ReadAction\",\"target\":[\"https:\/\/www.minhdu.gov.cm\/discours-du-ministre-lors-de-la-signature-des-contrats-de-ville-de-yaounde-et-de-douala-2-2-2-2-2-2-2-2\/\"]}]},{\"@type\":\"BreadcrumbList\",\"@id\":\"https:\/\/www.minhdu.gov.cm\/discours-du-ministre-lors-de-la-signature-des-contrats-de-ville-de-yaounde-et-de-douala-2-2-2-2-2-2-2-2\/#breadcrumb\",\"itemListElement\":[{\"@type\":\"ListItem\",\"position\":1,\"name\":\"Home\",\"item\":\"https:\/\/www.minhdu.gov.cm\/\"},{\"@type\":\"ListItem\",\"position\":2,\"name\":\"CEREMONIE D\u2019INAUGURATION OFFICIELLE DU MONUMENT \u2018\u2019PATRIOTE\u2019\u2019 AU BOULEVARD DU 20 MAI,MOT DE MADAME CELESTINE KETCHA EPSE COURTES, MINISTRE DE L\u2019HABITAT ET DU DEVELOPPEMENT URBAIN REPRESENTANTE PERSONNELLE DU CHEF DE L\u2019ETAT, SON EXCELLENCE PAUL BIYA\"}]},{\"@type\":\"WebSite\",\"@id\":\"https:\/\/www.minhdu.gov.cm\/#website\",\"url\":\"https:\/\/www.minhdu.gov.cm\/\",\"name\":\"MINHDU\",\"description\":\"\",\"publisher\":{\"@id\":\"https:\/\/www.minhdu.gov.cm\/#organization\"},\"potentialAction\":[{\"@type\":\"SearchAction\",\"target\":{\"@type\":\"EntryPoint\",\"urlTemplate\":\"https:\/\/www.minhdu.gov.cm\/?s={search_term_string}\"},\"query-input\":\"required name=search_term_string\"}],\"inLanguage\":\"en-US\"},{\"@type\":\"Organization\",\"@id\":\"https:\/\/www.minhdu.gov.cm\/#organization\",\"name\":\"MINHDU\",\"url\":\"https:\/\/www.minhdu.gov.cm\/\",\"logo\":{\"@type\":\"ImageObject\",\"inLanguage\":\"en-US\",\"@id\":\"https:\/\/www.minhdu.gov.cm\/#\/schema\/logo\/image\/\",\"url\":\"https:\/\/www.minhdu.gov.cm\/wp-content\/uploads\/2022\/06\/minhdu2.png\",\"contentUrl\":\"https:\/\/www.minhdu.gov.cm\/wp-content\/uploads\/2022\/06\/minhdu2.png\",\"width\":250,\"height\":250,\"caption\":\"MINHDU\"},\"image\":{\"@id\":\"https:\/\/www.minhdu.gov.cm\/#\/schema\/logo\/image\/\"},\"sameAs\":[\"https:\/\/www.facebook.com\/cameroun.minhdu\/\",\"https:\/\/twitter.com\/cameroun_minhdu\"]},{\"@type\":\"Person\",\"@id\":\"https:\/\/www.minhdu.gov.cm\/#\/schema\/person\/7f9b5a15b2f3c584abe9a7d009c19d79\",\"name\":\"Michelle ONDOA\",\"image\":{\"@type\":\"ImageObject\",\"inLanguage\":\"en-US\",\"@id\":\"https:\/\/www.minhdu.gov.cm\/#\/schema\/person\/image\/\",\"url\":\"https:\/\/secure.gravatar.com\/avatar\/46cf1e505199b6f090134a2687116acf8a0e53bd822d5e21a095bd7a64584085?s=96&d=mm&r=g\",\"contentUrl\":\"https:\/\/secure.gravatar.com\/avatar\/46cf1e505199b6f090134a2687116acf8a0e53bd822d5e21a095bd7a64584085?s=96&d=mm&r=g\",\"caption\":\"Michelle ONDOA\"},\"url\":\"https:\/\/www.minhdu.gov.cm\/author\/michelle\/\"}]}<\/script>\n<!-- \/ Yoast SEO plugin. -->","yoast_head_json":{"title":"CEREMONIE D\u2019INAUGURATION OFFICIELLE DU MONUMENT \u2018\u2019PATRIOTE\u2019\u2019 AU BOULEVARD DU 20 MAI,MOT DE MADAME CELESTINE KETCHA EPSE COURTES, MINISTRE DE L\u2019HABITAT ET DU DEVELOPPEMENT URBAIN REPRESENTANTE PERSONNELLE DU CHEF DE L\u2019ETAT, SON EXCELLENCE PAUL BIYA","description":"[et_pb_section fb_built=\"1\" _builder_version=\"4.16\" global_colors_info=\"{}\" theme_builder_area=\"post_content\"][et_pb_row _builder_version=\"4.16\" background_size=\"initial\" background_position=\"top_left\" background_repeat=\"repeat\" global_colors_info=\"{}\" theme_builder_area=\"post_content\"][et_pb_column type=\"4_4\" _builder_version=\"4.16\" custom_padding=\"|||\" global_colors_info=\"{}\" custom_padding__hover=\"|||\" theme_builder_area=\"post_content\"][et_pb_text _builder_version=\"4.18.0\" background_size=\"initial\" background_position=\"top_left\" background_repeat=\"repeat\" hover_enabled=\"0\" global_colors_info=\"{}\" theme_builder_area=\"post_content\" sticky_enabled=\"0\"] Messieurs les Ministres d\u2019Etat, Mesdames et Messieurs les Membres du Gouvernement et assimil\u00e9s, Monsieur le Gouverneur de la R\u00e9gion du Centre, Monsieur le Pr\u00e9fet du Mfoundi, Monsieur le Pr\u00e9sident du&hellip;","robots":{"index":"index","follow":"follow","max-snippet":"max-snippet:-1","max-image-preview":"max-image-preview:large","max-video-preview":"max-video-preview:-1"},"canonical":"https:\/\/www.minhdu.gov.cm\/discours-du-ministre-lors-de-la-signature-des-contrats-de-ville-de-yaounde-et-de-douala-2-2-2-2-2-2-2-2\/","og_locale":"en_US","og_type":"article","og_title":"CEREMONIE D\u2019INAUGURATION OFFICIELLE DU MONUMENT \u2018\u2019PATRIOTE\u2019\u2019 AU BOULEVARD DU 20 MAI,MOT DE MADAME CELESTINE KETCHA EPSE COURTES, MINISTRE DE L\u2019HABITAT ET DU DEVELOPPEMENT URBAIN REPRESENTANTE PERSONNELLE DU CHEF DE L\u2019ETAT, SON EXCELLENCE PAUL BIYA","og_description":"[et_pb_section fb_built=\"1\" _builder_version=\"4.16\" global_colors_info=\"{}\" theme_builder_area=\"post_content\"][et_pb_row _builder_version=\"4.16\" background_size=\"initial\" background_position=\"top_left\" background_repeat=\"repeat\" global_colors_info=\"{}\" theme_builder_area=\"post_content\"][et_pb_column type=\"4_4\" _builder_version=\"4.16\" custom_padding=\"|||\" global_colors_info=\"{}\" custom_padding__hover=\"|||\" theme_builder_area=\"post_content\"][et_pb_text _builder_version=\"4.18.0\" background_size=\"initial\" background_position=\"top_left\" background_repeat=\"repeat\" hover_enabled=\"0\" global_colors_info=\"{}\" theme_builder_area=\"post_content\" sticky_enabled=\"0\"] Messieurs les Ministres d\u2019Etat, Mesdames et Messieurs les Membres du Gouvernement et assimil\u00e9s, Monsieur le Gouverneur de la R\u00e9gion du Centre, Monsieur le Pr\u00e9fet du Mfoundi, Monsieur le Pr\u00e9sident du&hellip;","og_url":"https:\/\/www.minhdu.gov.cm\/discours-du-ministre-lors-de-la-signature-des-contrats-de-ville-de-yaounde-et-de-douala-2-2-2-2-2-2-2-2\/","og_site_name":"MINHDU","article_publisher":"https:\/\/www.facebook.com\/cameroun.minhdu\/","article_published_time":"2022-08-23T13:27:17+00:00","article_modified_time":"2022-08-23T14:00:33+00:00","og_image":[{"width":300,"height":168,"url":"https:\/\/www.minhdu.gov.cm\/wp-content\/uploads\/2022\/08\/patriote5.jpg","type":"image\/jpeg"}],"author":"Michelle ONDOA","twitter_card":"summary_large_image","twitter_creator":"@cameroun_minhdu","twitter_site":"@cameroun_minhdu","twitter_misc":{"Written by":"Michelle ONDOA","Est. reading time":"5 minutes"},"schema":{"@context":"https:\/\/schema.org","@graph":[{"@type":"Article","@id":"https:\/\/www.minhdu.gov.cm\/discours-du-ministre-lors-de-la-signature-des-contrats-de-ville-de-yaounde-et-de-douala-2-2-2-2-2-2-2-2\/#article","isPartOf":{"@id":"https:\/\/www.minhdu.gov.cm\/discours-du-ministre-lors-de-la-signature-des-contrats-de-ville-de-yaounde-et-de-douala-2-2-2-2-2-2-2-2\/"},"author":{"name":"Michelle ONDOA","@id":"https:\/\/www.minhdu.gov.cm\/#\/schema\/person\/7f9b5a15b2f3c584abe9a7d009c19d79"},"headline":"CEREMONIE D\u2019INAUGURATION OFFICIELLE DU MONUMENT \u2018\u2019PATRIOTE\u2019\u2019 AU BOULEVARD DU 20 MAI,MOT DE MADAME CELESTINE KETCHA EPSE COURTES, MINISTRE DE L\u2019HABITAT ET DU DEVELOPPEMENT URBAIN REPRESENTANTE PERSONNELLE DU CHEF DE L\u2019ETAT, SON EXCELLENCE PAUL BIYA","datePublished":"2022-08-23T13:27:17+00:00","dateModified":"2022-08-23T14:00:33+00:00","mainEntityOfPage":{"@id":"https:\/\/www.minhdu.gov.cm\/discours-du-ministre-lors-de-la-signature-des-contrats-de-ville-de-yaounde-et-de-douala-2-2-2-2-2-2-2-2\/"},"wordCount":1916,"commentCount":0,"publisher":{"@id":"https:\/\/www.minhdu.gov.cm\/#organization"},"articleSection":["Speechs"],"inLanguage":"en-US","potentialAction":[{"@type":"CommentAction","name":"Comment","target":["https:\/\/www.minhdu.gov.cm\/discours-du-ministre-lors-de-la-signature-des-contrats-de-ville-de-yaounde-et-de-douala-2-2-2-2-2-2-2-2\/#respond"]}]},{"@type":"WebPage","@id":"https:\/\/www.minhdu.gov.cm\/discours-du-ministre-lors-de-la-signature-des-contrats-de-ville-de-yaounde-et-de-douala-2-2-2-2-2-2-2-2\/","url":"https:\/\/www.minhdu.gov.cm\/discours-du-ministre-lors-de-la-signature-des-contrats-de-ville-de-yaounde-et-de-douala-2-2-2-2-2-2-2-2\/","name":"CEREMONIE D\u2019INAUGURATION OFFICIELLE DU MONUMENT \u2018\u2019PATRIOTE\u2019\u2019 AU BOULEVARD DU 20 MAI,MOT DE MADAME CELESTINE KETCHA EPSE COURTES, MINISTRE DE L\u2019HABITAT ET DU DEVELOPPEMENT URBAIN REPRESENTANTE PERSONNELLE DU CHEF DE L\u2019ETAT, SON EXCELLENCE PAUL BIYA - MINHDU","isPartOf":{"@id":"https:\/\/www.minhdu.gov.cm\/#website"},"datePublished":"2022-08-23T13:27:17+00:00","dateModified":"2022-08-23T14:00:33+00:00","breadcrumb":{"@id":"https:\/\/www.minhdu.gov.cm\/discours-du-ministre-lors-de-la-signature-des-contrats-de-ville-de-yaounde-et-de-douala-2-2-2-2-2-2-2-2\/#breadcrumb"},"inLanguage":"en-US","potentialAction":[{"@type":"ReadAction","target":["https:\/\/www.minhdu.gov.cm\/discours-du-ministre-lors-de-la-signature-des-contrats-de-ville-de-yaounde-et-de-douala-2-2-2-2-2-2-2-2\/"]}]},{"@type":"BreadcrumbList","@id":"https:\/\/www.minhdu.gov.cm\/discours-du-ministre-lors-de-la-signature-des-contrats-de-ville-de-yaounde-et-de-douala-2-2-2-2-2-2-2-2\/#breadcrumb","itemListElement":[{"@type":"ListItem","position":1,"name":"Home","item":"https:\/\/www.minhdu.gov.cm\/"},{"@type":"ListItem","position":2,"name":"CEREMONIE D\u2019INAUGURATION OFFICIELLE DU MONUMENT \u2018\u2019PATRIOTE\u2019\u2019 AU BOULEVARD DU 20 MAI,MOT DE MADAME CELESTINE KETCHA EPSE COURTES, MINISTRE DE L\u2019HABITAT ET DU DEVELOPPEMENT URBAIN REPRESENTANTE PERSONNELLE DU CHEF DE L\u2019ETAT, SON EXCELLENCE PAUL BIYA"}]},{"@type":"WebSite","@id":"https:\/\/www.minhdu.gov.cm\/#website","url":"https:\/\/www.minhdu.gov.cm\/","name":"MINHDU","description":"","publisher":{"@id":"https:\/\/www.minhdu.gov.cm\/#organization"},"potentialAction":[{"@type":"SearchAction","target":{"@type":"EntryPoint","urlTemplate":"https:\/\/www.minhdu.gov.cm\/?s={search_term_string}"},"query-input":"required name=search_term_string"}],"inLanguage":"en-US"},{"@type":"Organization","@id":"https:\/\/www.minhdu.gov.cm\/#organization","name":"MINHDU","url":"https:\/\/www.minhdu.gov.cm\/","logo":{"@type":"ImageObject","inLanguage":"en-US","@id":"https:\/\/www.minhdu.gov.cm\/#\/schema\/logo\/image\/","url":"https:\/\/www.minhdu.gov.cm\/wp-content\/uploads\/2022\/06\/minhdu2.png","contentUrl":"https:\/\/www.minhdu.gov.cm\/wp-content\/uploads\/2022\/06\/minhdu2.png","width":250,"height":250,"caption":"MINHDU"},"image":{"@id":"https:\/\/www.minhdu.gov.cm\/#\/schema\/logo\/image\/"},"sameAs":["https:\/\/www.facebook.com\/cameroun.minhdu\/","https:\/\/twitter.com\/cameroun_minhdu"]},{"@type":"Person","@id":"https:\/\/www.minhdu.gov.cm\/#\/schema\/person\/7f9b5a15b2f3c584abe9a7d009c19d79","name":"Michelle ONDOA","image":{"@type":"ImageObject","inLanguage":"en-US","@id":"https:\/\/www.minhdu.gov.cm\/#\/schema\/person\/image\/","url":"https:\/\/secure.gravatar.com\/avatar\/46cf1e505199b6f090134a2687116acf8a0e53bd822d5e21a095bd7a64584085?s=96&d=mm&r=g","contentUrl":"https:\/\/secure.gravatar.com\/avatar\/46cf1e505199b6f090134a2687116acf8a0e53bd822d5e21a095bd7a64584085?s=96&d=mm&r=g","caption":"Michelle ONDOA"},"url":"https:\/\/www.minhdu.gov.cm\/author\/michelle\/"}]}},"_links":{"self":[{"href":"https:\/\/www.minhdu.gov.cm\/wp-json\/wp\/v2\/posts\/8858","targetHints":{"allow":["GET"]}}],"collection":[{"href":"https:\/\/www.minhdu.gov.cm\/wp-json\/wp\/v2\/posts"}],"about":[{"href":"https:\/\/www.minhdu.gov.cm\/wp-json\/wp\/v2\/types\/post"}],"author":[{"embeddable":true,"href":"https:\/\/www.minhdu.gov.cm\/wp-json\/wp\/v2\/users\/3"}],"replies":[{"embeddable":true,"href":"https:\/\/www.minhdu.gov.cm\/wp-json\/wp\/v2\/comments?post=8858"}],"version-history":[{"count":8,"href":"https:\/\/www.minhdu.gov.cm\/wp-json\/wp\/v2\/posts\/8858\/revisions"}],"predecessor-version":[{"id":9022,"href":"https:\/\/www.minhdu.gov.cm\/wp-json\/wp\/v2\/posts\/8858\/revisions\/9022"}],"wp:featuredmedia":[{"embeddable":true,"href":"https:\/\/www.minhdu.gov.cm\/wp-json\/wp\/v2\/media\/8881"}],"wp:attachment":[{"href":"https:\/\/www.minhdu.gov.cm\/wp-json\/wp\/v2\/media?parent=8858"}],"wp:term":[{"taxonomy":"category","embeddable":true,"href":"https:\/\/www.minhdu.gov.cm\/wp-json\/wp\/v2\/categories?post=8858"},{"taxonomy":"post_tag","embeddable":true,"href":"https:\/\/www.minhdu.gov.cm\/wp-json\/wp\/v2\/tags?post=8858"},{"taxonomy":"post_folder","embeddable":true,"href":"https:\/\/www.minhdu.gov.cm\/wp-json\/wp\/v2\/post_folder?post=8858"}],"curies":[{"name":"wp","href":"https:\/\/api.w.org\/{rel}","templated":true}]}}